{"id":743652,"date":"2026-09-02T08:38:30","date_gmt":"2026-09-02T08:38:30","guid":{"rendered":"https:\/\/www.europesays.com\/es\/743652\/"},"modified":"2026-09-02T08:38:30","modified_gmt":"2026-09-02T08:38:30","slug":"ana-rosa-celebra-5-000-programas-en-telecinco-y-apunta-a-su-futuro-quien-sabe-cuantas-mananas-quedan-todavia","status":"publish","type":"post","link":"https:\/\/www.europesays.com\/es\/743652\/","title":{"rendered":"Ana Rosa celebra 5.000 programas en Telecinco y apunta a su futuro: \u00abQui\u00e9n sabe cu\u00e1ntas ma\u00f1anas quedan todav\u00eda\u00bb"},"content":{"rendered":"<p class=\"article-text\">\n        D\u00eda hist\u00f3rico para <strong>El programa de Ana Rosa<\/strong> tras <a href=\"https:\/\/www.eldiario.es\/vertele\/noticias\/ana-rosa-susanna-griso-arrancan-nueva-temporada-ceuta-duros-editoriales-pedro-sanchez_1_13476217.html\" target=\"_blank\" data-mrf-recirculation=\"links-noticia\" class=\"link\" rel=\"nofollow noopener\">arrancar temporada<\/a>. El espacio matinal de <strong>Telecinco <\/strong>ha emitido su <strong>entrega n\u00famero 5.000<\/strong> este martes, 1 de septiembre, cuando se cumplen 21 a\u00f1os desde su estreno. <strong>Ana Rosa Quintana<\/strong> ha querido celebrar este hito poco habitual en televisi\u00f3n, compartiendo unas <strong>sentidas palabras<\/strong> con los espectadores: \u201cQui\u00e9n sabe cu\u00e1ntas ma\u00f1anas quedan todav\u00eda por contar\u201d.\n    <\/p>\n<p>    <a href=\"https:\/\/www.eldiario.es\/vertele\/noticias\/ana-rosa-susanna-griso-arrancan-nueva-temporada-ceuta-duros-editoriales-pedro-sanchez_1_13476217.html\" data-mrf-recirculation=\"saber-mas\" data-dl-event=\"saber-mas\" rel=\"nofollow noopener\" target=\"_blank\"><\/p>\n<p class=\"know-more__title\">Ana Rosa y Susanna Griso arrancan la nueva temporada desde Ceuta con duros editoriales contra Pedro S\u00e1nchez<\/p>\n<p>            <img decoding=\"async\" class=\"lazy\" loading=\"lazy\" data-src=\"https:\/\/static.eldiario.es\/clip\/62b4a938-1e2f-4ef3-bb91-d0fa8c2befeb_16-9-aspect-ratio_default_0.jpg\" src=\"data:image\/svg+xml,%3Csvg xmlns=\" http:=\"\" viewbox=\"0 0 880 495\" alt=\"Ana Rosa y Susanna Griso arrancan la nueva temporada desde Ceuta con duros editoriales contra Pedro S\u00e1nchez\"\/><\/p>\n<p>                        <\/a><\/p>\n<p class=\"article-text\">\n        El desembarco de la periodista la cadena se produjo en <strong>enero de 2005<\/strong>, inaugurando una de las mayores batallas de nuestra peque\u00f1a pantalla. Para sorpresa de la industria,<strong> <\/strong><strong>El programa de AR<\/strong> logr\u00f3 imponerse al <strong>Cada d\u00eda<\/strong> de <strong>Mar\u00eda Teresa Campos<\/strong>. La hasta entonces reina de las ma\u00f1anas, que abandon\u00f3 Telecinco para incorporarse a Antena 3 meses antes, sufri\u00f3 una derrota inesperada a manos de su nueva adversaria.\n    <\/p>\n<p class=\"article-text\">\n        Mucho tiempo ha pasado desde entonces, con contundentes cambios en el panorama medi\u00e1tico. La coyuntura es completamente diferente a la de aquellos d\u00edas, pero Quintana sigue al frente de su programa en Mediaset. \u201c<strong>Hay cifras que se pueden contar. Y hay cifras que se pueden sentir<\/strong>. Hoy estamos de cumplea\u00f1os, porque este programa cumple 5.000 ma\u00f1anas. Miles de horas delante de una c\u00e1mara, miles de historias, de entrevistas, de noticias, de risas y tambi\u00e9n de momentos dif\u00edciles\u201d, ha se\u00f1alado.\n    <\/p>\n<p class=\"article-text\">\n        El magac\u00edn, producido por <strong>Unicorn Content <\/strong>en la actualidad, lleva m\u00e1s de dos d\u00e9cadas \u201centrando en las casas de millones de personas para contarles qu\u00e9 estaba pasando\u201d: \u201cHay <strong>compa\u00f1eros <\/strong>que estuvieron al principio, otros que se incorporaron por el camino y otros que <strong>se fueron para siempre<\/strong> y que guardamos en nuestra memoria. Tenemos compa\u00f1eros que nacieron el mismo a\u00f1o en el que comenz\u00f3 este programa. <strong>Han venido al mundo 65 beb\u00e9s<\/strong> en este programa y ahora <strong>muchos de ellos est\u00e1n en la universidad<\/strong>\u201d.\n    <\/p>\n<p>            <img decoding=\"async\" class=\"lazy\" loading=\"lazy\" data-src=\"https:\/\/static.eldiario.es\/clip\/b158568e-b355-4f89-8c87-ea00439225c5_16-9-discover-aspect-ratio_default_0.jpg\" src=\"data:image\/svg+xml,%3Csvg xmlns=\" http:=\"\" viewbox=\"0 0 1200 675\" alt=\"Ana Rosa Quintana, en su editorial\"\/><\/p>\n<p>    \u201c5.000 programas son tambi\u00e9n 5.000 recuerdos\u201d<\/p>\n<p class=\"article-text\">\n        A continuaci\u00f3n, la presentadora ha hecho hincapi\u00e9 precisamente en la evoluci\u00f3n tecnol\u00f3gica: \u201cCuando empez\u00f3 este programa no exist\u00eda WhatsApp, ni pantallas t\u00e1ctiles, no exist\u00eda YouTube, no exist\u00eda el iPhone, ni Twitter, ni Facebook,\u201d. Es m\u00e1s, \u201c<strong>Juan Pablo II <\/strong>segu\u00eda siendo Papa, <strong>George Bush <\/strong>presid\u00eda los Estados Unidos, <strong>Zapatero <\/strong>acababa de llegar a La Moncloa y el <strong>tsunami del \u00cdndico<\/strong> acababa de arrasar Asia\u201d. En definitiva, un contexto muy distinto al de nuestros d\u00edas.\n    <\/p>\n<p>    <a href=\"https:\/\/www.eldiario.es\/vertele\/series\/11-mejores-series-estreno-septiembre-mes-regresos-internacionales-renombre-adaptacion-reverte_1_13471777.html\" data-mrf-recirculation=\"saber-mas-abajo\" data-dl-event=\"saber-mas-abajo\" rel=\"nofollow noopener\" target=\"_blank\"><\/p>\n<p class=\"know-more__title\">Las 11 mejores series de septiembre, un mes con regresos internacionales de renombre y una adaptaci\u00f3n de Reverte<\/p>\n<p>            <img decoding=\"async\" class=\"lazy\" loading=\"lazy\" data-src=\"https:\/\/static.eldiario.es\/clip\/62abcffd-83d3-4c3d-bbfb-134a15fd09d8_16-9-aspect-ratio_default_0.jpg\" src=\"data:image\/svg+xml,%3Csvg xmlns=\" http:=\"\" viewbox=\"0 0 880 495\" alt=\"Las 11 mejores series de septiembre, un mes con regresos internacionales de renombre y una adaptaci\u00f3n de Reverte\"\/><\/p>\n<p>                        <\/a><\/p>\n<p class=\"article-text\">\n        La maestra de ceremonias ha aludido justo despu\u00e9s a los espectadores: \u201c<strong>5.000 programas son tambi\u00e9n 5.000 recuerdos<\/strong> de quienes estaban viendo la televisi\u00f3n mientras desayunaban, antes de ir a trabajar, mientras cuidaban de sus hijos, durante una enfermedad, en un momento feliz o simplemente mientras comenzaba un d\u00eda cualquiera\u201d. Finalmente, ha llegado el momento de \u201ccelebrar el privilegio\u201d: \u201cCumplir 5.000 programas no es solo haber durado. Despu\u00e9s de 5.000, <strong>qui\u00e9n sabe cu\u00e1ntas ma\u00f1anas quedan todav\u00eda por contar<\/strong>. Muchas gracias por acompa\u00f1arnos\u201d.\n    <\/p>\n","protected":false},"excerpt":{"rendered":"D\u00eda hist\u00f3rico para El programa de Ana Rosa tras arrancar temporada. El espacio matinal de Telecinco ha emitido&hellip;\n","protected":false},"author":2,"featured_media":743653,"comment_status":"","ping_status":"","sticky":false,"template":"","format":"standard","meta":{"footnotes":""},"categories":[171],"tags":[4927,683,6951,146,147,25,24,2848,20211,24025,12287,2465,23,692,33816,214],"class_list":["post-743652","post","type-post","status-publish","format-standard","has-post-thumbnail","category-tv","tag-4927","tag-ana","tag-celebra","tag-entertainment","tag-entretenimiento","tag-es","tag-espana","tag-futuro","tag-mananas","tag-programas","tag-quedan","tag-rosa","tag-spain","tag-telecinco","tag-todavia","tag-tv"],"share_on_mastodon":{"url":"https:\/\/pubeurope.com\/@es\/117200545600456725","error":""},"_links":{"self":[{"href":"https:\/\/www.europesays.com\/es\/wp-json\/wp\/v2\/posts\/743652","targetHints":{"allow":["GET"]}}],"collection":[{"href":"https:\/\/www.europesays.com\/es\/wp-json\/wp\/v2\/posts"}],"about":[{"href":"https:\/\/www.europesays.com\/es\/wp-json\/wp\/v2\/types\/post"}],"author":[{"embeddable":true,"href":"https:\/\/www.europesays.com\/es\/wp-json\/wp\/v2\/users\/2"}],"replies":[{"embeddable":true,"href":"https:\/\/www.europesays.com\/es\/wp-json\/wp\/v2\/comments?post=743652"}],"version-history":[{"count":0,"href":"https:\/\/www.europesays.com\/es\/wp-json\/wp\/v2\/posts\/743652\/revisions"}],"wp:featuredmedia":[{"embeddable":true,"href":"https:\/\/www.europesays.com\/es\/wp-json\/wp\/v2\/media\/743653"}],"wp:attachment":[{"href":"https:\/\/www.europesays.com\/es\/wp-json\/wp\/v2\/media?parent=743652"}],"wp:term":[{"taxonomy":"category","embeddable":true,"href":"https:\/\/www.europesays.com\/es\/wp-json\/wp\/v2\/categories?post=743652"},{"taxonomy":"post_tag","embeddable":true,"href":"https:\/\/www.europesays.com\/es\/wp-json\/wp\/v2\/tags?post=743652"}],"curies":[{"name":"wp","href":"https:\/\/api.w.org\/{rel}","templated":true}]}}