{"id":743666,"date":"2026-09-02T08:47:18","date_gmt":"2026-09-02T08:47:18","guid":{"rendered":"https:\/\/www.europesays.com\/es\/743666\/"},"modified":"2026-09-02T08:47:18","modified_gmt":"2026-09-02T08:47:18","slug":"los-estadounidenses-odian-tanto-el-lago-america-como-la-guerra-comercial-de-trump-con-canada","status":"publish","type":"post","link":"https:\/\/www.europesays.com\/es\/743666\/","title":{"rendered":"Los estadounidenses odian tanto el \u00ablago Am\u00e9rica\u00bb \u200b\u200bcomo la guerra comercial de Trump con Canad\u00e1"},"content":{"rendered":"<p>      CNN\u00a0\u2014\u00a0\n    <\/p>\n<p class=\"paragraph inline-placeholder vossi-paragraph\" data-uri=\"es.cms.cnn.com\/_components\/paragraph\/instances\/cmtjmqt5i007m27p88usph1ev@published\" data-editable=\"text\" data-component-name=\"paragraph\" data-article-gutter=\"true\">\n            El presidente Donald Trump ha vuelto a complicar las oportunidades para sus compa\u00f1eros republicanos en la recta final hacia las elecciones de mitad de mandato de 2026.\n    <\/p>\n<p class=\"paragraph inline-placeholder vossi-paragraph\" data-uri=\"es.cms.cnn.com\/_components\/paragraph\/instances\/cmtjmsjf30005356r9a06m881@published\" data-editable=\"text\" data-component-name=\"paragraph\" data-article-gutter=\"true\">\n            Su nueva guerra comercial con Canad\u00e1 y su decisi\u00f3n relacionada de cambiar el nombre del <a href=\"https:\/\/www.cnn.com\/2026\/08\/28\/politics\/trump-lake-america-unpopular\" rel=\"nofollow noopener\" target=\"_blank\">lago Ontario a \u201clago Am\u00e9rica\u201d<\/a> \u200b\u200bson las \u00faltimas de una serie de acciones impopulares.\n    <\/p>\n<p class=\"paragraph inline-placeholder vossi-paragraph\" data-uri=\"es.cms.cnn.com\/_components\/paragraph\/instances\/cmtjmsjf40006356rqb052yip@published\" data-editable=\"text\" data-component-name=\"paragraph\" data-article-gutter=\"true\">\n            De hecho, nuevas encuestas sugieren que son incluso m\u00e1s impopulares que los aranceles anteriores de Trump y sus intentos de renombrar otras cosas.\n    <\/p>\n<p class=\"paragraph inline-placeholder vossi-paragraph\" data-uri=\"es.cms.cnn.com\/_components\/paragraph\/instances\/cmtjmsjf40007356r0v9hd342@published\" data-editable=\"text\" data-component-name=\"paragraph\" data-article-gutter=\"true\">\n            Una <a href=\"https:\/\/www.ipsos.com\/en-us\/facing-trade-dispute-majority-americans-want-us-make-tradeoffs-canada\" target=\"_blank\" rel=\"nofollow noopener\">encuesta de Reuters-Ipsos<\/a> realizada en los \u00faltimos d\u00edas es el primer sondeo de calidad que pone a prueba el renovado <a href=\"https:\/\/www.cnn.com\/2026\/08\/25\/business\/canada-us-tariffs-american-consumers\" rel=\"nofollow noopener\" target=\"_blank\">enfrentamiento de Trump con Canad\u00e1<\/a>.\n    <\/p>\n<p class=\"paragraph inline-placeholder vossi-paragraph\" data-uri=\"es.cms.cnn.com\/_components\/paragraph\/instances\/cmtjmsjf40008356rofx1t9tw@published\" data-editable=\"text\" data-component-name=\"paragraph\" data-article-gutter=\"true\">\n            Los datos muestran que los estadounidenses se oponen a la orden ejecutiva del presidente de cambiar el nombre del lago Ontario a \u201clago Am\u00e9rica\u201d \u200b\u200ben un 63 % frente a un 14 %, mientras que el resto est\u00e1 indeciso.\n    <\/p>\n<p class=\"paragraph inline-placeholder vossi-paragraph\" data-uri=\"es.cms.cnn.com\/_components\/paragraph\/instances\/cmtjmsjf40009356rsvf6smbg@published\" data-editable=\"text\" data-component-name=\"paragraph\" data-article-gutter=\"true\">\n            Esa diferencia de m\u00e1s de 4 a 1 es a\u00fan m\u00e1s abrumadora que cuando Trump intent\u00f3 cambiar el nombre del golfo de M\u00e9xico a \u201cgolfo de Am\u00e9rica\u201d \u200b\u200bel a\u00f1o pasado. En aquel entonces, las encuestas mostraban que m\u00e1s de 7 de cada 10 estadounidenses se opon\u00edan. Pero <a href=\"https:\/\/www.cnn.com\/2026\/08\/28\/politics\/trump-lake-america-unpopular\" rel=\"nofollow noopener\" target=\"_blank\">el apoyo era aproximadamente el doble<\/a>, en promedio.\n    <\/p>\n<p class=\"paragraph inline-placeholder vossi-paragraph\" data-uri=\"es.cms.cnn.com\/_components\/paragraph\/instances\/cmtjmsjf5000f356ruc8uiye1@published\" data-editable=\"text\" data-component-name=\"paragraph\" data-article-gutter=\"true\">\n            La nueva encuesta tambi\u00e9n muestra que los opositores ac\u00e9rrimos (52 %) superan en n\u00famero a los partidarios ac\u00e9rrimos (7 %) en una proporci\u00f3n de aproximadamente 7 a 1.\n    <\/p>\n<p class=\"paragraph inline-placeholder vossi-paragraph\" data-uri=\"es.cms.cnn.com\/_components\/paragraph\/instances\/cmtjmsjf5000g356rva6edq4c@published\" data-editable=\"text\" data-component-name=\"paragraph\" data-article-gutter=\"true\">\n            Incluso los propios republicanos de Trump se oponen a cambiar el nombre del lago Ontario, con un 43 % frente a un 33 %.\n    <\/p>\n<p class=\"paragraph inline-placeholder vossi-paragraph\" data-uri=\"es.cms.cnn.com\/_components\/paragraph\/instances\/cmtjmsjf5000h356runj2hnit@published\" data-editable=\"text\" data-component-name=\"paragraph\" data-article-gutter=\"true\">\n            La decisi\u00f3n de Trump de cambiar el nombre del lago se debe a las crecientes tensiones por su disputa comercial con Canad\u00e1 (aunque el lago Ontario recibi\u00f3 su nombre mucho antes que la provincia canadiense).\n    <\/p>\n<p class=\"paragraph inline-placeholder vossi-paragraph\" data-uri=\"es.cms.cnn.com\/_components\/paragraph\/instances\/cmtjmsjf5000i356ro49ch0rh@published\" data-editable=\"text\" data-component-name=\"paragraph\" data-article-gutter=\"true\">\n            Y esa disputa comercial no goza de mejor reputaci\u00f3n en la opini\u00f3n p\u00fablica.\n    <\/p>\n<p class=\"paragraph inline-placeholder vossi-paragraph\" data-uri=\"es.cms.cnn.com\/_components\/paragraph\/instances\/cmtjmsjf5000j356rgdm0eics@published\" data-editable=\"text\" data-component-name=\"paragraph\" data-article-gutter=\"true\">\n            La nueva encuesta muestra que los estadounidenses se oponen a los nuevos aranceles de Trump a Canad\u00e1 en una proporci\u00f3n de casi 3 a 1, 57 %-20 %.\n    <\/p>\n<p class=\"paragraph inline-placeholder vossi-paragraph\" data-uri=\"es.cms.cnn.com\/_components\/paragraph\/instances\/cmtjmsjf6000k356rqql6mw2b@published\" data-editable=\"text\" data-component-name=\"paragraph\" data-article-gutter=\"true\">\n            Los aranceles de Trump llevan mucho tiempo teniendo una mala acogida en las encuestas, sobre todo teniendo en cuenta que la inflaci\u00f3n y el mercado laboral se han mantenido estancados durante los \u00faltimos 18 meses. Pero este es uno de los peores resultados hasta la fecha.\n    <\/p>\n<p class=\"paragraph inline-placeholder vossi-paragraph\" data-uri=\"es.cms.cnn.com\/_components\/paragraph\/instances\/cmtjmsjf6000l356rit1s6b7t@published\" data-editable=\"text\" data-component-name=\"paragraph\" data-article-gutter=\"true\">\n            Seg\u00fan una encuesta de Reuters realizada en diciembre, los estadounidenses <a href=\"https:\/\/www.ipsos.com\/sites\/default\/files\/ct\/news\/documents\/2025-12\/Reuters%20Ipsos%20Large%20Sample%20Poll%206%20December%202025%20Topline.pdf\" target=\"_blank\" rel=\"nofollow noopener\">se opon\u00edan a los aranceles de Trump en general, con un 53 % frente a un 23 %<\/a>. Y cuando Trump anunci\u00f3 inicialmente aranceles a los productos canadienses a principios de 2025, los estadounidenses <a href=\"https:\/\/www.ipsos.com\/sites\/default\/files\/ct\/news\/documents\/2025-02\/Reuters%20Ipsos%20Large%20Sample%20Poll%201%20February%202025%20Topline.pdf\" target=\"_blank\" rel=\"nofollow noopener\">lo rechazaban en un 59 % frente a un 36 %<\/a>.\n    <\/p>\n<p class=\"paragraph inline-placeholder vossi-paragraph\" data-uri=\"es.cms.cnn.com\/_components\/paragraph\/instances\/cmtjmsjf6000m356rvztbk4x6@published\" data-editable=\"text\" data-component-name=\"paragraph\" data-article-gutter=\"true\">\n            Solo el 9 % apoya firmemente los nuevos aranceles, mientras que el 43 % se opone rotundamente. Los republicanos se inclinan solo ligeramente a favor, con un 44 % frente a un 33 %.\n    <\/p>\n<p class=\"paragraph inline-placeholder vossi-paragraph\" data-uri=\"es.cms.cnn.com\/_components\/paragraph\/instances\/cmtjmsjf6000n356r4fe956s8@published\" data-editable=\"text\" data-component-name=\"paragraph\" data-article-gutter=\"true\">\n            Y eso no es todo:\n    <\/p>\n<ul data-editable=\"items\" class=\"list__items list__items--ul vossi-list__items vossi-list__items--ul\">\n<li data-editable=\"items.0.text\" class=\"list__item vossi-list__item inline-placeholder\">\n<p>            A pesar de que Trump culpa a Canad\u00e1 de la escalada, un n\u00famero significativamente mayor de estadounidenses afirma que Estados Unidos es m\u00e1s responsable de la disputa (46 %) que Canad\u00e1 (12 %).<\/p>\n<\/li>\n<li data-editable=\"items.1.text\" class=\"list__item vossi-list__item inline-placeholder\">\n<p>            Diez veces m\u00e1s personas esperan que los aranceles perjudiquen principalmente su situaci\u00f3n financiera personal (40 %) en lugar de ayudarla (4 %).<\/p>\n<\/li>\n<li data-editable=\"items.2.text\" class=\"list__item vossi-list__item inline-placeholder\">\n<p>            Los estadounidenses afirman, en un 68 % frente a un 25 %, que prefieren que Estados Unidos no adopte una postura inflexible en las negociaciones, \u201caunque eso signifique no conseguir la mayor parte de lo que quiere\u201d.<\/p>\n<\/li>\n<\/ul>\n<p class=\"paragraph inline-placeholder vossi-paragraph\" data-uri=\"es.cms.cnn.com\/_components\/paragraph\/instances\/cmtjmsjf7000p356raqcpkbyk@published\" data-editable=\"text\" data-component-name=\"paragraph\" data-article-gutter=\"true\">\n            En otras palabras, hay muy poco inter\u00e9s en un enfrentamiento con Canad\u00e1. Incluso casi la mitad de los republicanos apoyan un enfoque m\u00e1s conciliador.\n    <\/p>\n<p class=\"paragraph inline-placeholder vossi-paragraph\" data-uri=\"es.cms.cnn.com\/_components\/paragraph\/instances\/cmtjmsjf7000q356ryyc0cyaw@published\" data-editable=\"text\" data-component-name=\"paragraph\" data-article-gutter=\"true\">\n            Y ese es el denominador com\u00fan de casi todos estos hallazgos. Casi nadie pide lo que Trump ofrece, con un apoyo s\u00f3lido que suele ser m\u00ednimo e incluso tibio dentro de su propio partido. Pero \u00e9l ha decidido seguir adelante.\n    <\/p>\n<p>       <img loading=\"lazy\" decoding=\"async\" src=\"https:\/\/www.europesays.com\/es\/wp-content\/uploads\/2026\/09\/gettyimages-2291728135.jpg\" alt=\"US President Donald Trump, alongside Secretary of the Interior Doug Burgum, displays an executive order he signed that aims to rename Lake Ontario to Lake America in the Oval Office of the White House in Washington, DC, on August 27, 2026. President Donald Trump announced Thursday that he is renaming Lake Ontario -- a large body of water shared by the United States and Canada -- \" lake=\"\" america.=\"\" trump=\"\" signed=\"\" an=\"\" order=\"\" in=\"\" the=\"\" white=\"\" house=\"\" telling=\"\" reporters=\"\" change=\"\" was=\"\" immediately.=\"\" by=\"\" jim=\"\" watson=\"\" afp=\"\" via=\"\" getty=\"\" images=\"\" class=\"image__dam-img image__dam-img--loading\" onload=\"this.classList.remove('image__dam-img--loading')\" onerror=\"imageLoadError(this)\" height=\"5155\" width=\"7732\"\/><\/p>\n<p>\u201cAhora todo lo que necesitamos es un oc\u00e9ano\u201d , dice Trump tras cambiar el nombre del lago Ontario por \u201clago Am\u00e9rica\u201d\n                <\/p>\n<p>\u201cAhora todo lo que necesitamos es un oc\u00e9ano\u201d , dice Trump tras cambiar el nombre del lago Ontario por \u201clago Am\u00e9rica\u201d<\/p>\n<p>        00:58<\/p>\n<p class=\"paragraph inline-placeholder vossi-paragraph\" data-uri=\"es.cms.cnn.com\/_components\/paragraph\/instances\/cmtjmsjf8000u356rnai20xav@published\" data-editable=\"text\" data-component-name=\"paragraph\" data-article-gutter=\"true\">\n            A\u00fan est\u00e1 por verse si esto tendr\u00e1 alguna importancia en las pr\u00f3ximas elecciones y en qu\u00e9 medida.\n    <\/p>\n<p class=\"paragraph inline-placeholder vossi-paragraph\" data-uri=\"es.cms.cnn.com\/_components\/paragraph\/instances\/cmtjmsjf8000v356rwvval3l9@published\" data-editable=\"text\" data-component-name=\"paragraph\" data-article-gutter=\"true\">\n            Algunos republicanos se han mostrado preocupados de que los aranceles canadienses puedan perjudicar desproporcionadamente sus esfuerzos por mantener el control del Senado, dado que muchas de las contiendas m\u00e1s re\u00f1idas se dan en estados fronterizos con Canad\u00e1: Alaska, Maine, Michigan y Ohio.\n    <\/p>\n<p class=\"paragraph inline-placeholder vossi-paragraph\" data-uri=\"es.cms.cnn.com\/_components\/paragraph\/instances\/cmtjmsjf8000w356rn47o1v5p@published\" data-editable=\"text\" data-component-name=\"paragraph\" data-article-gutter=\"true\">\n            Pero el enfrentamiento con Canad\u00e1 tambi\u00e9n podr\u00eda perjudicar a Trump de forma m\u00e1s general, al reforzar la idea de que est\u00e1 <a href=\"https:\/\/www.cnn.com\/2026\/08\/14\/politics\/trump-kennedy-center-ballroom\" rel=\"nofollow noopener\" target=\"_blank\">centrado en cosas distintas a la bajada de precios<\/a> y que podr\u00eda seguir haciendo cosas que los eleven (como la guerra con Ir\u00e1n).\n    <\/p>\n<p class=\"paragraph inline-placeholder vossi-paragraph\" data-uri=\"es.cms.cnn.com\/_components\/paragraph\/instances\/cmtjmsjf8000x356rbwypz8xm@published\" data-editable=\"text\" data-component-name=\"paragraph\" data-article-gutter=\"true\">\n            Quiz\u00e1s por eso estos aranceles y su intento de cambiar el nombre parecen a\u00fan m\u00e1s impopulares que intentos similares anteriores.\n    <\/p>\n<p class=\"paragraph inline-placeholder vossi-paragraph\" data-uri=\"es.cms.cnn.com\/_components\/paragraph\/instances\/cmtjmsjf8000y356r2ex54vr6@published\" data-editable=\"text\" data-component-name=\"paragraph\" data-article-gutter=\"true\">\n            Imag\u00ednense antes de 2025 a un presidente organizando un evento en la Casa Blanca \u2014como <a href=\"https:\/\/www.cnn.com\/2026\/08\/27\/politics\/trump-canada-lake-ontario-america\" rel=\"nofollow noopener\" target=\"_blank\">hizo Trump con el proyecto \u201clago Am\u00e9rica\u201d<\/a> \u2014 para una iniciativa que solo cuenta con el apoyo del 14 % de los estadounidenses. Es pr\u00e1cticamente impensable.\n    <\/p>\n<p class=\"paragraph inline-placeholder vossi-paragraph\" data-uri=\"es.cms.cnn.com\/_components\/paragraph\/instances\/cmtjmsjf9000z356r79vlx8cj@published\" data-editable=\"text\" data-component-name=\"paragraph\" data-article-gutter=\"true\">\n            Pero en el segundo mandato de Trump, es lo habitual.\n    <\/p>\n","protected":false},"excerpt":{"rendered":"CNN\u00a0\u2014\u00a0 El presidente Donald Trump ha vuelto a complicar las oportunidades para sus compa\u00f1eros republicanos en la recta&hellip;\n","protected":false},"author":2,"featured_media":743667,"comment_status":"","ping_status":"","sticky":false,"template":"","format":"standard","meta":{"footnotes":""},"categories":[42],"tags":[17,18,3730,352,13,14,5850,11,61,62,63,64,131980,19,20,9,10,15,16,12,21,22,65,66,67],"class_list":["post-743666","post","type-post","status-publish","format-standard","has-post-thumbnail","category-internacional","tag-breaking-news","tag-breakingnews","tag-canada","tag-donald-trump","tag-featured-news","tag-featurednews","tag-guerra-comercial","tag-headlines","tag-internacional","tag-international","tag-international-news","tag-internationalnews","tag-lago-ontario","tag-latest-news","tag-latestnews","tag-news","tag-noticias","tag-noticias-destacadas","tag-noticiasdestacadas","tag-titulares","tag-ultimas-noticias","tag-ultimasnoticias","tag-world","tag-world-news","tag-worldnews"],"share_on_mastodon":{"url":"https:\/\/pubeurope.com\/@es\/117200582371358517","error":""},"_links":{"self":[{"href":"https:\/\/www.europesays.com\/es\/wp-json\/wp\/v2\/posts\/743666","targetHints":{"allow":["GET"]}}],"collection":[{"href":"https:\/\/www.europesays.com\/es\/wp-json\/wp\/v2\/posts"}],"about":[{"href":"https:\/\/www.europesays.com\/es\/wp-json\/wp\/v2\/types\/post"}],"author":[{"embeddable":true,"href":"https:\/\/www.europesays.com\/es\/wp-json\/wp\/v2\/users\/2"}],"replies":[{"embeddable":true,"href":"https:\/\/www.europesays.com\/es\/wp-json\/wp\/v2\/comments?post=743666"}],"version-history":[{"count":0,"href":"https:\/\/www.europesays.com\/es\/wp-json\/wp\/v2\/posts\/743666\/revisions"}],"wp:featuredmedia":[{"embeddable":true,"href":"https:\/\/www.europesays.com\/es\/wp-json\/wp\/v2\/media\/743667"}],"wp:attachment":[{"href":"https:\/\/www.europesays.com\/es\/wp-json\/wp\/v2\/media?parent=743666"}],"wp:term":[{"taxonomy":"category","embeddable":true,"href":"https:\/\/www.europesays.com\/es\/wp-json\/wp\/v2\/categories?post=743666"},{"taxonomy":"post_tag","embeddable":true,"href":"https:\/\/www.europesays.com\/es\/wp-json\/wp\/v2\/tags?post=743666"}],"curies":[{"name":"wp","href":"https:\/\/api.w.org\/{rel}","templated":true}]}}