{"id":743676,"date":"2026-09-02T08:57:35","date_gmt":"2026-09-02T08:57:35","guid":{"rendered":"https:\/\/www.europesays.com\/es\/743676\/"},"modified":"2026-09-02T08:57:35","modified_gmt":"2026-09-02T08:57:35","slug":"laura-gil-y-el-baloncesto-que-quiere-dejar","status":"publish","type":"post","link":"https:\/\/www.europesays.com\/es\/743676\/","title":{"rendered":"Laura Gil y el baloncesto que quiere dejar"},"content":{"rendered":"<p style=\"\">Hay cosas que no aparecen en una estad\u00edstica. No se pueden medir con puntos, rebotes, asistencias ni medallas. Tampoco caben en un palmar\u00e9s. A veces  &#8230; ocurren en una conversaci\u00f3n despu\u00e9s de un entrenamiento, en una jugadora que aprende a aceptar un error sin bajar la cabeza o en una otra que descubre que los nervios antes de un partido no significan que no est\u00e9 preparada. Es ah\u00ed donde Laura Gil (Murcia, 34 a\u00f1os) quiere dejar ahora su huella, despu\u00e9s de hacerlo durante tantas temporadas en la pista.<\/p>\n<p class=\"v-d-p\" style=\"\">Hasta hace poco, los veranos de la mejor jugadora de baloncesto que ha dado la Regi\u00f3n de Murcia estuvieron marcados por la selecci\u00f3n espa\u00f1ola. Cuando terminaba una temporada, apenas quedaba tiempo para detenerse o para trabajar en otros proyectos. \u00abLlevaba varios a\u00f1os queriendo hacer un campus, pero los pocos momentos que me dejaban libres los compromisos con la selecci\u00f3n los empleaba en descansar y en estar con mi familia. Por eso ahora era la situaci\u00f3n ideal\u00bb, explica.<\/p>\n<p class=\"v-d-p\" style=\"\">Esta postemporada, por fin, encontr\u00f3 el momento, el lugar y el compa\u00f1ero de viaje. As\u00ed naci\u00f3 la primera edici\u00f3n de la Women Basketball Academy-Laura Gil, un campus celebrado durante una semana en el Centro de Alto Rendimiento de Los Narejos con una premisa que va mucho m\u00e1s all\u00e1 de ense\u00f1ar a jugar al baloncesto: ayudar a las j\u00f3venes a crecer como jugadoras, pero tambi\u00e9n como personas.<\/p>\n<p class=\"v-a-t\">\n\u00abCuando fich\u00e9 por el Hozono Global Jairis vi que ellos tambi\u00e9n maduraban esta idea y hemos ido de la mano en el campus\u00bb, dice\n<\/p>\n<p class=\"v-d-p\" style=\"\">La idea llevaba tiempo rondando la cabeza de la murciana. \u00abempec\u00e9 a idear el campus la temporada pasada, cuando estaba en Polonia. Despu\u00e9s, cuando fich\u00e9 por el Hozono Global Jairis vi que ellos tambi\u00e9n maduraban esta idea y hemos ido de la mano\u00bb, cuenta Gil. El proyecto termin\u00f3 tomando forma este verano y reuni\u00f3 a jugadoras de entre 12 y 20 a\u00f1os (tambi\u00e9n hab\u00eda m\u00e1s peque\u00f1as de forma externa), procedentes de la Regi\u00f3n, de otros puntos de Espa\u00f1a e incluso de Escocia.<\/p>\n<p class=\"v-d-p\" style=\"\">Este proyecto no era un campus convencional. Los grupos se organizaron de forma reducida y homog\u00e9nea, con unas seis o siete jugadoras de una misma generaci\u00f3n, para que el trabajo pudiera ser mucho m\u00e1s personalizado. La intenci\u00f3n era que cada una pudiera detectar aquello que necesitaba mejorar y trabajar sobre las conductas que realmente determinan el rendimiento dentro de la pista.<\/p>\n<p>\nCompa\u00f1eros de viaje\n<\/p>\n<p class=\"v-d-p\" style=\"\">Para ello, Laura Gil quiso rodearse de entrenadores de primer nivel. Por Los Narejos pasaron t\u00e9cnicos como Franky Garc\u00eda, Bernat Canut, Lucas P\u00e9rez, Miguel \u00c1ngel Ortega, V\u00edctor Verd\u00fa, Quini Garc\u00eda o Dani Mi\u00f1arro. Pero el baloncesto era solo una parte de lo que Laura quer\u00eda transmitir.<\/p>\n<p class=\"v-a-t\">\n\u00abSe habla mucho de la salud mental, pero la figura del psic\u00f3logo sigue sin estar muy presente en los equipos profesionales\u00bb\n<\/p>\n<p class=\"v-d-p\" style=\"\">Quiz\u00e1 la mejor manera de entender qu\u00e9 quer\u00eda construir Laura Gil sea escucharla hablar de la ni\u00f1a que fue: \u00abcuando ten\u00eda su edad, so\u00f1aba con crecer en un entorno donde las ni\u00f1as del baloncesto tuvieran su propio espacio, un lugar donde aprender, mejorar, equivocarse sin miedo y sentirse acompa\u00f1adas por referentes femeninos\u00bb.<\/p>\n<p class=\"v-d-p\" style=\"\">Por eso naci\u00f3 la academia. \u00abQuiero que teng\u00e1is lo que a m\u00ed me hubiera gustado vivir\u00bb, les dijo a las participantes. No es una frase menor. Detr\u00e1s hay una carrera entera. La de una jugadora que empez\u00f3 muy joven, que recorri\u00f3 el camino hacia la \u00e9lite, que aprendi\u00f3 a competir al m\u00e1ximo nivel y que ahora quiere ahorrar a las siguientes generaciones algunas de las dudas que ella misma tuvo que afrontar.<\/p>\n<p class=\"v-d-p\" style=\"\">Laura quiso que la psicolog\u00eda deportiva tuviera un espacio propio y relevante. Porque hay una parte del deporte que no se entrena \u00fanicamente corriendo, lanzando a canasta o repitiendo movimientos. Tambi\u00e9n hay que aprender a gestionar lo que ocurre dentro de la cabeza.<\/p>\n<p class=\"v-d-p\" style=\"\">Durante una semana, las participantes trabajaron junto a profesionales de la preparaci\u00f3n f\u00edsica, la fisioterapia, la nutrici\u00f3n y la psicolog\u00eda deportiva. Con Saray Arocena, con quien Laura coincidi\u00f3 durante su etapa en Hondarribia, se puso el foco en algo que para la jugadora murciana resulta esencial: aprender a convivir con la presi\u00f3n y con otros factores con los que lidian los deportistas.<\/p>\n<p class=\"v-a-t\">\n\u00abDe peque\u00f1a so\u00f1aba con crecer en un entorno donde las ni\u00f1as del baloncesto tuvieran su propio espacio\u00bb, subraya la p\u00edvot murciana\n<\/p>\n<p class=\"v-d-p\" style=\"\">Los nervios antes de competir. La frustraci\u00f3n cuando las cosas no salen. Las dudas. Las inseguridades. Las pulsaciones que se disparan. El miedo a equivocarse. La comparaci\u00f3n con las compa\u00f1eras. El equilibrio entre los estudios y el deporte. Incluso la identificaci\u00f3n de situaciones de bullying. \u00abLa psicolog\u00eda estuvo presente en este campus porque durante el juego y la vida aparecen momentos en los que no sabemos gestionar lo que sentimos\u00bb, se\u00f1ala.<\/p>\n<p class=\"v-d-p\" style=\"\">Laura Gil no habla desde la teor\u00eda, lo hace desde su propia experiencia: \u00abojal\u00e1 alguien me hubiera explicado lo valioso que es aprender a manejar la cabeza, entender mis emociones y saber recuperarme de los d\u00edas dif\u00edciles\u00bb.<\/p>\n<p class=\"v-d-p\" style=\"\">Es probablemente uno de los aprendizajes que m\u00e1s quiere dejar a las jugadoras. Porque Laura Gil sabe que el talento no siempre es suficiente. Que una carrera deportiva est\u00e1 llena de momentos en los que una jugadora puede sentirse perdida, frustrada o presionada. Y que saber manejar esas situaciones puede ser tan importante como tener una buena mano para el tiro o una gran capacidad defensiva. \u00abDesde hace unos a\u00f1os se habla mucho de la salud mental, pero la figura del psic\u00f3logo sigue sin estar muy presente en los equipos profesionales y a m\u00ed la m\u00eda particular me ha ayudado much\u00edsimo\u00bb, reconoce.<\/p>\n<p>\nSalud mental\n<\/p>\n<p class=\"v-d-p\" style=\"\">Por eso quiso llevar esa conversaci\u00f3n hasta las j\u00f3venes. Hablar de salud mental cuando todav\u00eda est\u00e1n construyendo su identidad deportiva. Ense\u00f1arles que pedir ayuda no es una debilidad. Que un mal partido no define a una jugadora. Que sentirse nerviosa no significa ser peor. Que fracasar forma parte del aprendizaje. Y, sobre todo, que no hay un \u00fanico camino.<\/p>\n<p class=\"v-d-p\" style=\"\">En un deporte en el que muchas ni\u00f1as comienzan muy pronto a medir su futuro en t\u00e9rminos de selecciones, categor\u00edas y contratos, Laura quiso transmitirles tambi\u00e9n que el camino hacia el baloncesto profesional no es una carretera recta. Habr\u00e1 curvas, momentos de duda, cambios de direcci\u00f3n y oportunidades que aparecer\u00e1n cuando menos se esperan.<\/p>\n<p class=\"v-d-p\" style=\"\">Durante el campus, adem\u00e1s, las jugadoras tuvieron la oportunidad de convivir con m\u00e1s referentes femeninos. Una de ellas fue Isabel Latorre, jugadora del Movistar Estudiantes y tambi\u00e9n nacida en Alcantarilla. Para muchas de aquellas ni\u00f1as, poder compartir pista y experiencias con jugadoras que ya han recorrido parte del camino supone algo m\u00e1s que una actividad dentro del programa. Es la posibilidad de mirar a alguien y pensar: \u00abyo tambi\u00e9n puedo\u00bb.<\/p>\n<p>\nCercan\u00eda\n<\/p>\n<p class=\"v-d-p\" style=\"\">Fue una semana compartiendo desayunos, entrenamientos, comidas, conversaciones y momentos cotidianos con la jugadora de baloncesto m\u00e1s laureada de Espa\u00f1a. Unos d\u00edas en los que aquellas ni\u00f1as pudieron conocer a Laura Gil no solo como la internacional de la selecci\u00f3n, la campeona o la jugadora que ha construido uno de los grandes palmar\u00e9s del deporte murciano, sino como una persona cercana a la que pod\u00edan preguntar, escuchar y observar.<\/p>\n<p class=\"v-d-p\" style=\"\">Ese contacto tambi\u00e9n era parte de la formaci\u00f3n. Porque los referentes importan. Y m\u00e1s cuando una ni\u00f1a que empieza a jugar al baloncesto puede comprobar que detr\u00e1s de una gran deportista hay a\u00f1os de trabajo, sacrificios, dudas y decisiones. Que nadie llega hasta all\u00ed por casualidad.<\/p>\n<p>Arranca el trabajo de pretemporada con el Hozono Global Jairis<\/p>\n<p class=\"v-d-p \">\nLaura Gil renov\u00f3 este verano su contrato en Alcantarilla y afrontar\u00e1 por primera vez una temporada completa desde el inicio con el club de su tierra, despu\u00e9s de incorporarse al equipo el pasado curso en Navidad. \u00abTengo muchas ganas de empezar. Tenemos retos muy bonitos por delante\u00bb, reconoce. Ser\u00e1 una pretemporada at\u00edpica, adem\u00e1s, por la presencia de varias jugadoras en sus respectivas selecciones con motivo del Mundial. Pero antes de que llegue ese nuevo desaf\u00edo, Laura ha dejado algo en Los Narejos que permanecer\u00e1 mucho m\u00e1s all\u00e1 de una temporada. Quiz\u00e1 alguna de aquellas ni\u00f1as llegue alg\u00fan d\u00eda al baloncesto profesional. Quiz\u00e1 alguna vista la camiseta de la selecci\u00f3n espa\u00f1ola. Quiz\u00e1 alguna juegue en un gran club y vuelva, dentro de unos a\u00f1os, a un pabell\u00f3n de la Regi\u00f3n convertida en referente para otras. Pero ese no es el \u00fanico \u00e9xito que persigue la p\u00edvot. Tambi\u00e9n quiere que una ni\u00f1a aprenda a levantarse despu\u00e9s de fallar y a confiar en ella misma. Que otra entienda que no pasa nada por estar nerviosa. Que alguna encuentre la manera de compaginar los estudios con el deporte. Laura Gil parece haber encontrado otra forma de ganar.<\/p>\n","protected":false},"excerpt":{"rendered":"Hay cosas que no aparecen en una estad\u00edstica. No se pueden medir con puntos, rebotes, asistencias ni medallas.&hellip;\n","protected":false},"author":2,"featured_media":743677,"comment_status":"","ping_status":"","sticky":false,"template":"","format":"standard","meta":{"footnotes":""},"categories":[269],"tags":[299,298,17692,168,25,24,1510,3459,2615,23,167],"class_list":["post-743676","post","type-post","status-publish","format-standard","has-post-thumbnail","category-baloncesto","tag-baloncesto","tag-basketball","tag-dejar","tag-deportes","tag-es","tag-espana","tag-gil","tag-laura","tag-quiere","tag-spain","tag-sports"],"share_on_mastodon":{"url":"https:\/\/pubeurope.com\/@es\/117200620532708137","error":""},"_links":{"self":[{"href":"https:\/\/www.europesays.com\/es\/wp-json\/wp\/v2\/posts\/743676","targetHints":{"allow":["GET"]}}],"collection":[{"href":"https:\/\/www.europesays.com\/es\/wp-json\/wp\/v2\/posts"}],"about":[{"href":"https:\/\/www.europesays.com\/es\/wp-json\/wp\/v2\/types\/post"}],"author":[{"embeddable":true,"href":"https:\/\/www.europesays.com\/es\/wp-json\/wp\/v2\/users\/2"}],"replies":[{"embeddable":true,"href":"https:\/\/www.europesays.com\/es\/wp-json\/wp\/v2\/comments?post=743676"}],"version-history":[{"count":0,"href":"https:\/\/www.europesays.com\/es\/wp-json\/wp\/v2\/posts\/743676\/revisions"}],"wp:featuredmedia":[{"embeddable":true,"href":"https:\/\/www.europesays.com\/es\/wp-json\/wp\/v2\/media\/743677"}],"wp:attachment":[{"href":"https:\/\/www.europesays.com\/es\/wp-json\/wp\/v2\/media?parent=743676"}],"wp:term":[{"taxonomy":"category","embeddable":true,"href":"https:\/\/www.europesays.com\/es\/wp-json\/wp\/v2\/categories?post=743676"},{"taxonomy":"post_tag","embeddable":true,"href":"https:\/\/www.europesays.com\/es\/wp-json\/wp\/v2\/tags?post=743676"}],"curies":[{"name":"wp","href":"https:\/\/api.w.org\/{rel}","templated":true}]}}