{"id":743682,"date":"2026-09-02T09:00:15","date_gmt":"2026-09-02T09:00:15","guid":{"rendered":"https:\/\/www.europesays.com\/es\/743682\/"},"modified":"2026-09-02T09:00:15","modified_gmt":"2026-09-02T09:00:15","slug":"el-circulo-de-de-bellas-artes-de-palma-celebrara-su-90-aniversario-el-dia-30","status":"publish","type":"post","link":"https:\/\/www.europesays.com\/es\/743682\/","title":{"rendered":"El C\u00edrculo de de Bellas Artes de Palma celebrar\u00e1 su 90 aniversario el d\u00eda 30"},"content":{"rendered":"<p>El<strong> C\u00edrculo de Bellas Artes celebra su 90 aniversario<\/strong> el pr\u00f3ximo d\u00eda 30 y para conmemorarlo ha organizado un acto sobre estas nueve d\u00e9cadas dedicadas al arte y la cultura de Mallorca, en el Patio de Hombres del<strong> Centro Cultural la Miseric\u00f2rdia<\/strong>.<\/p>\n<p>Ser\u00e1 una velada para recordar la historia de la entidad cultural nacida en 1936,<strong> rendir tributo a quienes formaron parte<\/strong> del C\u00edrculo y<strong> mirar hacia el futuro<\/strong>, ha informado el C\u00edrculo en una nota<\/p>\n<p>El acto recorrer\u00e1 las diferentes disciplinas que han dado vida a la entidad, con un lugar destacado para la m\u00fasica, el teatro, la poes\u00eda y las artes pl\u00e1sticas.<\/p>\n<p>En cuanto al inicio de actividades para la nueva temporada, este s\u00e1bado Can Balaguer acoger\u00e1 el I Festival de Danza Teatro Leda, en la sala Matilde Escalas, con yoga postural y danzaterapia, una presentaci\u00f3n, danza de Venus y arte esc\u00e9nico burlesco.<\/p>\n","protected":false},"excerpt":{"rendered":"El C\u00edrculo de Bellas Artes celebra su 90 aniversario el pr\u00f3ximo d\u00eda 30 y para conmemorarlo ha organizado&hellip;\n","protected":false},"author":2,"featured_media":743683,"comment_status":"","ping_status":"","sticky":false,"template":"","format":"standard","meta":{"footnotes":""},"categories":[173],"tags":[229,1829,233,231,230,46172,30773,232,234,146,147,25,24,492,23,2922,1529],"class_list":["post-743682","post","type-post","status-publish","format-standard","has-post-thumbnail","category-arte-y-diseno","tag-arte","tag-arte-en-mallorca","tag-arte-y-diseno","tag-arts","tag-arts-and-design","tag-circulo-bellas-artes","tag-cultura-en-mallorca","tag-design","tag-diseno","tag-entertainment","tag-entretenimiento","tag-es","tag-espana","tag-sociedad","tag-spain","tag-tendencias","tag-ultima-hora"],"share_on_mastodon":{"url":"https:\/\/pubeurope.com\/@es\/117200632076325924","error":""},"_links":{"self":[{"href":"https:\/\/www.europesays.com\/es\/wp-json\/wp\/v2\/posts\/743682","targetHints":{"allow":["GET"]}}],"collection":[{"href":"https:\/\/www.europesays.com\/es\/wp-json\/wp\/v2\/posts"}],"about":[{"href":"https:\/\/www.europesays.com\/es\/wp-json\/wp\/v2\/types\/post"}],"author":[{"embeddable":true,"href":"https:\/\/www.europesays.com\/es\/wp-json\/wp\/v2\/users\/2"}],"replies":[{"embeddable":true,"href":"https:\/\/www.europesays.com\/es\/wp-json\/wp\/v2\/comments?post=743682"}],"version-history":[{"count":0,"href":"https:\/\/www.europesays.com\/es\/wp-json\/wp\/v2\/posts\/743682\/revisions"}],"wp:featuredmedia":[{"embeddable":true,"href":"https:\/\/www.europesays.com\/es\/wp-json\/wp\/v2\/media\/743683"}],"wp:attachment":[{"href":"https:\/\/www.europesays.com\/es\/wp-json\/wp\/v2\/media?parent=743682"}],"wp:term":[{"taxonomy":"category","embeddable":true,"href":"https:\/\/www.europesays.com\/es\/wp-json\/wp\/v2\/categories?post=743682"},{"taxonomy":"post_tag","embeddable":true,"href":"https:\/\/www.europesays.com\/es\/wp-json\/wp\/v2\/tags?post=743682"}],"curies":[{"name":"wp","href":"https:\/\/api.w.org\/{rel}","templated":true}]}}