{"id":743686,"date":"2026-09-02T09:05:11","date_gmt":"2026-09-02T09:05:11","guid":{"rendered":"https:\/\/www.europesays.com\/es\/743686\/"},"modified":"2026-09-02T09:05:11","modified_gmt":"2026-09-02T09:05:11","slug":"llega-el-estreno-de-perros-y-diablos-con-el-marbelli-antonio-coca-cultura","status":"publish","type":"post","link":"https:\/\/www.europesays.com\/es\/743686\/","title":{"rendered":"Llega el estreno de \u00abPerros y diablos\u00bb con el marbell\u00ed Antonio Coca &#8211; CULTURA"},"content":{"rendered":"<p><strong>Llega el estreno de la pel\u00edcula \u00abPerros y diablos\u00bb, del director malague\u00f1o Javier Ruiz,\u00a0y que cuenta entre su elenco con el actor marbell\u00ed Antonio Coca Sandina. La historia trata sobre el atraco a un banco en Marbella que sale mal. Es un &#8216;thriller&#8217; criminal con mafiosos locales, alejado de los estereotipos de otras producciones en la Costa del Sol.<\/strong><\/p>\n<p>El director y cineasta malague\u00f1o Javier Ruiz estrena \u00abPerros y Diablos\u00bb, su segundo largometraje, el viernes <strong>4 de septiembre, a las 18:30 horas<\/strong>, en el Auditorio Edgar Neville la Diputaci\u00f3n Provincial de M\u00e1laga.<\/p>\n<p>La cinta es un &#8216;thriller&#8217; criminal que gira en torno a la amistad, la lealtad, la traici\u00f3n y las consecuencias de las decisiones tomadas en el pasado. <\/p>\n<p>La historia tiene su origen en\u00a0<strong>un atraco a un banco en Marbella<\/strong> que sale mal. <\/p>\n<p>Cobra es el \u00fanico de los implicados que termina cumpliendo condena y, diez a\u00f1os despu\u00e9s, tras recuperar su libertad, se produce el reencuentro con quienes participaron en aquel suceso.<\/p>\n<p>El regreso de Cobra har\u00e1 <strong>aflorar viejas tensiones<\/strong>, secretos y cuentas pendientes, poniendo a prueba las relaciones entre unos personajes marcados por un pasado que todav\u00eda no han conseguido dejar atr\u00e1s.<\/p>\n<p>La pel\u00edcula est\u00e1 escrita y dirigida por Javier Ruiz y producida por Producciones Brillante. <\/p>\n<p>Con una duraci\u00f3n de 87 minutos, \u00abPerros y Diablos\u00bb apuesta por el <strong>g\u00e9nero criminal <\/strong>para desarrollar una historia de acci\u00f3n y drama protagonizada por un grupo de personajes unidos por un pasado com\u00fan.<\/p>\n<p>El largometraje cuenta con un reparto encabezado por el ganador del Goya Joaqu\u00edn N\u00fa\u00f1ez, Esther Garrido, Patxy Gamazo, <strong>el marbell\u00ed Antonio Coca<\/strong> y Jorge Porras, junto a Fran Chica, Sergio Coca, Manuel Jord\u00e1n, Juanma Rold\u00e1n, entre otros.\u00a0<\/p>\n<p>Entre el equipo t\u00e9cnico se encuentran, el tres veces nominado al Goya, <strong>Antonio Meliveo<\/strong>, encargado de la m\u00fasica o <strong>David Naranjo<\/strong>, responsable de la direcci\u00f3n de fotograf\u00eda.<\/p>\n<p>\u00abPerros y Diablos\u00bb representa adem\u00e1s una apuesta por el talento cinematogr\u00e1fico malague\u00f1o y por la creaci\u00f3n audiovisual realizada desde Andaluc\u00eda. <\/p>\n<p>La pel\u00edcula ha contado con M\u00e1laga como uno de sus principales escenarios y forma parte de la trayectoria de Javier Ruiz como director y productor vinculado al cine independiente.<\/p>\n<p>El proyecto fue presentado el pasado mes de febrero en el <strong>Festival de M\u00e1laga<\/strong> dentro de la secci\u00f3n 5 Minutos de Cine, dando a conocer el trabajo de Javier Ruiz y de todo el equipo que participa en el largometraje.<\/p>\n<p>Con este estreno, el director contin\u00faa desarrollando su carrera cinematogr\u00e1fica y consolidando una propuesta de cine independiente realizada desde M\u00e1laga, con una historia que combina acci\u00f3n, suspense y drama.<\/p>\n<p><strong>Noticia relacionada:\u00a0<br \/>&#13;<br \/>\n<\/strong><a href=\"https:\/\/www.marbella24horas.es\/cultura\/el-marbelli-antonio-coca-en-el-festival-de-malaga-con-quot-perros-y-diablos-quot-39966\" target=\"_blank\" rel=\"nofollow noopener\">&#8211;\u00a0El marbell\u00ed Antonio Coca, en el Festival de M\u00e1laga con \u00abPerros y diablos\u00bb<\/a><\/p>\n","protected":false},"excerpt":{"rendered":"Llega el estreno de la pel\u00edcula \u00abPerros y diablos\u00bb, del director malague\u00f1o Javier Ruiz,\u00a0y que cuenta entre su&hellip;\n","protected":false},"author":2,"featured_media":743687,"comment_status":"","ping_status":"","sticky":false,"template":"","format":"standard","meta":{"footnotes":""},"categories":[169],"tags":[1339,1247,177,16825,49683,7821,411,146,147,25,24,176,5264,3855,2492,175,1257,4236,5106,23],"class_list":["post-743686","post","type-post","status-publish","format-standard","has-post-thumbnail","category-cine","tag-actor","tag-antonio","tag-cine","tag-coca","tag-diablos","tag-diputacion","tag-director","tag-entertainment","tag-entretenimiento","tag-es","tag-espana","tag-film","tag-javier","tag-malaga","tag-marbella","tag-movies","tag-pelicula","tag-perros","tag-ruiz","tag-spain"],"share_on_mastodon":{"url":"https:\/\/pubeurope.com\/@es\/117200652182472201","error":""},"_links":{"self":[{"href":"https:\/\/www.europesays.com\/es\/wp-json\/wp\/v2\/posts\/743686","targetHints":{"allow":["GET"]}}],"collection":[{"href":"https:\/\/www.europesays.com\/es\/wp-json\/wp\/v2\/posts"}],"about":[{"href":"https:\/\/www.europesays.com\/es\/wp-json\/wp\/v2\/types\/post"}],"author":[{"embeddable":true,"href":"https:\/\/www.europesays.com\/es\/wp-json\/wp\/v2\/users\/2"}],"replies":[{"embeddable":true,"href":"https:\/\/www.europesays.com\/es\/wp-json\/wp\/v2\/comments?post=743686"}],"version-history":[{"count":0,"href":"https:\/\/www.europesays.com\/es\/wp-json\/wp\/v2\/posts\/743686\/revisions"}],"wp:featuredmedia":[{"embeddable":true,"href":"https:\/\/www.europesays.com\/es\/wp-json\/wp\/v2\/media\/743687"}],"wp:attachment":[{"href":"https:\/\/www.europesays.com\/es\/wp-json\/wp\/v2\/media?parent=743686"}],"wp:term":[{"taxonomy":"category","embeddable":true,"href":"https:\/\/www.europesays.com\/es\/wp-json\/wp\/v2\/categories?post=743686"},{"taxonomy":"post_tag","embeddable":true,"href":"https:\/\/www.europesays.com\/es\/wp-json\/wp\/v2\/tags?post=743686"}],"curies":[{"name":"wp","href":"https:\/\/api.w.org\/{rel}","templated":true}]}}