{"id":743698,"date":"2026-09-02T09:11:14","date_gmt":"2026-09-02T09:11:14","guid":{"rendered":"https:\/\/www.europesays.com\/es\/743698\/"},"modified":"2026-09-02T09:11:14","modified_gmt":"2026-09-02T09:11:14","slug":"al-menos-16-muertos-en-un-accidente-de-autobus-en-el-sur-de-egipto-internacional","status":"publish","type":"post","link":"https:\/\/www.europesays.com\/es\/743698\/","title":{"rendered":"Al menos 16 muertos en un accidente de autob\u00fas en el sur de Egipto | Internacional"},"content":{"rendered":"<p class=\"a_st\">El siniestro, ocurrido en una zona tur\u00edstica de la pen\u00ednsula del Sina\u00ed, deja adem\u00e1s 28 heridos<\/p>\n<p><img alt=\"\" decoding=\"auto\" class=\"_re  a_m-h\" height=\"277\"  width=\"414\"  src=\"https:\/\/www.europesays.com\/es\/wp-content\/uploads\/2026\/09\/X7UN3WDUBZHK7MXN5ZKB4BYRZ4.jpg\" loading=\"eager\" fetchpriority=\"low\"\/>Una vista de la ciudad de Sharm el Sheij, a orillas del mar Rojo, en el sur de Egipto, en noviembre de 2022.Thomas Hartwell (AP)<\/p>\n<p class=\"\">Al menos 16 personas han muerto y otras 28 han resultado heridas este mi\u00e9rcoles en un accidente de autob\u00fas en una carretera del sur de <a href=\"https:\/\/elpais.com\/noticias\/egipto\/\" target=\"_self\" rel=\"nofollow noopener\" title=\"https:\/\/elpais.com\/noticias\/egipto\/\">Egipto<\/a>, entre las localidades tur\u00edsticas de Dahab y Nuweiba, a orillas del mar Rojo, inform\u00f3 el ministerio de Sanidad.<\/p>\n<p class=\"\">Seg\u00fan la agencia Reuters, el siniestro se produjo a primera hora de la ma\u00f1ana y una veintena de ambulancias llegaron al lugar para atender y trasladar a los heridos a centros m\u00e9dicos. <\/p>\n<p class=\"\">Las causas del accidente se desconocen hasta el momento. Los siniestros de este tipo son <a href=\"https:\/\/elpais.com\/espana\/2026-08-14\/etienne-krug-directivo-de-la-oms-los-accidentes-de-trafico-son-la-primera-causa-de-muerte-entre-los-jovenes.html\" target=\"_self\" rel=\"nofollow noopener\" title=\"https:\/\/elpais.com\/espana\/2026-08-14\/etienne-krug-directivo-de-la-oms-los-accidentes-de-trafico-son-la-primera-causa-de-muerte-entre-los-jovenes.html\">desgraciadamente frecuentes en Egipto<\/a>, debido al mal estado de los veh\u00edculos y a las imprudencias de los conductores. Seg\u00fan datos de EFE, el a\u00f1o pasado se registraron 5.829 fallecidos y 84.553 heridos en accidentes de tr\u00e1fico en Egipto. <\/p>\n<p><a class=\"a_com_l\" href=\"https:\/\/elpais.com\/info\/normas-de-participacion\/\" rel=\"nofollow noopener\" target=\"_blank\">Normas \u203a<\/a>M\u00e1s informaci\u00f3nArchivado EnSi est\u00e1 interesado en licenciar este contenido, pinche <a class=\"a_tp_si_l\" href=\"https:\/\/profesional.elpais.com\/soluciones-sindicacion\/?utm_medium=interno&amp;utm_source=crosslinking&amp;utm_campaign=sindicacion_ep_pie_articulos\" target=\"_blank\" rel=\"noopener noreferrer nofollow\">aqu\u00ed<\/a><\/p>\n","protected":false},"excerpt":{"rendered":"El siniestro, ocurrido en una zona tur\u00edstica de la pen\u00ednsula del Sina\u00ed, deja adem\u00e1s 28 heridos Una vista&hellip;\n","protected":false},"author":2,"featured_media":743699,"comment_status":"","ping_status":"","sticky":false,"template":"","format":"standard","meta":{"footnotes":""},"categories":[42],"tags":[5960,6015,4029,17,18,5284,13,14,11,61,62,63,64,19,20,90555,9,10,15,16,77,12,4664,21,22,431,65,66,67],"class_list":["post-743698","post","type-post","status-publish","format-standard","has-post-thumbnail","category-internacional","tag-accidentes","tag-accidentes-trafico","tag-autobuses","tag-breaking-news","tag-breakingnews","tag-egipto","tag-featured-news","tag-featurednews","tag-headlines","tag-internacional","tag-international","tag-international-news","tag-internationalnews","tag-latest-news","tag-latestnews","tag-mar-rojo","tag-news","tag-noticias","tag-noticias-destacadas","tag-noticiasdestacadas","tag-oriente-proximo","tag-titulares","tag-turismo","tag-ultimas-noticias","tag-ultimasnoticias","tag-victimas","tag-world","tag-world-news","tag-worldnews"],"share_on_mastodon":{"url":"https:\/\/pubeurope.com\/@es\/117200676553494564","error":""},"_links":{"self":[{"href":"https:\/\/www.europesays.com\/es\/wp-json\/wp\/v2\/posts\/743698","targetHints":{"allow":["GET"]}}],"collection":[{"href":"https:\/\/www.europesays.com\/es\/wp-json\/wp\/v2\/posts"}],"about":[{"href":"https:\/\/www.europesays.com\/es\/wp-json\/wp\/v2\/types\/post"}],"author":[{"embeddable":true,"href":"https:\/\/www.europesays.com\/es\/wp-json\/wp\/v2\/users\/2"}],"replies":[{"embeddable":true,"href":"https:\/\/www.europesays.com\/es\/wp-json\/wp\/v2\/comments?post=743698"}],"version-history":[{"count":0,"href":"https:\/\/www.europesays.com\/es\/wp-json\/wp\/v2\/posts\/743698\/revisions"}],"wp:featuredmedia":[{"embeddable":true,"href":"https:\/\/www.europesays.com\/es\/wp-json\/wp\/v2\/media\/743699"}],"wp:attachment":[{"href":"https:\/\/www.europesays.com\/es\/wp-json\/wp\/v2\/media?parent=743698"}],"wp:term":[{"taxonomy":"category","embeddable":true,"href":"https:\/\/www.europesays.com\/es\/wp-json\/wp\/v2\/categories?post=743698"},{"taxonomy":"post_tag","embeddable":true,"href":"https:\/\/www.europesays.com\/es\/wp-json\/wp\/v2\/tags?post=743698"}],"curies":[{"name":"wp","href":"https:\/\/api.w.org\/{rel}","templated":true}]}}