{"id":743706,"date":"2026-09-02T09:19:11","date_gmt":"2026-09-02T09:19:11","guid":{"rendered":"https:\/\/www.europesays.com\/es\/743706\/"},"modified":"2026-09-02T09:19:11","modified_gmt":"2026-09-02T09:19:11","slug":"jimenez-quiles-el-heroe-granadino-de-la-vuelta-de-1955","status":"publish","type":"post","link":"https:\/\/www.europesays.com\/es\/743706\/","title":{"rendered":"Jim\u00e9nez Quiles, el h\u00e9roe granadino de la Vuelta de 1955"},"content":{"rendered":"<p style=\"\">Entre los corredores m\u00e1s emblem\u00e1ticos del ciclismo espa\u00f1ol en blanco y negro brilla con luz propia Antonio Jim\u00e9nez Quiles, el mejor corredor granadino de la  &#8230; historia de la Vuelta a Espa\u00f1a, y seguramente el m\u00e1ximo exponente de la provincia a nivel mundial. No en vano, figura como h\u00e9roe del deporte del pedal, cuando las bicicletas pesaban m\u00e1s que el acero y las t\u00e1cticas, la tecnolog\u00eda y los suplementos energ\u00e9ticos eran tan solo ciencia ficci\u00f3n. <\/p>\n<p class=\"v-d-p\" style=\"\">Antonio Jim\u00e9nez Quiles hizo podio, como segundo en la Vuelta de 1955. La haza\u00f1a cobr\u00f3 una dimensi\u00f3n especial por las complicadas condiciones en las que afront\u00f3 el logro. Precisamente, en la Vuelta a Espa\u00f1a de 1955, protagoniz\u00f3 la gesta que quiz\u00e1 m\u00e1s entusiasmara a la afici\u00f3n espa\u00f1ola, al clasificarse segundo en la general, con apenas 20 a\u00f1os, y hacerlo en solitario, sin equipo. Ins\u00f3lito, incre\u00edble.<\/p>\n<p class=\"v-d-p\" style=\"\">Las hemerotecas recogen el gran recibimiento que los seguidores nazar\u00edes le brindaron, tras tan sorprendente \u00e9xito deportivo, un d\u00eda en el que cerr\u00f3 el comercio en la ciudad y los paisanos salieron a la calle a vitorear a aquel joven ciclista, que acudi\u00f3 a la salida con entusiasmo y casi nulas opciones, invitado de \u00faltima hora, como haci\u00e9ndole un favor, en tren y con un billete de tercera, y que regres\u00f3 a Granada en avi\u00f3n y en coche descapotable, con todos los honores, para saludar desde el balc\u00f3n del Ayuntamiento al hinchada, totalmente entregada a su ciclista.<\/p>\n<p class=\"v-d-p\" style=\"\">Aunque Jim\u00e9nez Quiles abandon\u00f3 su carrera deportiva demasiado pronto para dedicarse a los negocios, en concreto cre\u00f3 una empresa de transporte, hasta el momento, est\u00e1 considerado el corredor m\u00e1s completo que ha dado Granada para la historia del ciclismo.<\/p>\n<p class=\"v-d-p\" style=\"\">En el libro titulado &#8216;Jim\u00e9nez Quiles, memoria de un ciclista&#8217;, su hija \u00c1ngela Jim\u00e9nez Maldonado relata, en palabras de su famoso padre, aquella inolvidable gesta de 1955. La publicaci\u00f3n emociona \u2013dedicada a su madre\u2013 al lector por el cari\u00f1o entra\u00f1able y el afecto familiar que impregna de la primera a la \u00faltima frase. Huella del mito ciclista.<\/p>\n<p class=\"v-d-p\" style=\"\">Antonio Jim\u00e9nez nada tiene que ver con otro famoso ciclista de la \u00e9poca, Julio Jim\u00e9nez. Se desplaz\u00f3 a Bilbao, a la espera de que fallara alg\u00fan corredor y poder as\u00ed ser inscrito. No hab\u00eda posibilidad porque se formaron selecciones y no equipos comerciales. Espa\u00f1a cre\u00f3 dos selecciones con los mejores, \u00abni so\u00f1aba estar\u00bb, afirm\u00f3 el granadino, pero en la \u00faltima noche, previa a la salida, el hijo de Santiago Mostajo, director deportivo del Catalu\u00f1a\/Arag\u00f3n, fue baja. Entonces, como Andaluc\u00eda no estaba representada, se sum\u00f3 a esa formaci\u00f3n. Envi\u00f3 cartas a los organizadores para que le incluyeran en la prueba. \u00abNo les defraudar\u00e9\u00bb, escribi\u00f3 Antonio a Echevarr\u00eda y Bergareche, del Correo Espa\u00f1ol del Pueblo Vasco. As\u00ed sucedi\u00f3, \u00abloco de contento me fui a dormir, pero lo hice muy poco, al pensar que estar\u00eda en la salida con los mejores corredores del mundo\u00bb.<\/p>\n<p class=\"v-d-p\" style=\"\">Durante los primeros d\u00edas, despu\u00e9s de recorrer 250 kil\u00f3metros, \u00abyo mismo ten\u00eda que limpiarme la bicicleta y darme los masajes, nadie me ayudaba en nada\u00bb. Indic\u00f3 que \u00abconoc\u00eda a un veterano, Bernardo Ruiz, que iba el 15 en la general. \u00abMe dediqu\u00e9 a vigilarlo y me puse el 16. Le dije a Mostajo que me encontraba bien y que la idea era atacar en la etapa Valencia\/Cuenca y me dio permiso\u00bb.<\/p>\n<p><img decoding=\"async\" loading=\"lazy\" src=\"https:\/\/www.europesays.com\/es\/wp-content\/uploads\/2026\/09\/quiles2-kf0D-U301522104806voH-680x476@Ideal.jpg\" class=\"v-a-img\" width=\"680\" height=\"478\" alt=\"Antonio Jim\u00e9nez Quiles, arriba en la portada del libro de sus memorias, y abajo, bebe en una meta de la Vuelta.\" data-voc-vtm-id=\"in-text-traffic\"\/><\/p>\n<p>Antonio Jim\u00e9nez Quiles, arriba en la portada del libro de sus memorias, y abajo, bebe en una meta de la Vuelta.<\/p>\n<p>(IDEAL)<\/p>\n<p>\nValent\u00eda para ser respetado\n<\/p>\n<p class=\"v-d-p\" style=\"\">El benjam\u00edn de la Vuelta 1955 se consolid\u00f3 en cada una de las quince etapas de la prueba y sus 2.748 kil\u00f3metros, sin respaldo inicial de las selecciones nacionales y frente a equipos extranjeros muy experimentados, donde form\u00f3 el vencedor absoluto, el franc\u00e9s Jean Dotto, siendo segundo a tres minutos y seis segundos, por delante de Raphael Geminiani, Jes\u00fas Loro\u00f1o y Vicente Iturat. <\/p>\n<p class=\"v-d-p\" style=\"\">Jim\u00e9nez Quiles atac\u00f3 en la jornada con meta en Cuenca. \u00abAh\u00ed mi vida cambi\u00f3, ya no ten\u00eda que limpiarme la &#8216;bici&#8217;. Mostajo ya estaba pendiente de lo que me ocurriera\u00bb, aclar\u00f3. Hubo una fuga, con ocho minutos de renta en los escapados. Entonces el granadino acudi\u00f3 a la persecuci\u00f3n de ellos, \u00abjunto a un suizo\u00bb, con el que hubo relevos, aunque no \u00abnos entendi\u00e9ramos muy bien\u00bb. A los 20 kil\u00f3metros, el helv\u00e9tico se descolg\u00f3, por lo que el granadino sigui\u00f3 40 m\u00e1s. Van fuertes, empiezan los repechos, pero les da alcance y se coloca en cabeza junto al franc\u00e9s Dotto y el italiano Uliana. \u00abMe encontraba inc\u00f3modo porque hab\u00eda prometido atacar, pero llegamos a los \u00faltimos metros y al sprint gan\u00f3 Uliana, yo fui segundo y Dotto, tercero, pas\u00e9 de la posici\u00f3n 16 a la tercera plaza en la general, s\u00ed, hab\u00eda cumplido mi palabra\u00bb.<\/p>\n<p class=\"v-d-p\" style=\"\">Restaban tres etapas: Cuenca-Madrid, la crono Madrid-Valladolid-Bilbao y la \u00faltima jornada en la capital vizca\u00edna. <\/p>\n<p class=\"v-d-p\" style=\"\">Jim\u00e9nez Quiles ya era respetado. \u00abSufr\u00ed el desprecio de los corredores del Catalu\u00f1a\/Arag\u00f3n\/Andaluc\u00eda porque yo era un desconocido. Ellos iban con un bonito ch\u00e1ndal, no contaban conmigo para nada, por las noches, en el hotel, se sentaban juntos a cenar y yo ten\u00eda que comer solo. Una vez pidieron champ\u00e1n y me dijeron: Eres un &#8216;replegat&#8217; (en catal\u00e1n, incompetente, desorganizado o informal, referido a grupo improvisado, a &#8216;cuatro gatos&#8217; o banda de desarrapados)\u00bb. <\/p>\n<p class=\"v-d-p\" style=\"\">Pero todo gir\u00f3 180 grados, empezaron a cambiar su actitud hacia la nueva estrella del pelot\u00f3n. <\/p>\n<p class=\"v-d-p\" style=\"\">Las siguientes jornadas fueron dur\u00edsimas, con el cansancio acumulado, pero Jim\u00e9nez Quiles se dedic\u00f3 a vigilar a los primeros y, de camino a Madrid, asest\u00f3 otro golpe, desbanc\u00f3 al italiano Magni y se situ\u00f3 segundo. Mostajo, tras el zarpazo, \u00abpuso la selecci\u00f3n &#8216;A&#8217; a mi disposici\u00f3n, para intentar ganar y repartir la bolsa\u00bb. Hacia Bilbao, \u00abnadie se mov\u00eda y tir\u00e9 solo, Geminiani me dijo que estaba loco pero que ten\u00eda mucho coraje, tambi\u00e9n Loro\u00f1o se sorprendi\u00f3 de lo r\u00e1pido que descend\u00ed, se me sali\u00f3 la cadena en la bajada a Urkiola y los cog\u00ed en Durango\u00bb. <\/p>\n<p class=\"v-d-p\" style=\"\">Y, en el circuito final de Bilbao, Dotto pinch\u00f3 pero \u00absolo pude recortarle 30 segundos\u00bb, por lo que Jim\u00e9nez Quiles subi\u00f3 al podio con dos figuras internacionales. Le llam\u00f3 la Uni\u00f3n Velocip\u00e9dica al hotel para felicitarle por la gesta, un segundo lugar que supo a triunfo, a gloria. \u00abQu\u00e9 pena de que no hubiera televisi\u00f3n y lo vieran mis paisanos&#8230;\u00bb, afirm\u00f3 con nostalgia y l\u00e1grimas en los ojos.<\/p>\n","protected":false},"excerpt":{"rendered":"Entre los corredores m\u00e1s emblem\u00e1ticos del ciclismo espa\u00f1ol en blanco y negro brilla con luz propia Antonio Jim\u00e9nez&hellip;\n","protected":false},"author":2,"featured_media":743707,"comment_status":"","ping_status":"","sticky":false,"template":"","format":"standard","meta":{"footnotes":""},"categories":[273],"tags":[85531,313,312,168,25,24,15440,17885,11672,54954,23,167,1357],"class_list":["post-743706","post","type-post","status-publish","format-standard","has-post-thumbnail","category-ciclismo","tag-85531","tag-ciclismo","tag-cycling","tag-deportes","tag-es","tag-espana","tag-granadino","tag-heroe","tag-jimenez","tag-quiles","tag-spain","tag-sports","tag-vuelta"],"share_on_mastodon":{"url":"https:\/\/pubeurope.com\/@es\/117200707013016472","error":""},"_links":{"self":[{"href":"https:\/\/www.europesays.com\/es\/wp-json\/wp\/v2\/posts\/743706","targetHints":{"allow":["GET"]}}],"collection":[{"href":"https:\/\/www.europesays.com\/es\/wp-json\/wp\/v2\/posts"}],"about":[{"href":"https:\/\/www.europesays.com\/es\/wp-json\/wp\/v2\/types\/post"}],"author":[{"embeddable":true,"href":"https:\/\/www.europesays.com\/es\/wp-json\/wp\/v2\/users\/2"}],"replies":[{"embeddable":true,"href":"https:\/\/www.europesays.com\/es\/wp-json\/wp\/v2\/comments?post=743706"}],"version-history":[{"count":0,"href":"https:\/\/www.europesays.com\/es\/wp-json\/wp\/v2\/posts\/743706\/revisions"}],"wp:featuredmedia":[{"embeddable":true,"href":"https:\/\/www.europesays.com\/es\/wp-json\/wp\/v2\/media\/743707"}],"wp:attachment":[{"href":"https:\/\/www.europesays.com\/es\/wp-json\/wp\/v2\/media?parent=743706"}],"wp:term":[{"taxonomy":"category","embeddable":true,"href":"https:\/\/www.europesays.com\/es\/wp-json\/wp\/v2\/categories?post=743706"},{"taxonomy":"post_tag","embeddable":true,"href":"https:\/\/www.europesays.com\/es\/wp-json\/wp\/v2\/tags?post=743706"}],"curies":[{"name":"wp","href":"https:\/\/api.w.org\/{rel}","templated":true}]}}