{"id":743712,"date":"2026-09-02T09:23:19","date_gmt":"2026-09-02T09:23:19","guid":{"rendered":"https:\/\/www.europesays.com\/es\/743712\/"},"modified":"2026-09-02T09:23:19","modified_gmt":"2026-09-02T09:23:19","slug":"sacha-thyssen-cuesta-abandona-el-nido-para-estudiar-en-estados-unidos-los-detalles-de-su-nueva-vida-lejos-de-borja-y-blanca","status":"publish","type":"post","link":"https:\/\/www.europesays.com\/es\/743712\/","title":{"rendered":"Sacha Thyssen Cuesta abandona el nido para estudiar en Estados Unidos: los detalles de su nueva vida lejos de Borja y Blanca"},"content":{"rendered":"<p><img loading=\"lazy\" decoding=\"async\" src=\"https:\/\/www.europesays.com\/es\/wp-content\/uploads\/2026\/09\/1788340999_151_cortazar-beatriz.jpg\" itemtype=\"\/\/schema.org\/ImageObject\" itemprop=\"url\" alt=\"Beatriz Cort\u00e1zar\" width=\"64\" height=\"64\" pinger-seen=\"true\"\/><\/p>\n<p><b>Es el mayor de los cinco hijos de Borja Thyssen y Blanca Cuesta y un apasionado del chino y de la ingenier\u00eda mec\u00e1nica y electr\u00f3nica<\/b>. Pero tambi\u00e9n es el primero de la familia que pasa por la Universidad, y lo hace precisamente en los Estados Unidos, donde se encuentra desde hace una semana para comenzar las clases en una de las universidades de la Ivy League, grupo de ocho centros privados muy famosos situadas en el noreste de Estados Unidos. Estas universidades presentan un prestigio mundial de excelencia acad\u00e9mica al que solo acceden entre el tres y el siete por ciento de las personas que lo solicitan.<\/p>\n<p>Por ello, este verano <b>las vacaciones han sido especialmente diferentes para los Thyssen,<\/b> que han estado navegando entre M\u00f3naco y Marbella las semanas previas al nuevo destino de Sacha que va a realizar una ingenier\u00eda y seguir con sus clases de chino, idioma en el que se maneja con soltura.<\/p>\n<p><b>El resto de los hijos de Borja y Blanca seguir\u00e1n con su formaci\u00f3n en el colegio internacional al que acuden<\/b> y que se encuentra cerca de su domicilio de Pozuelo de Alarc\u00f3n. Aunque llevan a\u00f1os residiendo en la Finca en una de las mejores casas de la zona fuentes cercanas, me aseguran que a\u00fan tendr\u00e1n que esperar otro a\u00f1o para estrenar una nueva casa, y eso que Borja apenas puede pasar la mitad del a\u00f1o en Espa\u00f1a.<\/p>\n<p><b>D\u00edas antes de la marcha de Sacha, el matrimonio pas\u00f3 por Barcelona<\/b> donde ten\u00edan asuntos que resolver. Su pr\u00f3xima aparici\u00f3n p\u00fablica en sociedad ser\u00e1 a finales de septiembre cuando acudan a la presentaci\u00f3n de una colecci\u00f3n que capitanean los dos y que se ver\u00e1 en el Museo Thyssen.<\/p>\n<p>WhatsApp<a href=\"https:\/\/api.whatsapp.com\/send?text=https:\/\/www.eleconomista.es\/informalia\/famosos\/noticias\/14011211\/09\/26\/sacha-thyssen-cuesta-abandona-el-nido-para-estudiar-en-estados-unidos-los-detalles-de-su-nueva-vida-lejos-de-borja-y-blanca.html?utm_source%3Dwhatsapp%26utm_medium%3Dshare_button&amp;id=1648118629957_whatsapp\" target=\"_blank\" data-action=\"share\/whatsapp\/share\" aria-label=\"Compartir en Whatsapp\" rel=\"nofollow noopener\"><\/a>Facebook<a id=\"fb-share\" href=\"#\" target=\"_blank\" rel=\"noopener noreferrer\" aria-label=\"Compartir en Facebook\"><\/a>Twitter<a href=\"https:\/\/twitter.com\/share?text=Sacha+Thyssen+Cuesta+abandona+el+nido+para+estudiar+en+Estados+Unidos%3A+los+detalles+de+su+nueva+vida+lejos+de+Borja+y+Blanca&amp;url=https:\/\/www.eleconomista.es\/informalia\/famosos\/noticias\/14011211\/09\/26\/sacha-thyssen-cuesta-abandona-el-nido-para-estudiar-en-estados-unidos-los-detalles-de-su-nueva-vida-lejos-de-borja-y-blanca.html&amp;via=Informalia&amp;id=1648118839245_twitter\" target=\"_blank\" aria-label=\"Compartir en Twitter\" rel=\"nofollow noopener\"><\/a>Linkedin<a onclick=\"return abrirLinkedin();\" href=\"https:\/\/www.linkedin.com\/shareArticle?text=Sacha+Thyssen+Cuesta+abandona+el+nido+para+estudiar+en+Estados+Unidos%3A+los+detalles+de+su+nueva+vida+lejos+de+Borja+y+Blanca&amp;url=https:\/\/www.eleconomista.es\/informalia\/famosos\/noticias\/14011211\/09\/26\/sacha-thyssen-cuesta-abandona-el-nido-para-estudiar-en-estados-unidos-los-detalles-de-su-nueva-vida-lejos-de-borja-y-blanca.html&amp;mini=true\" target=\"_blank\" aria-label=\"Compartir en linkedin\" rel=\"nofollow noopener\"><\/a>Beloud<a href=\"https:\/\/beloud.com\/share?text=Sacha+Thyssen+Cuesta+abandona+el+nido+para+estudiar+en+Estados+Unidos%3A+los+detalles+de+su+nueva+vida+lejos+de+Borja+y+Blanca&amp;url=https:\/\/www.eleconomista.es\/informalia\/famosos\/noticias\/14011211\/09\/26\/sacha-thyssen-cuesta-abandona-el-nido-para-estudiar-en-estados-unidos-los-detalles-de-su-nueva-vida-lejos-de-borja-y-blanca.html&amp;via=Informalia&amp;id=1648118839245_beloud\" target=\"_blank\" aria-label=\"Compartir en beloud\" rel=\"nofollow noopener\"><\/a>Bluesky<a href=\"https:\/\/bsky.app\/intent\/compose?text=https:\/\/bsky.app\/intent\/compose?text=https:\/\/www.eleconomista.es\/informalia\/famosos\/noticias\/14011211\/09\/26\/sacha-thyssen-cuesta-abandona-el-nido-para-estudiar-en-estados-unidos-los-detalles-de-su-nueva-vida-lejos-de-borja-y-blanca.html&amp;url=https:\/\/www.eleconomista.es\/informalia\/famosos\/noticias\/14011211\/09\/26\/sacha-thyssen-cuesta-abandona-el-nido-para-estudiar-en-estados-unidos-los-detalles-de-su-nueva-vida-lejos-de-borja-y-blanca.html&amp;via=elEconomistaes&amp;id=1648118839245_bluesky\" target=\"_blank\" aria-label=\"Compartir en bluesky\" rel=\"nofollow noopener\"><\/a><\/p>\n<p><script async src=\"https:\/\/platform.twitter.com\/widgets.js\" charset=\"utf-8\"><\/script><\/p>\n","protected":false},"excerpt":{"rendered":"Es el mayor de los cinco hijos de Borja Thyssen y Blanca Cuesta y un apasionado del chino&hellip;\n","protected":false},"author":2,"featured_media":743713,"comment_status":"","ping_status":"","sticky":false,"template":"","format":"standard","meta":{"footnotes":""},"categories":[174],"tags":[255,146,147,25,24,256,260,23],"class_list":["post-743712","post","type-post","status-publish","format-standard","has-post-thumbnail","category-famosos","tag-celebrities","tag-entertainment","tag-entretenimiento","tag-es","tag-espana","tag-famosos","tag-gente","tag-spain"],"share_on_mastodon":{"url":"https:\/\/pubeurope.com\/@es\/117200723676423638","error":""},"_links":{"self":[{"href":"https:\/\/www.europesays.com\/es\/wp-json\/wp\/v2\/posts\/743712","targetHints":{"allow":["GET"]}}],"collection":[{"href":"https:\/\/www.europesays.com\/es\/wp-json\/wp\/v2\/posts"}],"about":[{"href":"https:\/\/www.europesays.com\/es\/wp-json\/wp\/v2\/types\/post"}],"author":[{"embeddable":true,"href":"https:\/\/www.europesays.com\/es\/wp-json\/wp\/v2\/users\/2"}],"replies":[{"embeddable":true,"href":"https:\/\/www.europesays.com\/es\/wp-json\/wp\/v2\/comments?post=743712"}],"version-history":[{"count":0,"href":"https:\/\/www.europesays.com\/es\/wp-json\/wp\/v2\/posts\/743712\/revisions"}],"wp:featuredmedia":[{"embeddable":true,"href":"https:\/\/www.europesays.com\/es\/wp-json\/wp\/v2\/media\/743713"}],"wp:attachment":[{"href":"https:\/\/www.europesays.com\/es\/wp-json\/wp\/v2\/media?parent=743712"}],"wp:term":[{"taxonomy":"category","embeddable":true,"href":"https:\/\/www.europesays.com\/es\/wp-json\/wp\/v2\/categories?post=743712"},{"taxonomy":"post_tag","embeddable":true,"href":"https:\/\/www.europesays.com\/es\/wp-json\/wp\/v2\/tags?post=743712"}],"curies":[{"name":"wp","href":"https:\/\/api.w.org\/{rel}","templated":true}]}}