{"id":743736,"date":"2026-09-02T09:40:12","date_gmt":"2026-09-02T09:40:12","guid":{"rendered":"https:\/\/www.europesays.com\/es\/743736\/"},"modified":"2026-09-02T09:40:12","modified_gmt":"2026-09-02T09:40:12","slug":"mesa-redonda-del-club-le-carre-en-villanueva-golf","status":"publish","type":"post","link":"https:\/\/www.europesays.com\/es\/743736\/","title":{"rendered":"Mesa redonda del Club Le Carr\u00e9 en Villanueva Golf"},"content":{"rendered":"<p class=\"paragraph-atom&#10;        &#10;        B-510-400-550-N B-525-400-700-N--md&#10;        &#10;        \">\n    El Villanueva Golf del Barrio Jarana, en Puerto Real, ha sido escenario de una mesa redonda del Club Le Carr\u00e9 que ha contado con la participaci\u00f3n de Fernando Mart\u00ednez, Jaime Rocha y Jos\u00e9 Luis Caballero. El acto consisti\u00f3 en un di\u00e1logo entre los tres miembros destacados del colectivo de escritores, periodistas y estudiosos espa\u00f1oles, especializado en la novela de espionaje y en la cultura. Guillermo Cervera, presidente de la Sociedad Puertorreale\u00f1a de Amigos del Pa\u00eds, organizadora del acto, intervino para cerrar la sesi\u00f3n.\n    <\/p>\n","protected":false},"excerpt":{"rendered":"El Villanueva Golf del Barrio Jarana, en Puerto Real, ha sido escenario de una mesa redonda del Club&hellip;\n","protected":false},"author":2,"featured_media":743737,"comment_status":"","ping_status":"","sticky":false,"template":"","format":"standard","meta":{"footnotes":""},"categories":[275],"tags":[59579,1798,168,25,24,329,3294,2570,42106,23,167],"class_list":["post-743736","post","type-post","status-publish","format-standard","has-post-thumbnail","category-golf","tag-carre","tag-club","tag-deportes","tag-es","tag-espana","tag-golf","tag-le","tag-mesa","tag-redonda","tag-spain","tag-sports"],"share_on_mastodon":{"url":"https:\/\/pubeurope.com\/@es\/117200789321621526","error":""},"_links":{"self":[{"href":"https:\/\/www.europesays.com\/es\/wp-json\/wp\/v2\/posts\/743736","targetHints":{"allow":["GET"]}}],"collection":[{"href":"https:\/\/www.europesays.com\/es\/wp-json\/wp\/v2\/posts"}],"about":[{"href":"https:\/\/www.europesays.com\/es\/wp-json\/wp\/v2\/types\/post"}],"author":[{"embeddable":true,"href":"https:\/\/www.europesays.com\/es\/wp-json\/wp\/v2\/users\/2"}],"replies":[{"embeddable":true,"href":"https:\/\/www.europesays.com\/es\/wp-json\/wp\/v2\/comments?post=743736"}],"version-history":[{"count":0,"href":"https:\/\/www.europesays.com\/es\/wp-json\/wp\/v2\/posts\/743736\/revisions"}],"wp:featuredmedia":[{"embeddable":true,"href":"https:\/\/www.europesays.com\/es\/wp-json\/wp\/v2\/media\/743737"}],"wp:attachment":[{"href":"https:\/\/www.europesays.com\/es\/wp-json\/wp\/v2\/media?parent=743736"}],"wp:term":[{"taxonomy":"category","embeddable":true,"href":"https:\/\/www.europesays.com\/es\/wp-json\/wp\/v2\/categories?post=743736"},{"taxonomy":"post_tag","embeddable":true,"href":"https:\/\/www.europesays.com\/es\/wp-json\/wp\/v2\/tags?post=743736"}],"curies":[{"name":"wp","href":"https:\/\/api.w.org\/{rel}","templated":true}]}}