{"id":743746,"date":"2026-09-02T09:46:22","date_gmt":"2026-09-02T09:46:22","guid":{"rendered":"https:\/\/www.europesays.com\/es\/743746\/"},"modified":"2026-09-02T09:46:22","modified_gmt":"2026-09-02T09:46:22","slug":"melendi-sale-en-defensa-de-la-voz-y-responde-al-dardo-de-dani-martin-sobre-los-coaches","status":"publish","type":"post","link":"https:\/\/www.europesays.com\/es\/743746\/","title":{"rendered":"Melendi sale en defensa de \u00abLa Voz\u00bb y responde al dardo de Dani Mart\u00edn sobre los coaches"},"content":{"rendered":"<p>La presentaci\u00f3n de la nueva edici\u00f3n de <a title=\"&quot;La Voz&quot;\" href=\"https:\/\/www.larazon.es\/tags\/la-voz\/\" target=\"_blank\" rel=\"nofollow noopener\">\u00abLa Voz\u00bb<\/a> en <a title=\"Antena 3\" href=\"https:\/\/www.larazon.es\/tags\/antena-3-1\" target=\"_blank\" rel=\"nofollow noopener\">Antena 3<\/a> no solo sirvi\u00f3 para detallar los giros mec\u00e1nicos del concurso o dar la bienvenida a las nuevas incorporaciones del jurado, sino tambi\u00e9n para reflexionar sobre el peso y la percepci\u00f3n del propio formato en la industria musical. En un encuentro marcado por la complicidad entre los jueces, <b><a title=\"Melendi\" href=\"https:\/\/www.larazon.es\/tags\/melendi\/\" target=\"_blank\" rel=\"nofollow noopener\">Melendi<\/a> tom\u00f3 la palabra para articular un potente alegato en defensa del concurso, rebatiendo de forma directa y tajante las cr\u00edticas de un compa\u00f1ero de profesi\u00f3n<\/b> hacia este tipo de plataformas talent show, y que el asturiano se tom\u00f3 de forma personal dado su profundo sentido de pertenencia con el formato de <a title=\"Atresmedia\" href=\"https:\/\/www.larazon.es\/tags\/atresmedia\/\" target=\"_blank\" rel=\"nofollow noopener\">Atresmedia<\/a>.<\/p>\n<p>El detonante de sus palabras resid\u00eda en las recientes manifestaciones de compa\u00f1eros de profesi\u00f3n como <a title=\"Dani Mart\u00edn\" href=\"https:\/\/www.larazon.es\/tags\/dani-martin\/\" target=\"_blank\" rel=\"nofollow noopener\">Dani Mart\u00edn<\/a>, quien durante un multitudinario concierto en Madrid lleg\u00f3 a declarar que jam\u00e1s asumir\u00eda el rol de juez televisivo al manifestar<b> \u00abyo no quiero ser el coach de nadie\u00bb.<\/b> Aunque el int\u00e9rprete de \u00abCaminando por la vida\u00bb evit\u00f3 conscientemente citar nombres o entrar en el choque nominal para no personalizar el debate, no dud\u00f3 en aludir al malestar que provocan este tipo de afirmaciones en el seno de la producci\u00f3n.<b> \u00abCuando uno no vive las cosas por dentro es mejor guardar la cautela, porque aqu\u00ed se respira una verdad y un respeto por la m\u00fasica que solo se entienden al sentarse en esa silla\u00bb, <\/b>vino a se\u00f1alar el artista.<\/p>\n<p>Para <a title=\"Melendi\" href=\"https:\/\/www.larazon.es\/tags\/melendi\/\" target=\"_blank\" rel=\"nofollow noopener\">Melendi<\/a>, la vinculaci\u00f3n con <a title=\"&quot;La Voz&quot;\" href=\"https:\/\/www.larazon.es\/tags\/la-voz\/\" target=\"_blank\" rel=\"nofollow noopener\">\u00abLa Voz\u00bb<\/a> trasciende lo estrictamente televisivo para convertirse en una herramienta de reconexi\u00f3n social y profesional.  El cantante, que regres\u00f3 al programa tras su primera e ic\u00f3nica participaci\u00f3n en 2012, record\u00f3 con honestidad c\u00f3mo el concurso fue determinante para transformar la percepci\u00f3n p\u00fablica de su figura en un momento clave de su carrera.<b> Seg\u00fan explic\u00f3, el plat\u00f3 le permiti\u00f3 entrar en los hogares de millones de familias que hasta entonces manten\u00edan reservas hacia \u00e9l por su \u00abpasado gamberro\u00bb,<\/b> demostrando que la televisi\u00f3n bien empleada puede tender puentes y humanizar la trayectoria de un creador.<\/p>\n<p>Asimismo, el artista subray\u00f3 la responsabilidad \u00e9tica que implica acompa\u00f1ar a los nuevos talentos, distanci\u00e1ndose de la etiqueta simplista de \u00abjuez\u00bb para poner el acento en la labor de tutor\u00eda y transmisi\u00f3n de experiencias.<b> A su juicio, descalificar la labor de los coaches o la validez de los concursantes que buscan una oportunidad supone ignorar las dificultades reales de la industria actual para dar visibilidad a nuevas voces. <\/b>En este sentido, remarc\u00f3 que el formato no solo respeta la identidad de los aspirantes, sino que act\u00faa como un escaparate leg\u00edtimo en un mercado cada vez m\u00e1s atomizado.<\/p>\n<p>Con este posicionamiento, el arranque de la temporada de <a title=\"&quot;La Voz&quot;\" href=\"https:\/\/www.larazon.es\/tags\/la-voz\/\" target=\"_blank\" rel=\"nofollow noopener\">\u00abLa Voz\u00bb<\/a> queda marcado por una reafirmaci\u00f3n de principios por parte de su equipo veterano<b>. M\u00e1s all\u00e1 de las batallas en plat\u00f3 o la lucha por las audiencias en el prime time, la intervenci\u00f3n de <a title=\"Melendi\" href=\"https:\/\/www.larazon.es\/tags\/melendi\/\" target=\"_blank\" rel=\"nofollow noopener\">Melendi<\/a> dej\u00f3 clara la voluntad del programa de defender su espacio como un entorno de rigor art\u00edstico y de respaldo a la m\u00fasica en directo, <\/b>por encima de las reticencias que el medio televisivo sigue generando en ciertos sectores de la escena musical.<\/p>\n","protected":false},"excerpt":{"rendered":"La presentaci\u00f3n de la nueva edici\u00f3n de \u00abLa Voz\u00bb en Antena 3 no solo sirvi\u00f3 para detallar los&hellip;\n","protected":false},"author":2,"featured_media":743747,"comment_status":"","ping_status":"","sticky":false,"template":"","format":"standard","meta":{"footnotes":""},"categories":[174],"tags":[4040,151,255,47099,146,147,25,24,256,31015,5680,23,807],"class_list":["post-743746","post","type-post","status-publish","format-standard","has-post-thumbnail","category-famosos","tag-antena-3","tag-atresmedia","tag-celebrities","tag-dani-martin","tag-entertainment","tag-entretenimiento","tag-es","tag-espana","tag-famosos","tag-la-voz","tag-melendi","tag-spain","tag-television"],"share_on_mastodon":{"url":"https:\/\/pubeurope.com\/@es\/117200813271810586","error":""},"_links":{"self":[{"href":"https:\/\/www.europesays.com\/es\/wp-json\/wp\/v2\/posts\/743746","targetHints":{"allow":["GET"]}}],"collection":[{"href":"https:\/\/www.europesays.com\/es\/wp-json\/wp\/v2\/posts"}],"about":[{"href":"https:\/\/www.europesays.com\/es\/wp-json\/wp\/v2\/types\/post"}],"author":[{"embeddable":true,"href":"https:\/\/www.europesays.com\/es\/wp-json\/wp\/v2\/users\/2"}],"replies":[{"embeddable":true,"href":"https:\/\/www.europesays.com\/es\/wp-json\/wp\/v2\/comments?post=743746"}],"version-history":[{"count":0,"href":"https:\/\/www.europesays.com\/es\/wp-json\/wp\/v2\/posts\/743746\/revisions"}],"wp:featuredmedia":[{"embeddable":true,"href":"https:\/\/www.europesays.com\/es\/wp-json\/wp\/v2\/media\/743747"}],"wp:attachment":[{"href":"https:\/\/www.europesays.com\/es\/wp-json\/wp\/v2\/media?parent=743746"}],"wp:term":[{"taxonomy":"category","embeddable":true,"href":"https:\/\/www.europesays.com\/es\/wp-json\/wp\/v2\/categories?post=743746"},{"taxonomy":"post_tag","embeddable":true,"href":"https:\/\/www.europesays.com\/es\/wp-json\/wp\/v2\/tags?post=743746"}],"curies":[{"name":"wp","href":"https:\/\/api.w.org\/{rel}","templated":true}]}}