{"id":743778,"date":"2026-09-02T10:11:33","date_gmt":"2026-09-02T10:11:33","guid":{"rendered":"https:\/\/www.europesays.com\/es\/743778\/"},"modified":"2026-09-02T10:11:33","modified_gmt":"2026-09-02T10:11:33","slug":"el-refugio-de-carlos-herrera-esta-en-la-costa-de-cadiz-una-ciudad-con-un-entorno-natural-unico-y-una-de-las-mejores-gastronomias-de-espana","status":"publish","type":"post","link":"https:\/\/www.europesays.com\/es\/743778\/","title":{"rendered":"El refugio de Carlos Herrera est\u00e1 en la costa de C\u00e1diz: una ciudad con un entorno natural \u00fanico y una de las mejores gastronom\u00edas de Espa\u00f1a"},"content":{"rendered":"<p style=\"\"><strong>Carlos Herrera es un gran apasionado a la gastronom\u00eda de la provincia<\/strong> de C\u00e1diz. La conoce con fundamento. Su v\u00ednculo con el territorio gaditano viene de lejos. El presentador y comunicador almeriense tiene mucho arraigo con Andaluc\u00eda, ya que tambi\u00e9n ha vivido buena parte  &#8230; de su vida en Sevilla, aunque dio sus primeros pasos period\u00edsticos en Barcelona.<\/p>\n<p class=\"v-d-p\" style=\"\">El arraigo del periodista almeriense con la provincia de C\u00e1diz se desarroll\u00f3 hace muchos a\u00f1os, <strong>a principios de los a\u00f1os noventa<\/strong>, cuando Carlos Herrera decidi\u00f3 adquirir junto a su ex mujer, Maril\u00f3 Montero, un chal\u00e9 tradicional en la localidad de Sanl\u00facar de Barrameda, ubicado en la urbanizaci\u00f3n de La Jara. El inmueble est\u00e1 en un entorno privilegiado, ya que <strong>se encuentra cerca de la playa del Esp\u00edritu Santo<\/strong> y con vistas a Parque Natural de Do\u00f1ana. Esta residencia es algo m\u00e1s que su aut\u00e9ntico refugio para los meses de verano, ya que tanto \u00e9l como toda su familia aprovechan para escaparse a este rinc\u00f3n gaditano y desconectar de la fren\u00e9tica actividad diaria. <\/p>\n<p>\nM\u00e1s que una segunda vivienda\n<\/p>\n<p class=\"v-d-p\" style=\"\">De hecho, la vivienda cuenta con un estudio de grabaci\u00f3n completamente equipado desde donde emite partes de su programas a lo largo de estos a\u00f1os.<\/p>\n<p><img decoding=\"async\" loading=\"lazy\" src=\"https:\/\/www.europesays.com\/es\/wp-content\/uploads\/2026\/09\/carlos-herrera-sanlucar-U18273217072Gtc-680x476@abc.jpg\" class=\"v-a-img\" width=\"680\" height=\"478\" alt=\"Herrera, en su casa de Sanl\u00facar con familiares y amigos.\" data-voc-vtm-id=\"in-text-traffic\"\/><\/p>\n<p>Herrera, en su casa de Sanl\u00facar con familiares y amigos.<\/p>\n<p>((Instagram de Goyo Gonz\u00e1lez))<\/p>\n<p class=\"v-d-p\" style=\"\">Incluso, desde su hogar sanluque\u00f1o ha llegado a retransmitir en muchas ocasiones programas de radio matinales. De hecho, aunque ha mantenido su privacidad p\u00fablica sobre el hogar, <strong>son varias las fotograf\u00edas colgadas en redes sociales por familiares y amigos<\/strong> las que han dado a conocer detalles de la vivienda.<\/p>\n<p class=\"v-d-p\" style=\"\"><strong>Este chalet de tres plantas y ofrece unas vistas extraordinarias de la desembocadura del r\u00edo Guadalquivir<\/strong> con el Parque de Do\u00f1ana de fondo. Aunque est\u00e1 situada en alto, el inmueble ofrece acceso directo a la playa. Adem\u00e1s, posee un porche cubierto y un \u00e1rea exterior con camas balinesas, una gran piscina y espacio m\u00e1s que suficiente para disfrutar de todo tipo de celebraciones.<\/p>\n<p class=\"v-d-p\" style=\"\">La relaci\u00f3n de Carlos Herrera con Sanl\u00facar es grande. El presentador <strong>siempre que puede promociona la localidad de la Costa Noroest<\/strong>e, tanto en sus programas con en entrevistas que ha concedido. Adem\u00e1s, tambi\u00e9n es fiel visitador de los negocios de hosteler\u00eda de la poblaci\u00f3n gaditana, que frecuenta con asiduidad. As\u00ed, siempre ha mostrado su admiraci\u00f3n por la Manzanilla y los langostinos t\u00edpicos de Sanl\u00facar.<\/p>\n","protected":false},"excerpt":{"rendered":"Carlos Herrera es un gran apasionado a la gastronom\u00eda de la provincia de C\u00e1diz. La conoce con fundamento.&hellip;\n","protected":false},"author":2,"featured_media":743779,"comment_status":"","ping_status":"","sticky":false,"template":"","format":"standard","meta":{"footnotes":""},"categories":[174],"tags":[2193,415,255,777,2828,146,1083,147,25,24,256,131983,2140,804,7204,12319,23,1900],"class_list":["post-743778","post","type-post","status-publish","format-standard","has-post-thumbnail","category-famosos","tag-cadiz","tag-carlos","tag-celebrities","tag-ciudad","tag-costa","tag-entertainment","tag-entorno","tag-entretenimiento","tag-es","tag-espana","tag-famosos","tag-gastronomias","tag-herrera","tag-mejores","tag-natural","tag-refugio","tag-spain","tag-unico"],"share_on_mastodon":{"url":"https:\/\/pubeurope.com\/@es\/117200912614632774","error":""},"_links":{"self":[{"href":"https:\/\/www.europesays.com\/es\/wp-json\/wp\/v2\/posts\/743778","targetHints":{"allow":["GET"]}}],"collection":[{"href":"https:\/\/www.europesays.com\/es\/wp-json\/wp\/v2\/posts"}],"about":[{"href":"https:\/\/www.europesays.com\/es\/wp-json\/wp\/v2\/types\/post"}],"author":[{"embeddable":true,"href":"https:\/\/www.europesays.com\/es\/wp-json\/wp\/v2\/users\/2"}],"replies":[{"embeddable":true,"href":"https:\/\/www.europesays.com\/es\/wp-json\/wp\/v2\/comments?post=743778"}],"version-history":[{"count":0,"href":"https:\/\/www.europesays.com\/es\/wp-json\/wp\/v2\/posts\/743778\/revisions"}],"wp:featuredmedia":[{"embeddable":true,"href":"https:\/\/www.europesays.com\/es\/wp-json\/wp\/v2\/media\/743779"}],"wp:attachment":[{"href":"https:\/\/www.europesays.com\/es\/wp-json\/wp\/v2\/media?parent=743778"}],"wp:term":[{"taxonomy":"category","embeddable":true,"href":"https:\/\/www.europesays.com\/es\/wp-json\/wp\/v2\/categories?post=743778"},{"taxonomy":"post_tag","embeddable":true,"href":"https:\/\/www.europesays.com\/es\/wp-json\/wp\/v2\/tags?post=743778"}],"curies":[{"name":"wp","href":"https:\/\/api.w.org\/{rel}","templated":true}]}}