{"id":743782,"date":"2026-09-02T10:15:18","date_gmt":"2026-09-02T10:15:18","guid":{"rendered":"https:\/\/www.europesays.com\/es\/743782\/"},"modified":"2026-09-02T10:15:18","modified_gmt":"2026-09-02T10:15:18","slug":"pablo-motos-recluta-a-mariano-rajoy-marc-marquez-zendaya-y-tom-holland-para-el-regreso-de-el-hormiguero","status":"publish","type":"post","link":"https:\/\/www.europesays.com\/es\/743782\/","title":{"rendered":"Pablo Motos recluta a Mariano Rajoy, Marc M\u00e1rquez, Zendaya y Tom Holland para el regreso de &#8216;El Hormiguero&#8217;"},"content":{"rendered":"<p class=\"ft-text ft-helper-closenews\">Pablo Motos prepara un regreso multitudinario a Antena 3. <strong>Mariano Rajoy, Marc M\u00e1rquez, Josema Yuste, Zendaya y Tom Holland<\/strong> figuran entre los rostros que aparecer\u00e1n en la pel\u00edcula especial con la que &#8216;El Hormiguero&#8217; dar\u00e1 el pistoletazo de salida a su temporada 21.<\/p>\n<p class=\"ft-text\">La pieza audiovisual se ha convertido en una tradici\u00f3n del formato y cada a\u00f1o re\u00fane a distintas celebridades alrededor de una trama creada para presentar el nuevo curso. Su participaci\u00f3n en esta producci\u00f3n no implica, por ahora, que vayan a sentarse como invitados durante la primera semana de emisiones.<\/p>\n<p class=\"ft-text\">El programa tambi\u00e9n ha lanzado otra promoci\u00f3n protagonizada por Jos\u00e9 Sacrist\u00e1n. Con una est\u00e9tica inspirada en las pel\u00edculas de espionaje, el actor encomienda a Motos la misi\u00f3n de localizar un laboratorio y recuperar el ant\u00eddoto contra el denominado <strong>\u201cvirus del cu\u00f1ad\u00edsimo\u201d<\/strong>.<\/p>\n<p>Nuevo duelo con Broncano<\/p>\n<p class=\"ft-text\">&#8216;El Hormiguero&#8217; regresar\u00e1 el pr\u00f3ximo <strong>lunes 7 de septiembre, a las 21:45 horas<\/strong>, y mantendr\u00e1 sus emisiones de lunes a jueves. Su reaparici\u00f3n coincidir\u00e1 con la vuelta de &#8216;La Revuelta&#8217; a La 1, reactivando desde la primera noche la batalla de audiencias entre Pablo Motos y David Broncano.<\/p>\n<p class=\"ft-text\">Antena 3 todav\u00eda no ha anunciado la lista completa de invitados ni las novedades que incorporar\u00e1 el espacio. De momento, la cadena ha centrado su campa\u00f1a en la pel\u00edcula de apertura y en la misi\u00f3n contra el \u201ccu\u00f1ad\u00edsimo\u201d, reserv\u00e1ndose sus principales bazas para los d\u00edas previos al estreno.<\/p>\n<p data-close=\"closedContent\" class=\"subscribeHideForDisplay\">Suscr\u00edbete para seguir leyendo<\/p>\n","protected":false},"excerpt":{"rendered":"Pablo Motos prepara un regreso multitudinario a Antena 3. Mariano Rajoy, Marc M\u00e1rquez, Josema Yuste, Zendaya y Tom&hellip;\n","protected":false},"author":2,"featured_media":743783,"comment_status":"","ping_status":"","sticky":false,"template":"","format":"standard","meta":{"footnotes":""},"categories":[171],"tags":[5813,146,147,25,24,13499,17775,6489,13638,3078,10317,14482,13882,618,5812,15178,60344,2596,23,9459,214,28275],"class_list":["post-743782","post","type-post","status-publish","format-standard","has-post-thumbnail","category-tv","tag-el-hormiguero","tag-entertainment","tag-entretenimiento","tag-es","tag-espana","tag-holland","tag-hormiguero","tag-marc","tag-marc-marquez","tag-mariano","tag-mariano-rajoy","tag-marquez","tag-motos","tag-pablo","tag-pablo-motos","tag-rajoy","tag-recluta","tag-regreso","tag-spain","tag-tom","tag-tv","tag-zendaya"],"share_on_mastodon":{"url":"https:\/\/pubeurope.com\/@es\/117200927243945524","error":""},"_links":{"self":[{"href":"https:\/\/www.europesays.com\/es\/wp-json\/wp\/v2\/posts\/743782","targetHints":{"allow":["GET"]}}],"collection":[{"href":"https:\/\/www.europesays.com\/es\/wp-json\/wp\/v2\/posts"}],"about":[{"href":"https:\/\/www.europesays.com\/es\/wp-json\/wp\/v2\/types\/post"}],"author":[{"embeddable":true,"href":"https:\/\/www.europesays.com\/es\/wp-json\/wp\/v2\/users\/2"}],"replies":[{"embeddable":true,"href":"https:\/\/www.europesays.com\/es\/wp-json\/wp\/v2\/comments?post=743782"}],"version-history":[{"count":0,"href":"https:\/\/www.europesays.com\/es\/wp-json\/wp\/v2\/posts\/743782\/revisions"}],"wp:featuredmedia":[{"embeddable":true,"href":"https:\/\/www.europesays.com\/es\/wp-json\/wp\/v2\/media\/743783"}],"wp:attachment":[{"href":"https:\/\/www.europesays.com\/es\/wp-json\/wp\/v2\/media?parent=743782"}],"wp:term":[{"taxonomy":"category","embeddable":true,"href":"https:\/\/www.europesays.com\/es\/wp-json\/wp\/v2\/categories?post=743782"},{"taxonomy":"post_tag","embeddable":true,"href":"https:\/\/www.europesays.com\/es\/wp-json\/wp\/v2\/tags?post=743782"}],"curies":[{"name":"wp","href":"https:\/\/api.w.org\/{rel}","templated":true}]}}