{"id":743790,"date":"2026-09-02T10:20:17","date_gmt":"2026-09-02T10:20:17","guid":{"rendered":"https:\/\/www.europesays.com\/es\/743790\/"},"modified":"2026-09-02T10:20:17","modified_gmt":"2026-09-02T10:20:17","slug":"patricia-steisy-y-pablo-pisa-pierden-el-bebe-que-esperaban-de-los-peores-dias-de-mi-vida","status":"publish","type":"post","link":"https:\/\/www.europesays.com\/es\/743790\/","title":{"rendered":"Patricia Steisy y Pablo Pisa pierden el beb\u00e9 que esperaban: \u00abDe los peores d\u00edas de mi vida\u00bb"},"content":{"rendered":"<p><img decoding=\"async\" class=\"v-ath__i\" loading=\"lazy\" src=\"https:\/\/www.europesays.com\/es\/wp-content\/uploads\/2026\/09\/1788344417_434_autor-5497-foto-3.jpeg\" alt=\"Agencia Europa Press\"\/><\/p>\n<p>02\/09\/2026 a las 11:29h.<\/p>\n<p class=\"v-d-p\" style=\"\">Patricia Steisy y Pablo Pisa est\u00e1n viviendo uno de los momentos m\u00e1s duros y complicados de sus vidas, ya que como ellos mismos han revelado a trav\u00e9s de un desgarrador comunicado compartido a trav\u00e9s de sus redes sociales, han perdido al beb\u00e9 que esperaban. La  &#8230; pareja, que comenz\u00f3 su relaci\u00f3n en 2019 y tuvo a su primera hija, Athenea, en abril de 2024, hac\u00edan p\u00fablica su ruptura en mayo de 2025, pero para sorpresa de sus seguidores meses despu\u00e9s decid\u00edan darse una nueva oportunidad y el pasado julio anunciaban que estaban esperando su segundo hijo, desvelando que aunque el embarazo hab\u00eda comenzado siendo gemelar, uno de los fetos hab\u00eda dejado de evolucionar en las primeras semanas.(Fuente: Europa Press\/Instagram)<\/p>\n","protected":false},"excerpt":{"rendered":"02\/09\/2026 a las 11:29h. Patricia Steisy y Pablo Pisa est\u00e1n viviendo uno de los momentos m\u00e1s duros y&hellip;\n","protected":false},"author":2,"featured_media":743791,"comment_status":"","ping_status":"","sticky":false,"template":"","format":"standard","meta":{"footnotes":""},"categories":[91],"tags":[8680,960,146,147,25,24,28608,618,6617,8379,22748,51830,23,131984,2606],"class_list":["post-743790","post","type-post","status-publish","format-standard","has-post-thumbnail","category-entretenimiento","tag-bebe","tag-dias","tag-entertainment","tag-entretenimiento","tag-es","tag-espana","tag-esperaban","tag-pablo","tag-patricia","tag-peores","tag-pierden","tag-pisa","tag-spain","tag-steisy","tag-vida"],"share_on_mastodon":{"url":"https:\/\/pubeurope.com\/@es\/117200947768042363","error":""},"_links":{"self":[{"href":"https:\/\/www.europesays.com\/es\/wp-json\/wp\/v2\/posts\/743790","targetHints":{"allow":["GET"]}}],"collection":[{"href":"https:\/\/www.europesays.com\/es\/wp-json\/wp\/v2\/posts"}],"about":[{"href":"https:\/\/www.europesays.com\/es\/wp-json\/wp\/v2\/types\/post"}],"author":[{"embeddable":true,"href":"https:\/\/www.europesays.com\/es\/wp-json\/wp\/v2\/users\/2"}],"replies":[{"embeddable":true,"href":"https:\/\/www.europesays.com\/es\/wp-json\/wp\/v2\/comments?post=743790"}],"version-history":[{"count":0,"href":"https:\/\/www.europesays.com\/es\/wp-json\/wp\/v2\/posts\/743790\/revisions"}],"wp:featuredmedia":[{"embeddable":true,"href":"https:\/\/www.europesays.com\/es\/wp-json\/wp\/v2\/media\/743791"}],"wp:attachment":[{"href":"https:\/\/www.europesays.com\/es\/wp-json\/wp\/v2\/media?parent=743790"}],"wp:term":[{"taxonomy":"category","embeddable":true,"href":"https:\/\/www.europesays.com\/es\/wp-json\/wp\/v2\/categories?post=743790"},{"taxonomy":"post_tag","embeddable":true,"href":"https:\/\/www.europesays.com\/es\/wp-json\/wp\/v2\/tags?post=743790"}],"curies":[{"name":"wp","href":"https:\/\/api.w.org\/{rel}","templated":true}]}}