{"id":743808,"date":"2026-09-02T10:36:19","date_gmt":"2026-09-02T10:36:19","guid":{"rendered":"https:\/\/www.europesays.com\/es\/743808\/"},"modified":"2026-09-02T10:36:19","modified_gmt":"2026-09-02T10:36:19","slug":"revelan-la-causa-de-la-muerte-del-actor-francesc-garrido","status":"publish","type":"post","link":"https:\/\/www.europesays.com\/es\/743808\/","title":{"rendered":"Revelan la causa de la muerte del actor Francesc Garrido"},"content":{"rendered":"<p style=\"\">La <a href=\"https:\/\/www.elcorreo.com\/culturas\/cine\/muere-anos-francesc-garrido-actor-series-novia-20260831190124-ntrc.html\" target=\"_blank\" title=\"\" data-voc-vtm-id=\"in-text-traffic\" data-mrf-link=\"www.elcorreo.com\" rel=\"nofollow noopener\">muerte del actor Francesc Garrido <\/a>a los 56 a\u00f1os ha causado una profunda conmoci\u00f3n en el cine espa\u00f1ol. Habitual de la escena teatral y  &#8230; secundario de lujo en numerosas pel\u00edculas y series, el int\u00e9rprete catal\u00e1n falleci\u00f3 de forma inesperada este pasado lunes. Dos d\u00edas despu\u00e9s, ha salido a la luz la causa de su deceso: fuentes relacionadas con el S\u00e9ptimo Arte han confirmado que sufri\u00f3 un infarto, una complicaci\u00f3n grave de la que no pudo recuperarse y por la que los servicios de emergencia no pudieron hacer nada.<\/p>\n<p class=\"v-d-p\" style=\"\">Se conoc\u00eda que Francesc sufr\u00eda de problemas card\u00edacos, pero nadie esperaba este final tan prematuro. Por el momento, no han trascendido detalles sobre c\u00f3mo ser\u00e1 su funeral. Garrido manten\u00eda una relaci\u00f3n con la actriz y profesora de voz e interpretaci\u00f3n Merc\u00e8 Marin\u00e9. Ambos fueron padres de Joana, su \u00fanica hija, que ahora tiene 23 a\u00f1os.<\/p>\n<p class=\"v-d-p\" style=\"\">El actor catal\u00e1n era muy conocido en el mundo del cine por su participaci\u00f3n en &#8216;Smoking Room&#8217;, &#8216;Mar adentro&#8217;, &#8216;Te doy mis ojos&#8217; o &#8216;S\u00e9 qui\u00e9n eres&#8217;. Segu\u00eda volcado en su profesi\u00f3n y, de hecho, algunos trabajos est\u00e1n todav\u00eda por estrenarse.<\/p>\n","protected":false},"excerpt":{"rendered":"La muerte del actor Francesc Garrido a los 56 a\u00f1os ha causado una profunda conmoci\u00f3n en el cine&hellip;\n","protected":false},"author":2,"featured_media":743809,"comment_status":"","ping_status":"","sticky":false,"template":"","format":"standard","meta":{"footnotes":""},"categories":[174],"tags":[1339,11072,255,146,147,25,24,256,75971,31493,4920,846,23],"class_list":["post-743808","post","type-post","status-publish","format-standard","has-post-thumbnail","category-famosos","tag-actor","tag-causa","tag-celebrities","tag-entertainment","tag-entretenimiento","tag-es","tag-espana","tag-famosos","tag-francesc","tag-garrido","tag-muerte","tag-revelan","tag-spain"],"share_on_mastodon":{"url":"https:\/\/pubeurope.com\/@es\/117201009799848023","error":""},"_links":{"self":[{"href":"https:\/\/www.europesays.com\/es\/wp-json\/wp\/v2\/posts\/743808","targetHints":{"allow":["GET"]}}],"collection":[{"href":"https:\/\/www.europesays.com\/es\/wp-json\/wp\/v2\/posts"}],"about":[{"href":"https:\/\/www.europesays.com\/es\/wp-json\/wp\/v2\/types\/post"}],"author":[{"embeddable":true,"href":"https:\/\/www.europesays.com\/es\/wp-json\/wp\/v2\/users\/2"}],"replies":[{"embeddable":true,"href":"https:\/\/www.europesays.com\/es\/wp-json\/wp\/v2\/comments?post=743808"}],"version-history":[{"count":0,"href":"https:\/\/www.europesays.com\/es\/wp-json\/wp\/v2\/posts\/743808\/revisions"}],"wp:featuredmedia":[{"embeddable":true,"href":"https:\/\/www.europesays.com\/es\/wp-json\/wp\/v2\/media\/743809"}],"wp:attachment":[{"href":"https:\/\/www.europesays.com\/es\/wp-json\/wp\/v2\/media?parent=743808"}],"wp:term":[{"taxonomy":"category","embeddable":true,"href":"https:\/\/www.europesays.com\/es\/wp-json\/wp\/v2\/categories?post=743808"},{"taxonomy":"post_tag","embeddable":true,"href":"https:\/\/www.europesays.com\/es\/wp-json\/wp\/v2\/tags?post=743808"}],"curies":[{"name":"wp","href":"https:\/\/api.w.org\/{rel}","templated":true}]}}