{"id":743836,"date":"2026-09-02T11:01:15","date_gmt":"2026-09-02T11:01:15","guid":{"rendered":"https:\/\/www.europesays.com\/es\/743836\/"},"modified":"2026-09-02T11:01:15","modified_gmt":"2026-09-02T11:01:15","slug":"torneo-de-tercera-feb-el-clasico-del-verano-portada-noticias","status":"publish","type":"post","link":"https:\/\/www.europesays.com\/es\/743836\/","title":{"rendered":"Torneo de Tercera FEB, el cl\u00e1sico del verano &#8211; PORTADA &#8211; NOTICIAS"},"content":{"rendered":"<p>Es el m\u00e1s veterano, el m\u00e1s numeroso y el primero en arrancar.\u00a0En su XVII edici\u00f3n, el Torneo de Tercera FEB (antes Liga EBA) Memorial Juan Mart\u00edn Ca\u00f1o subir\u00e1 el tel\u00f3n de la pretemporada este fin de semana. Durante todo el mes de septiembre, los diez equipos madrile\u00f1os de la categor\u00eda competir\u00e1n en un torneo que se ha convertido en la mejor puesta a punto antes de empezar la competici\u00f3n oficial.<\/p>\n<p><strong>DPTO. DE COMUNICACI\u00d3N FBM<\/strong><\/p>\n<p>Los diez equipos participantes se han repartido en tres grupos en funci\u00f3n de la clasificaci\u00f3n de la temporada pasada. En el A est\u00e1n Zentro Basket Madrid, Fundal Alcobendas y Baloncesto Alcal\u00e1; en el B, Uros de Rivas, CB Fuenlabrada y Qualis CB Villa de Valdemoro, y en el C, Implica Real Canoe, Cesur Distrito Ol\u00edmpico, CB Rozas y Grupo Egido\u00a0Pintobasket. La fase de grupos se disputar\u00e1 durante los tres primeros fines de semana de septiembre, empezando por los partidos de este s\u00e1bado 5: Qualis CB Villa de Valdemoro-Uros de Rivas, CB Las Rozas-Cesur Distrito Ol\u00edmpico y Grupo Egido Pintobasket-Implica Real Canoe.<\/p>\n<p>Los campeones de los grupos A y B, y los dos primeros clasificados del C se clasificar\u00e1n para la fase final, que se celebrar\u00e1 el \u00faltimo fin de semana del mes (26 y 27) en sede por determinar. Todos los partidos de la fase final se podr\u00e1n ver en directo por FBMTV.<\/p>\n<p>El Torneo de Tercera FEB (Liga EBA)\u00a0de la FBM naci\u00f3 en 2009, cuando se celebr\u00f3 la primera edici\u00f3n en el polideportivo El Torre\u00f3n de Pozuelo de Alarc\u00f3n. Desde 2018, el torneo recuerda a Juan Mart\u00edn Ca\u00f1o, presidente de la Federaci\u00f3n de Baloncesto de Madrid durante 23 a\u00f1os, vicepresidente de la FEB y jefe de equipo de la selecci\u00f3n masculina absoluta entre 2002 y 2016.\u00a0<\/p>\n<p>Solo seis equipos han conquistado el torneo en 16 ediciones. El CB Alcobendas manda en el palmar\u00e9s con cinco t\u00edtulos, seguido por el Real Canoe y el Uros de Rivas (vigente campe\u00f3n)\u00a0con tres. Estudiantes y Real Madrid lo han conquistado en dos ocasiones y el\u00a0Eurocolegio Casvi en una.<\/p>\n<p align=\"center\"><strong>XVII TORNEO DE TERCERA FEB MEMORIAL JUAN MART\u00cdN CA\u00d1O<\/strong><\/p>\n<p align=\"center\">Del 5 de septiembre al 27 de septiembre de 2025<\/p>\n<p style=\"text-align: center;\"><strong>Galer\u00edas de fotos: <\/strong>Fase de grupos \/ Fase final<\/p>\n<p style=\"text-align: center;\"><strong>Cr\u00f3nicas:<\/strong> Semifinales \/ Finales y entrega de trofeos<\/p>\n<p>&#13;<br \/>\n    &#13;<\/p>\n<tr>&#13;<br \/>\n            Grupo A&#13;<br \/>\n            Grupo B&#13;<br \/>\n            Grupo C&#13;<br \/>\n&#13;<br \/>\n        <\/tr>\n<p>&#13;<br \/>\n    &#13;<br \/>\n    &#13;<\/p>\n<tr>&#13;<\/p>\n<td>&#13;<\/p>\n<p>ZENTRO BASKET MADRID<\/p>\n<p>&#13;\n            <\/td>\n<p>&#13;<\/p>\n<td>&#13;<\/p>\n<p>UROS DE RIVAS<\/p>\n<p>&#13;\n            <\/td>\n<p>&#13;<\/p>\n<td>&#13;<\/p>\n<p>IMPLICA REAL CANOE<\/p>\n<p>&#13;\n            <\/td>\n<p>&#13;<br \/>\n&#13;<br \/>\n        <\/tr>\n<p>&#13;<\/p>\n<tr>&#13;<\/p>\n<td>&#13;<\/p>\n<p>FUNDAL ALCOBENDAS<\/p>\n<p>&#13;\n            <\/td>\n<p>&#13;<\/p>\n<td>&#13;<\/p>\n<p>CB FUENLABRADA<\/p>\n<p>&#13;\n            <\/td>\n<p>&#13;<\/p>\n<td>&#13;<\/p>\n<p>CESUR DISTRITO OL\u00cdMPICO<\/p>\n<p>&#13;\n            <\/td>\n<p>&#13;<br \/>\n&#13;<br \/>\n        <\/tr>\n<p>&#13;<\/p>\n<tr>&#13;<\/p>\n<td>&#13;<\/p>\n<p>BALONCESTO ALCAL\u00c1<\/p>\n<p>&#13;\n            <\/td>\n<p>&#13;<\/p>\n<td>&#13;<\/p>\n<p>QUALIS\u00a0CB VILLA DE VALDEMORO<\/p>\n<p>&#13;\n            <\/td>\n<p>&#13;<\/p>\n<td>&#13;<\/p>\n<p>CB LAS ROZAS<\/p>\n<p>&#13;\n            <\/td>\n<p>&#13;<br \/>\n&#13;<br \/>\n        <\/tr>\n<p>&#13;<\/p>\n<tr>&#13;<\/p>\n<td><\/td>\n<p>&#13;<\/p>\n<td><\/td>\n<p>&#13;<\/p>\n<td style=\"text-align: center;\">GRUPO EGIDO PINTOBASKET<\/td>\n<p>&#13;<br \/>\n&#13;<br \/>\n        <\/tr>\n<p>&#13;<br \/>\n&#13;<br \/>\n    &#13;<\/p>\n<p>GRUPO A<br \/>\n&#13;<br \/>\n    &#13;<\/p>\n<tr class=\"table-info\">&#13;<\/p>\n<td colspan=\"4\" scope=\"col\" style=\"width: 99.6005%;\" align=\"center\"><strong>1\u00aa JORNADA<\/strong><\/td>\n<p>&#13;<br \/>\n        <\/tr>\n<p>&#13;<\/p>\n<tr>&#13;<\/p>\n<td><strong>Horarios<\/strong><\/td>\n<p>&#13;<\/p>\n<td><strong>Campo<\/strong><\/td>\n<p>&#13;<\/p>\n<td style=\"width: 56.5912%;\"><strong>Partido<\/strong><\/td>\n<p>&#13;<\/p>\n<td style=\"width: 11.0519%;\"><strong>Resultado<\/strong><\/td>\n<p>&#13;<br \/>\n        <\/tr>\n<p>&#13;<br \/>\n&#13;<\/p>\n<tr>&#13;<\/p>\n<td>&#13;<\/p>\n<p>Domingo 06\/09<br \/>19:45 h. <\/p>\n<p>&#13;<br \/>\n&#13;\n            <\/td>\n<p>&#13;<\/p>\n<td>Espartales<\/td>\n<p>&#13;<\/p>\n<td style=\"width: 56.5912%;\">BALONCESTO ALCAL\u00c1 &#8211; ZENTRO BASKET MADRID<\/td>\n<p>&#13;<\/p>\n<td style=\"width: 11.0519%; text-align: center;\">&#8211;<\/td>\n<p>&#13;<br \/>\n        <\/tr>\n<p>&#13;<br \/>\n&#13;<\/p>\n<tr class=\"table-info\">&#13;<\/p>\n<td colspan=\"4\" scope=\"col\" style=\"width: 99.6005%;\" align=\"center\"><strong>2\u00aa JORNADA<\/strong><\/td>\n<p>&#13;<br \/>\n        <\/tr>\n<p>&#13;<\/p>\n<tr>&#13;<\/p>\n<td><strong>Horarios<\/strong><\/td>\n<p>&#13;<\/p>\n<td><strong>Campo<\/strong><\/td>\n<p>&#13;<\/p>\n<td style=\"width: 56.5912%;\"><strong>Partido<\/strong><\/td>\n<p>&#13;<\/p>\n<td style=\"width: 11.0519%;\"><strong>Resultado<\/strong><\/td>\n<p>&#13;<br \/>\n        <\/tr>\n<p>&#13;<\/p>\n<tr>&#13;<\/p>\n<td>&#13;<\/p>\n<p>S\u00e1bado 12\/09<br \/>19:00 h.<\/p>\n<p>&#13;\n            <\/td>\n<p>&#13;<\/p>\n<td>Antela Parada<\/td>\n<p>&#13;<\/p>\n<td style=\"width: 56.5912%;\">FUNDAL ALCOBENDAS &#8211; BALONCESTO ALCAL\u00c1<\/td>\n<p>&#13;<\/p>\n<td style=\"width: 11.0519%; text-align: center;\">&#8211;<\/td>\n<p>&#13;<br \/>\n        <\/tr>\n<p>&#13;<br \/>\n&#13;<\/p>\n<tr class=\"table-info\">&#13;<\/p>\n<td colspan=\"4\" scope=\"col\" style=\"width: 99.6005%;\" align=\"center\"><strong>3\u00aa JORNADA<\/strong><\/td>\n<p>&#13;<br \/>\n        <\/tr>\n<p>&#13;<\/p>\n<tr>&#13;<\/p>\n<td><strong>Horarios<\/strong><\/td>\n<p>&#13;<\/p>\n<td><strong>Campo<\/strong><\/td>\n<p>&#13;<\/p>\n<td style=\"width: 56.5912%;\"><strong>Partido<\/strong><\/td>\n<p>&#13;<\/p>\n<td style=\"width: 11.0519%;\"><strong>Resultado<\/strong><\/td>\n<p>&#13;<br \/>\n        <\/tr>\n<p>&#13;<\/p>\n<tr>&#13;<\/p>\n<td>&#13;<\/p>\n<p>S\u00e1bado 19\/09<br \/>20:15 h.<\/p>\n<p>&#13;\n            <\/td>\n<p>&#13;<\/p>\n<td>Antonio D\u00edaz Miguel<\/td>\n<p>&#13;<\/p>\n<td style=\"width: 56.5912%;\">ZENTRO BASKET MADRID &#8211; FUNDAL ALCOBENDAS<\/td>\n<p>&#13;<\/p>\n<td style=\"width: 11.0519%; text-align: center;\">&#8211;<\/td>\n<p>&#13;<br \/>\n        <\/tr>\n<p>&#13;<br \/>\n&#13;<br \/>\n    &#13;<\/p>\n<p>GRUPO B<br \/>\n&#13;<br \/>\n    &#13;<\/p>\n<tr class=\"table-info\">&#13;<\/p>\n<td colspan=\"4\" scope=\"col\" align=\"center\"><strong>1\u00aa JORNADA<\/strong><\/td>\n<p>&#13;<br \/>\n        <\/tr>\n<p>&#13;<\/p>\n<tr>&#13;<\/p>\n<td><strong>Horarios<\/strong><\/td>\n<p>&#13;<\/p>\n<td><strong>Campo<\/strong><\/td>\n<p>&#13;<\/p>\n<td><strong>Partido<\/strong><\/td>\n<p>&#13;<\/p>\n<td><strong>Resultado<\/strong><\/td>\n<p>&#13;<br \/>\n        <\/tr>\n<p>&#13;<\/p>\n<tr>&#13;<\/p>\n<td>&#13;<\/p>\n<p>S\u00e1bado 05\/09<br \/>18:30 h.&#13;\n                <\/p>\n<p>&#13;\n            <\/td>\n<p>&#13;<\/p>\n<td>&#13;<\/p>\n<p>Jes\u00fas Espa\u00f1a<\/p>\n<p>&#13;\n            <\/td>\n<p>&#13;<\/p>\n<td style=\"text-align: left;\">&#13;<\/p>\n<p>QUALIS CB VILLA DE VALDEMORO &#8211; UROS DE RIVAS<\/p>\n<p>&#13;\n            <\/td>\n<p>&#13;<\/p>\n<td>&#13;<\/p>\n<p>&#8211;<\/p>\n<p>&#13;\n            <\/td>\n<p>&#13;<br \/>\n        <\/tr>\n<p>&#13;<br \/>\n&#13;<\/p>\n<tr class=\"table-info\">&#13;<\/p>\n<td colspan=\"4\" scope=\"col\" align=\"center\"><strong>2\u00aa JORNADA<\/strong><\/td>\n<p>&#13;<br \/>\n        <\/tr>\n<p>&#13;<\/p>\n<tr>&#13;<\/p>\n<td><strong>Horarios<\/strong><\/td>\n<p>&#13;<\/p>\n<td><strong>Campo<\/strong><\/td>\n<p>&#13;<\/p>\n<td><strong>Partido<\/strong><\/td>\n<p>&#13;<\/p>\n<td><strong>Resultado<\/strong><\/td>\n<p>&#13;<br \/>\n        <\/tr>\n<p>&#13;<\/p>\n<tr>&#13;<\/p>\n<td>&#13;<\/p>\n<p>Domingo 13\/09<br \/>18:30 h.&#13;\n                <\/p>\n<p>&#13;\n            <\/td>\n<p>&#13;<\/p>\n<td>&#13;<\/p>\n<p>Fernando Mart\u00edn<\/p>\n<p>&#13;\n            <\/td>\n<p>&#13;<\/p>\n<td>&#13;<\/p>\n<p>CB FUENLABRADA &#8211; QUALIS CB VILLA DE VALDEMORO<\/p>\n<p>&#13;\n            <\/td>\n<p>&#13;<\/p>\n<td>&#13;<\/p>\n<p>&#8211;<\/p>\n<p>&#13;\n            <\/td>\n<p>&#13;<br \/>\n        <\/tr>\n<p>&#13;<br \/>\n&#13;<\/p>\n<tr class=\"table-info\">&#13;<\/p>\n<td colspan=\"4\" scope=\"col\" align=\"center\"><strong>3\u00aa JORNADA<\/strong><\/td>\n<p>&#13;<br \/>\n        <\/tr>\n<p>&#13;<\/p>\n<tr>&#13;<\/p>\n<td><strong>Horarios<\/strong><\/td>\n<p>&#13;<\/p>\n<td><strong>Campo<\/strong><\/td>\n<p>&#13;<\/p>\n<td><strong>Partido<\/strong><\/td>\n<p>&#13;<\/p>\n<td><strong>Resultado<\/strong><\/td>\n<p>&#13;<br \/>\n        <\/tr>\n<p>&#13;<\/p>\n<tr>&#13;<\/p>\n<td>&#13;<\/p>\n<p>S\u00e1bado 19\/09<br \/>18:45 h.<\/p>\n<p>&#13;\n            <\/td>\n<p>&#13;<\/p>\n<td>&#13;<\/p>\n<p>Cerro del Tel\u00e9grafo<\/p>\n<p>&#13;\n            <\/td>\n<p>&#13;<\/p>\n<td style=\"text-align: left;\">&#13;<\/p>\n<p>UROS DE RIVAS &#8211; CB FUENLABRADA<\/p>\n<p>&#13;\n            <\/td>\n<p>&#13;<\/p>\n<td>&#13;<\/p>\n<p>&#8211;<\/p>\n<p>&#13;\n            <\/td>\n<p>&#13;<br \/>\n        <\/tr>\n<p>&#13;<br \/>\n&#13;<br \/>\n    &#13;<\/p>\n<p>GRUPO C<br \/>\n&#13;<br \/>\n    &#13;<\/p>\n<tr class=\"table-info\">&#13;<\/p>\n<td colspan=\"4\" scope=\"col\" align=\"center\"><strong>1\u00aa JORNADA<\/strong><\/td>\n<p>&#13;<br \/>\n        <\/tr>\n<p>&#13;<\/p>\n<tr>&#13;<\/p>\n<td><strong>Horarios<\/strong><\/td>\n<p>&#13;<\/p>\n<td><strong>Campo<\/strong><\/td>\n<p>&#13;<\/p>\n<td><strong>Partido<\/strong><\/td>\n<p>&#13;<\/p>\n<td><strong>Resultado<\/strong><\/td>\n<p>&#13;<br \/>\n        <\/tr>\n<p>&#13;<\/p>\n<tr>&#13;<\/p>\n<td>&#13;<\/p>\n<p>S\u00e1bado 05\/09<br \/>18:30 h.&#13;\n                <\/p>\n<p>&#13;\n            <\/td>\n<p>&#13;<\/p>\n<td>&#13;<\/p>\n<p>Alfredo Espiniella<\/p>\n<p>&#13;\n            <\/td>\n<p>&#13;<\/p>\n<td>&#13;<\/p>\n<p>CB LAS ROZAS &#8211; CESUR DISTRITO OL\u00cdMPICO<\/p>\n<p>&#13;\n            <\/td>\n<p>&#13;<\/p>\n<td>&#13;<\/p>\n<p>&#8211;<\/p>\n<p>&#13;\n            <\/td>\n<p>&#13;<br \/>\n        <\/tr>\n<p>&#13;<\/p>\n<tr>&#13;<\/p>\n<td style=\"text-align: center;\">S\u00e1bado 05\/09<br \/>20:00 h.&#13;\n            <\/td>\n<p>&#13;<\/p>\n<td style=\"text-align: center;\">Pr\u00edncipes de Asturias<\/td>\n<p>&#13;<\/p>\n<td>GRUPO EGIDO PINTOBASKET &#8211; IMPLICA REAL CANOE<\/td>\n<p>&#13;<\/p>\n<td style=\"text-align: center;\">&#8211;<\/td>\n<p>&#13;<br \/>\n        <\/tr>\n<p>&#13;<br \/>\n&#13;<\/p>\n<tr class=\"table-info\">&#13;<\/p>\n<td colspan=\"4\" scope=\"col\" align=\"center\"><strong>2\u00aa JORNADA<\/strong><\/td>\n<p>&#13;<br \/>\n        <\/tr>\n<p>&#13;<\/p>\n<tr>&#13;<\/p>\n<td><strong>Horarios<\/strong><\/td>\n<p>&#13;<\/p>\n<td><strong>Campo<\/strong><\/td>\n<p>&#13;<\/p>\n<td><strong>Partido<\/strong><\/td>\n<p>&#13;<\/p>\n<td><strong>Resultado<\/strong><\/td>\n<p>&#13;<br \/>\n        <\/tr>\n<p>&#13;<\/p>\n<tr>&#13;<\/p>\n<td>&#13;<\/p>\n<p>S\u00e1bado 12\/09<br \/>18:45 h.&#13;\n                <\/p>\n<p>&#13;\n            <\/td>\n<p>&#13;<\/p>\n<td>&#13;<\/p>\n<p>Polideportivo de San Blas<\/p>\n<p>&#13;\n            <\/td>\n<p>&#13;<\/p>\n<td style=\"text-align: left;\">&#13;<\/p>\n<p>CESUR DISTRITO OL\u00cdMPICO &#8211; GRUPO EGIDO PINTOBASKET<\/p>\n<p>&#13;\n            <\/td>\n<p>&#13;<\/p>\n<td>&#13;<\/p>\n<p>&#8211;<\/p>\n<p>&#13;\n            <\/td>\n<p>&#13;<br \/>\n        <\/tr>\n<p>&#13;<\/p>\n<tr>&#13;<\/p>\n<td style=\"text-align: center;\">S\u00e1bado 12\/09<br \/>18:45 h.&#13;\n            <\/td>\n<p>&#13;<\/p>\n<td style=\"text-align: center;\">Real Canoe<\/td>\n<p>&#13;<\/p>\n<td style=\"text-align: left;\">IMPLICA REAL CANOE &#8211; CB LAS ROZAS<\/td>\n<p>&#13;<\/p>\n<td style=\"text-align: center;\">&#8211;<\/td>\n<p>&#13;<br \/>\n        <\/tr>\n<p>&#13;<br \/>\n&#13;<\/p>\n<tr class=\"table-info\">&#13;<\/p>\n<td colspan=\"4\" scope=\"col\" align=\"center\"><strong>3\u00aa JORNADA<\/strong><\/td>\n<p>&#13;<br \/>\n        <\/tr>\n<p>&#13;<\/p>\n<tr>&#13;<\/p>\n<td><strong>Horarios<\/strong><\/td>\n<p>&#13;<\/p>\n<td><strong>Campo<\/strong><\/td>\n<p>&#13;<\/p>\n<td><strong>Partido<\/strong><\/td>\n<p>&#13;<\/p>\n<td><strong>Resultado<\/strong><\/td>\n<p>&#13;<br \/>\n        <\/tr>\n<p>&#13;<\/p>\n<tr>&#13;<\/p>\n<td>&#13;<\/p>\n<p>S\u00e1bado 19\/09<br \/>19:30 h.<\/p>\n<p>&#13;\n            <\/td>\n<p>&#13;<\/p>\n<td>&#13;<\/p>\n<p>Real Canoe<\/p>\n<p>&#13;\n            <\/td>\n<p>&#13;<\/p>\n<td style=\"text-align: left;\">&#13;<\/p>\n<p>IMPLICA REAL CANOE &#8211; CESUR DISTRITO OL\u00cdMPICO<\/p>\n<p>&#13;\n            <\/td>\n<p>&#13;<\/p>\n<td>&#13;<\/p>\n<p>&#8211;<\/p>\n<p>&#13;\n            <\/td>\n<p>&#13;<br \/>\n        <\/tr>\n<p>&#13;<\/p>\n<tr>&#13;<\/p>\n<td style=\"text-align: center;\">S\u00e1bado 19:09<br \/>19:30 h.<\/td>\n<p>&#13;<\/p>\n<td style=\"text-align: center;\">Alfredo Espiniella<\/td>\n<p>&#13;<\/p>\n<td style=\"text-align: center;\">CB LAS ROZAS &#8211; GRUPO EGIDO PINTOBASKET<\/td>\n<p>&#13;<\/p>\n<td style=\"text-align: center;\">&#8211;<\/td>\n<p>&#13;<br \/>\n        <\/tr>\n<p>&#13;<br \/>\n&#13;<br \/>\n    &#13;<\/p>\n<p>\u00a0\u00a0\u00a0<\/p>\n<p style=\"text-align: center;\">Horarios sujetos a posibles cambios de \u00faltima hora<\/p>\n<p>FASE FINAL<\/p>\n<p>&#13;<br \/>\n    &#13;<\/p>\n<tr class=\"table-info\">&#13;<\/p>\n<td colspan=\"4\" scope=\"col\" align=\"center\"><strong>SEMIFINALES<\/strong><\/td>\n<p>&#13;<br \/>\n        <\/tr>\n<p>&#13;<\/p>\n<tr>&#13;<\/p>\n<td><strong>Horarios<\/strong><\/td>\n<p>&#13;<\/p>\n<td><strong>Campo<\/strong><\/td>\n<p>&#13;<\/p>\n<td><strong>Partido<\/strong><\/td>\n<p>&#13;<\/p>\n<td><strong>Resultado<\/strong><\/td>\n<p>&#13;<br \/>\n        <\/tr>\n<p>&#13;<\/p>\n<tr>&#13;<\/p>\n<td>&#13;<\/p>\n<p>S\u00e1bado 26\/09<br \/>hora por determinar<\/p>\n<p>&#13;\n            <\/td>\n<p>&#13;<\/p>\n<td>&#13;<\/p>\n<p>Por determinar<\/p>\n<p>&#13;\n            <\/td>\n<p>&#13;<\/p>\n<td>&#13;<\/p>\n<p>1\u00ba GRUPO A &#8211; 2\u00ba GRUPO C<\/p>\n<p>&#13;\n            <\/td>\n<p>&#13;<\/p>\n<td>&#13;<\/p>\n<p>&#8211;<\/p>\n<p>&#13;\n            <\/td>\n<p>&#13;<br \/>\n        <\/tr>\n<p>&#13;<\/p>\n<tr>&#13;<\/p>\n<td>&#13;<\/p>\n<p>S\u00e1bado 26\/09<br \/>hora por determinar<\/p>\n<p>&#13;\n            <\/td>\n<p>&#13;<\/p>\n<td>&#13;<\/p>\n<p>Por determinar<\/p>\n<p>&#13;\n            <\/td>\n<p>&#13;<\/p>\n<td>&#13;<\/p>\n<p>1\u00ba GRUPO B &#8211; 1\u00ba GRUPO C<\/p>\n<p>&#13;\n            <\/td>\n<p>&#13;<\/p>\n<td>&#13;<\/p>\n<p>&#8211;<\/p>\n<p>&#13;\n            <\/td>\n<p>&#13;<br \/>\n        <\/tr>\n<p>&#13;<\/p>\n<tr class=\"table-info\">&#13;<\/p>\n<td colspan=\"4\" scope=\"col\" align=\"center\"><strong>FINAL<\/strong><\/td>\n<p>&#13;<br \/>\n        <\/tr>\n<p>&#13;<\/p>\n<tr>&#13;<\/p>\n<td><strong>Horarios<\/strong><\/td>\n<p>&#13;<\/p>\n<td><strong>Campo<\/strong><\/td>\n<p>&#13;<\/p>\n<td><strong>Partido<\/strong><\/td>\n<p>&#13;<\/p>\n<td><strong>Resultado<\/strong><\/td>\n<p>&#13;<br \/>\n        <\/tr>\n<p>&#13;<\/p>\n<tr>&#13;<\/p>\n<td>&#13;<\/p>\n<p>Domingo 27\/09<br \/>hora por determinar<\/p>\n<p>&#13;\n            <\/td>\n<p>&#13;<\/p>\n<td>&#13;<\/p>\n<p>Por determinar<\/p>\n<p>&#13;\n            <\/td>\n<p>&#13;<\/p>\n<td>&#13;<\/p>\n<p>VENCEDORES SEMIFINALES<\/p>\n<p>&#13;\n            <\/td>\n<p>&#13;<\/p>\n<td>&#13;<\/p>\n<p>&#8211;<\/p>\n<p>&#13;\n            <\/td>\n<p>&#13;<br \/>\n        <\/tr>\n<p>&#13;<br \/>\n    &#13;<\/p>\n<p>\u00a0<\/p>\n<p style=\"text-align: center;\"><img decoding=\"async\" src=\"https:\/\/www.europesays.com\/es\/wp-content\/uploads\/2026\/09\/zoom-foto-64857.jpg\" style=\"width: 300px;\"\/><\/p>\n","protected":false},"excerpt":{"rendered":"Es el m\u00e1s veterano, el m\u00e1s numeroso y el primero en arrancar.\u00a0En su XVII edici\u00f3n, el Torneo de&hellip;\n","protected":false},"author":2,"featured_media":743837,"comment_status":"","ping_status":"","sticky":false,"template":"","format":"standard","meta":{"footnotes":""},"categories":[269],"tags":[299,298,5145,3008,19912,168,158,25,24,2612,2500,205,10,338,23,167,2393,775,1793],"class_list":["post-743836","post","type-post","status-publish","format-standard","has-post-thumbnail","category-baloncesto","tag-baloncesto","tag-basketball","tag-clasico","tag-de","tag-del","tag-deportes","tag-el","tag-es","tag-espana","tag-feb","tag-federacion","tag-madrid","tag-noticias","tag-portada","tag-spain","tag-sports","tag-tercera","tag-torneo","tag-verano"],"share_on_mastodon":{"url":"","error":""},"_links":{"self":[{"href":"https:\/\/www.europesays.com\/es\/wp-json\/wp\/v2\/posts\/743836","targetHints":{"allow":["GET"]}}],"collection":[{"href":"https:\/\/www.europesays.com\/es\/wp-json\/wp\/v2\/posts"}],"about":[{"href":"https:\/\/www.europesays.com\/es\/wp-json\/wp\/v2\/types\/post"}],"author":[{"embeddable":true,"href":"https:\/\/www.europesays.com\/es\/wp-json\/wp\/v2\/users\/2"}],"replies":[{"embeddable":true,"href":"https:\/\/www.europesays.com\/es\/wp-json\/wp\/v2\/comments?post=743836"}],"version-history":[{"count":0,"href":"https:\/\/www.europesays.com\/es\/wp-json\/wp\/v2\/posts\/743836\/revisions"}],"wp:featuredmedia":[{"embeddable":true,"href":"https:\/\/www.europesays.com\/es\/wp-json\/wp\/v2\/media\/743837"}],"wp:attachment":[{"href":"https:\/\/www.europesays.com\/es\/wp-json\/wp\/v2\/media?parent=743836"}],"wp:term":[{"taxonomy":"category","embeddable":true,"href":"https:\/\/www.europesays.com\/es\/wp-json\/wp\/v2\/categories?post=743836"},{"taxonomy":"post_tag","embeddable":true,"href":"https:\/\/www.europesays.com\/es\/wp-json\/wp\/v2\/tags?post=743836"}],"curies":[{"name":"wp","href":"https:\/\/api.w.org\/{rel}","templated":true}]}}