{"id":743842,"date":"2026-09-02T11:04:35","date_gmt":"2026-09-02T11:04:35","guid":{"rendered":"https:\/\/www.europesays.com\/es\/743842\/"},"modified":"2026-09-02T11:04:35","modified_gmt":"2026-09-02T11:04:35","slug":"las-claves-del-interiorismo-de-lujo-que-triunfan-este-otono-invierno-2026-2027-de-yves-saint-laurent-a-tu-salon","status":"publish","type":"post","link":"https:\/\/www.europesays.com\/es\/743842\/","title":{"rendered":"Las claves del interiorismo de lujo que triunfan este oto\u00f1o-invierno 2026\/2027: de Yves Saint Laurent a tu sal\u00f3n"},"content":{"rendered":"<p class=\"paragraph\" id=\"paragraph_1\">Hasta hace poco, el dise\u00f1o de interiores era puro minimalismo: grises fr\u00edos, blanco y superficies lisas. El lujo en casa se med\u00eda en metros de m\u00e1rmol y sof\u00e1s blancos que parec\u00eda que nadie se atrev\u00eda a tocar. Pero esa uniformidad sin alma, donde todo viene de la misma l\u00ednea est\u00e1ndar, se est\u00e1 quedando atr\u00e1s.<\/p>\n<p class=\"paragraph\" id=\"paragraph_2\"><strong>La tendencia que manda esta temporada no es un estilo cerrado, sino una actitud: la del coleccionista<\/strong>.<strong> <\/strong>Y para entenderlo, no hay mejor referencia que las casas de Yves Saint Laurent.<\/p>\n<p class=\"paragraph\" id=\"paragraph_3\">El creativo era una persona profunda e introvertida. Las obras de arte, los cuadros y el ambiente de su vivienda le serv\u00edan como una barrera protectora frente al mundo y, a la vez, como una fuente de inspiraci\u00f3n para sus propuestas.<\/p>\n<p><img loading=\"lazy\" decoding=\"async\" alt=\"Este verano, adem\u00e1s de la protecci\u00f3n solar, en el bolso de playa hay que meter un buen libro. \" height=\"240\" src=\"https:\/\/www.europesays.com\/es\/wp-content\/uploads\/2026\/09\/h:240&#038;h=ULFOeevB.jpeg\" width=\"320\" data-lazy-status=\"processed\" data-lazy-info=\"remove loading item 1\"\/><\/p>\n<p class=\"paragraph\" id=\"paragraph_4\">Ten\u00eda un don \u00fanico para unir lo que parec\u00eda imposible: pod\u00eda juntar en una misma habitaci\u00f3n el barroco franc\u00e9s, los azulejos marroqu\u00edes, un icono ruso y un t\u00f3tem africano. Y ninguno restaba protagonismo al otro; al contrario, generaban un universo propio, arm\u00f3nico y un con un toque m\u00edstico.<\/p>\n<p class=\"paragraph\" id=\"paragraph_5\"><strong>Pierre Berg\u00e9, recordando la vida con el dise\u00f1ador en el famoso n\u00famero 55 de <\/strong><strong>la Rue de Babylone<\/strong><strong> en Par\u00eds, dec\u00eda<\/strong>: \u00abConstruimos esta casa juntos. Nunca la pensamos como una decoraci\u00f3n, sino como un lugar para vivir. Eleg\u00edamos las cosas no porque fueran caras o estuvieran de moda, sino porque hac\u00edan que nuestro coraz\u00f3n latiera m\u00e1s fuerte\u00bb.<\/p>\n<p class=\"paragraph\" id=\"paragraph_6\">Cada objeto reflejaba a las personas que la habitaban. Y eso es exactamente lo que el lujo busca a d\u00eda de hoy.<\/p>\n<p>Curated chaos<\/p>\n<p class=\"paragraph\" id=\"paragraph_7\">Este anglicismo empez\u00f3 a circular en las revistas de dise\u00f1o m\u00e1s influyentes del mundo, y no, no es casualidad.<strong> El \u00abcaos organizado\u00bb es un hogar que parece vivo, que cuenta historias, que mezcla \u00e9pocas, culturas y materiales sin pedir permiso<\/strong>.<strong> <\/strong>Por ejemplo, en la casa de Saint Laurent, un cuadro de Mondrian pod\u00eda colgar junto a un espejo veneciano.<\/p>\n<p><img decoding=\"async\" alt=\"Ejemplo actualizado de la est\u00e9tica 'lived-in'.\" data-imgm=\"true\" height=\"1280\" loading=\"lazy\"  src=\"https:\/\/www.europesays.com\/es\/wp-content\/uploads\/2026\/09\/h:1280&#038;h=bLpWl9rX.jpeg\"  width=\"1706\"\/><\/p>\n<p>                                                            Ejemplo actualizado de la est\u00e9tica &#8216;lived-in&#8217;.<\/p>\n<p>                    Unsplash<\/p>\n<p class=\"paragraph\" id=\"paragraph_8\">Ese contraste no era ruido visual: era <strong>personalidad <\/strong>y ah\u00ed es donde est\u00e1 la clave del nuevo lujo en la actualidad.<\/p>\n<p class=\"paragraph\" id=\"paragraph_9\">Vogue, en su edici\u00f3n estadounidense, lo dej\u00f3 claro el pasado mes de julio en su an\u00e1lisis de tendencias de este a\u00f1o. <strong>La est\u00e9tica <\/strong><strong>lived-in<\/strong> \u2014vivida, habitada\u2014 es la gran protagonista, frente a la frialdad de los espacios creados bajo la influencia de la inteligencia artificial. Hoy defendemos el toque humano, abrazamos la imperfecci\u00f3n y la huella que deja el paso del tiempo.<\/p>\n<p class=\"paragraph\" id=\"paragraph_10\"><strong>El<\/strong> <strong>curated chaos<\/strong><strong> mezcla las historias, la cultura y la mirada editorial que esconde el maximalismo<\/strong>. En t\u00e9rminos de Yves Saint Laurent, es el escenario perfecto para que obras contempor\u00e1neas, antig\u00fcedades y piezas internacionales convivan sin tener que pedir disculpas estil\u00edsticas por reflejar la aut\u00e9ntica esencia.<\/p>\n<p><img decoding=\"async\" alt=\"El 'curated chaos' en una sola imagen.\" data-imgm=\"true\" height=\"1280\" loading=\"lazy\"  src=\"https:\/\/www.europesays.com\/es\/wp-content\/uploads\/2026\/09\/h:1280&#038;h=PftK9kfz.jpeg\"  width=\"1706\"\/><\/p>\n<p>                                                            El &#8216;curated chaos&#8217; en una sola imagen.<\/p>\n<p>                    Unsplash<\/p>\n<p>La mirada de YSL<\/p>\n<p class=\"paragraph\" id=\"paragraph_11\">Para descifrar las claves del interiorismo de lujo de cara a este oto\u00f1o-invierno 2026\/2027, tomar a Saint Laurent como gu\u00eda es, sin duda, el camino m\u00e1s acertado.<\/p>\n<p class=\"paragraph\" id=\"paragraph_12\">La nueva paleta crom\u00e1tica ya no se limita a los tonos neutros: evoluciona hacia los c\u00e1lidos y tierra \u2014<strong>desde melocot\u00f3n suave hasta el verde musgo profundo<\/strong>\u2014, acentos joya y notas met\u00e1licas de aspecto gastado.<\/p>\n<p class=\"paragraph\" id=\"paragraph_13\">Esta temporada supone el resurgir de las texturas, del maximalismo curado y cuidado, la llegada de los muebles inteligentes y la decoraci\u00f3n sostenible. Desde este prisma <strong>surge una lectura muy<\/strong><strong> yvesiana<\/strong><strong>: la combinaci\u00f3n de lo ex\u00f3tico con lo dom\u00e9stico, lo artesanal con la tecnolog\u00eda, el pasado con el futuro<\/strong>.<\/p>\n<p>Con acento<\/p>\n<p class=\"paragraph\" id=\"paragraph_14\">En cuanto a colores, toca decirle adi\u00f3s a ese gris impasible que define la visi\u00f3n de la Generaci\u00f3n Milenial. En su lugar imagina paredes en tonos c\u00e1lidos \u2014melocot\u00f3n p\u00e1lido o terracota atenuado\u2014 que act\u00faan como una especie de lienzo para obras y muebles con personalidad.<\/p>\n<p class=\"paragraph\" id=\"paragraph_15\">Los acentos en <strong>verde musgo o azul petr\u00f3leo<\/strong> funcionan a modo de gemas preciosas y ti\u00f1en cojines y cortinas, como suced\u00eda en las salas parisinas de los a\u00f1os 50. <strong>El truco del dise\u00f1ador: no homogeneizar<\/strong>, deja que cada detalle cuente una parte de la biograf\u00eda del espacio, de su historia.<\/p>\n<p class=\"paragraph\" id=\"paragraph_16\">Como consejo, es recomendable reservar las apuestas m\u00e1s intensas para piezas singulares \u2014una butaca, una alfombra, un mural&#8230;\u2014, como esos accesorios que complementan los outfits que son capaces de robar miradas a su paso.<\/p>\n<p><img decoding=\"async\" alt=\"Los tonos c\u00e1lidos y detalles 'joya', un t\u00e1ndem infalible esta temporada.\" data-imgm=\"true\" height=\"1280\" loading=\"lazy\"  src=\"https:\/\/www.europesays.com\/es\/wp-content\/uploads\/2026\/09\/h:1280&#038;h=QR_kZ0Y_.jpeg\"  width=\"1706\"\/><\/p>\n<p>                                                            Los tonos c\u00e1lidos y detalles &#8216;joya&#8217;, un t\u00e1ndem infalible esta temporada.<\/p>\n<p>                    Unsplash<\/p>\n<p>Texturas, texturas y texturas<\/p>\n<p class=\"paragraph\" id=\"paragraph_17\">Un must en el plano del interiorismo en la actualidad es todo aquello que invite a tocar.<strong> Tejidos como el terciopelo y el lino grueso o las arcillas sin esmaltar<\/strong>, la madera con veta marcada y la piedra trabajada a mano hacen acto de presencia y pisan con fuerza.<\/p>\n<p class=\"paragraph\" id=\"paragraph_18\">Esta tendencia entronca tambi\u00e9n con la filosof\u00eda de YSL, que coleccionaba piezas por su alma t\u00e1ctil; hoy esa preferencia se traduce en capas de textura que hablan de artesan\u00eda y cuidados.<\/p>\n<p class=\"paragraph\" id=\"paragraph_19\">Una propuesta que funcione a la perfecci\u00f3n podr\u00eda ser la de combinar un sof\u00e1 de terciopelo con una mesa de caf\u00e9 de madera reparada. Otra alternativa, la de un mueble lacado con una l\u00e1mpara de lat\u00f3n oxidado. Y no, <strong>no escondas los supuestos defectos: haz de ellos la mejor virtud del mobiliario<\/strong>.<\/p>\n<p><img decoding=\"async\" alt=\"'Mix and match' de texturas y colores.\" data-imgm=\"true\" height=\"1280\" loading=\"lazy\"  src=\"https:\/\/www.europesays.com\/es\/wp-content\/uploads\/2026\/09\/h:1280&#038;h=e6Rn39IO.jpeg\"  width=\"1706\"\/><\/p>\n<p>                                                            &#8216;Mix and match&#8217; de texturas y colores.<\/p>\n<p>                    Unsplash<\/p>\n<p>Tecnolog\u00eda sensible<\/p>\n<p class=\"paragraph\" id=\"paragraph_20\">Aunque el pasado importa, el futuro avanza muy r\u00e1pido y la tecnolog\u00eda ya es parte de la vida diaria. Sin embargo, ahora los aparatos del hogar son m\u00e1s discretos y se esconden detr\u00e1s de materiales nobles.<\/p>\n<p class=\"paragraph\" id=\"paragraph_21\"><strong>La tendencia es integrar el <\/strong><strong>smart<\/strong><strong> sin perder la calidez humana<\/strong>: luces que emulan atardeceres, altavoces camuflados como esculturas, mesas con carga inal\u00e1mbrica sin que se note&#8230;<\/p>\n<p>Teatralidad cotidiana<\/p>\n<p class=\"paragraph\" id=\"paragraph_22\">La luz es la nueva estrella: desde l\u00e1mparas escult\u00f3ricas hasta apliques con p\u00e1tina, velas y luces puntuales que componen escenarios interiores.<strong> Es el elemento que define el car\u00e1cter de cada rinc\u00f3n<\/strong>.<\/p>\n<p><img decoding=\"async\" alt=\"La iluminaci\u00f3n c\u00e1lida, elemento clave en el interiorismo.\" data-imgm=\"true\" height=\"1280\" loading=\"lazy\"  src=\"https:\/\/www.europesays.com\/es\/wp-content\/uploads\/2026\/09\/h:1280&#038;h=bbUhjnz9.jpeg\"  width=\"1706\"\/><\/p>\n<p>                                                            La iluminaci\u00f3n c\u00e1lida, elemento clave en el interiorismo.<\/p>\n<p>                    Unsplash<\/p>\n<p class=\"paragraph\" id=\"paragraph_23\">Todo esto es simplemente inspiraci\u00f3n. No hay reglas escritas ni un manual a seguir. <strong>Al final, tu casa no es un cat\u00e1logo de tendencias ni un escaparate para impresionar a nadie<\/strong>. Es tu espacio, el \u00fanico donde puedes ser exactamente quien eres sin filtros.<\/p>\n<p><img decoding=\"async\" alt=\"Un ba\u00f1o ideal.\" height=\"240\" loading=\"lazy\" width=\"320\" data-lazy-status=\"processed\" id=\"54d761bcf0\" src=\"https:\/\/www.elespanol.com\/mujer\/estilo-vida\/decoracion\/20260901\/claves-interiorismo-lujo-triunfan-otono-invierno-yves-saint-laurent-salon\/[\" https:=\"\" data-lazy-info=\"changed src\"\/><\/p>\n<p class=\"paragraph\" id=\"paragraph_24\">El dise\u00f1o de interiores se ha transformado en algo m\u00e1s parecido a un proceso de meditaci\u00f3n que a una tarea decorativa. <strong>Ya no se trata de llenar habitaciones, sino de vaciarlas de lo que sobra para dejar s\u00f3lo lo que importa<\/strong>. Supone tomarse el tiempo de preguntarse: \u00bfesto me hace sentir bien? \u00bfme representa?<\/p>\n<p class=\"paragraph\" id=\"paragraph_25\"><strong>Construir un hogar de forma consciente significa elegir con calma<\/strong>. Dejar que las piezas lleguen cuando tengan que hacerlo, que los espacios evolucionen contigo, que una pared vac\u00eda no sea un problema, sino una oportunidad.<\/p>\n<p class=\"paragraph\" id=\"paragraph_26\">Al final, <strong>el lujo m\u00e1s aut\u00e9ntico<\/strong> no es el m\u00e1rmol ni el terciopelo ni la \u00faltima l\u00e1mpara de dise\u00f1o. Es llegar a casa y sentir que todo lo que ves te pertenece, que cada rinc\u00f3n cuenta algo de ti. Es vivir con gusto, pero, sobre todo, vivir a gusto.<\/p>\n","protected":false},"excerpt":{"rendered":"Hasta hace poco, el dise\u00f1o de interiores era puro minimalismo: grises fr\u00edos, blanco y superficies lisas. El lujo&hellip;\n","protected":false},"author":2,"featured_media":743843,"comment_status":"","ping_status":"","sticky":false,"template":"","format":"standard","meta":{"footnotes":""},"categories":[173],"tags":[229,233,231,230,8372,232,234,146,147,25,24,1531,23,28046],"class_list":["post-743842","post","type-post","status-publish","format-standard","has-post-thumbnail","category-arte-y-diseno","tag-arte","tag-arte-y-diseno","tag-arts","tag-arts-and-design","tag-decoracion","tag-design","tag-diseno","tag-entertainment","tag-entretenimiento","tag-es","tag-espana","tag-lujo","tag-spain","tag-yves-saint-laurent"],"share_on_mastodon":{"url":"https:\/\/pubeurope.com\/@es\/117201122008263969","error":""},"_links":{"self":[{"href":"https:\/\/www.europesays.com\/es\/wp-json\/wp\/v2\/posts\/743842","targetHints":{"allow":["GET"]}}],"collection":[{"href":"https:\/\/www.europesays.com\/es\/wp-json\/wp\/v2\/posts"}],"about":[{"href":"https:\/\/www.europesays.com\/es\/wp-json\/wp\/v2\/types\/post"}],"author":[{"embeddable":true,"href":"https:\/\/www.europesays.com\/es\/wp-json\/wp\/v2\/users\/2"}],"replies":[{"embeddable":true,"href":"https:\/\/www.europesays.com\/es\/wp-json\/wp\/v2\/comments?post=743842"}],"version-history":[{"count":0,"href":"https:\/\/www.europesays.com\/es\/wp-json\/wp\/v2\/posts\/743842\/revisions"}],"wp:featuredmedia":[{"embeddable":true,"href":"https:\/\/www.europesays.com\/es\/wp-json\/wp\/v2\/media\/743843"}],"wp:attachment":[{"href":"https:\/\/www.europesays.com\/es\/wp-json\/wp\/v2\/media?parent=743842"}],"wp:term":[{"taxonomy":"category","embeddable":true,"href":"https:\/\/www.europesays.com\/es\/wp-json\/wp\/v2\/categories?post=743842"},{"taxonomy":"post_tag","embeddable":true,"href":"https:\/\/www.europesays.com\/es\/wp-json\/wp\/v2\/tags?post=743842"}],"curies":[{"name":"wp","href":"https:\/\/api.w.org\/{rel}","templated":true}]}}