{"id":743844,"date":"2026-09-02T11:06:23","date_gmt":"2026-09-02T11:06:23","guid":{"rendered":"https:\/\/www.europesays.com\/es\/743844\/"},"modified":"2026-09-02T11:06:23","modified_gmt":"2026-09-02T11:06:23","slug":"ana-rosa-quintana-sobre-sus-inicios-al-celebrar-5-000-programas-cuando-empezamos-no-existia-whatsapp-ni-youtube-ni-el-iphone","status":"publish","type":"post","link":"https:\/\/www.europesays.com\/es\/743844\/","title":{"rendered":"Ana Rosa Quintana, sobre sus inicios al celebrar 5.000 programas: \u00abCuando empezamos no exist\u00eda WhatsApp, ni YouTube, ni el iPhone\u00bb"},"content":{"rendered":"<p data-journey-content=\"true\" data-node-id=\"3\" class=\"css-1ood0zq emevuu60\"><a href=\"https:\/\/www.diezminutos.es\/ana-rosa-quintana\/\" target=\"_blank\" data-vars-ga-outbound-link=\"https:\/\/www.diezminutos.es\/ana-rosa-quintana\/\" data-vars-ga-ux-element=\"Hyperlink\" data-vars-ga-call-to-action=\"Ana Rosa Quintana\" data-node-id=\"3.0\" class=\"body-link css-1v1lrc0 emevuu60\" rel=\"nofollow noopener\">Ana Rosa Quintana<\/a> ha celebrado los 5.000 programas de &#8216;<a href=\"https:\/\/www.diezminutos.es\/el-programa-de-ana-rosa\/\" target=\"_blank\" data-vars-ga-outbound-link=\"https:\/\/www.diezminutos.es\/el-programa-de-ana-rosa\/\" data-vars-ga-ux-element=\"Hyperlink\" data-vars-ga-call-to-action=\"El programa de Ana Rosa\" data-node-id=\"3.2\" class=\"body-link css-1v1lrc0 emevuu60\" rel=\"nofollow noopener\">El programa de Ana Rosa<\/a>&#8216; con un discurso que ha dejado claro el paso del tiempo: \u00ab<strong data-node-id=\"3.4\">Cuando empez\u00f3 este programa no exist\u00eda WhatsApp, ni pantallas t\u00e1ctiles, no exist\u00eda YouTube, no exist\u00eda el iPhone, ni Twitter, ni Facebook<\/strong>\u00ab. La presentadora quiso recordar este hito al final de la segunda entrega de la temporada, despu\u00e9s de un debut en el que cumpli\u00f3 <a href=\"https:\/\/www.diezminutos.es\/famosos-corazon\/famosos-espanoles\/a73565763\/ana-rosa-quintana-ceuta-vuelve-programa-2026\/\" target=\"_blank\" data-vars-ga-outbound-link=\"https:\/\/www.diezminutos.es\/famosos-corazon\/famosos-espanoles\/a73565763\/ana-rosa-quintana-ceuta-vuelve-programa-2026\/\" data-vars-ga-ux-element=\"Hyperlink\" data-vars-ga-call-to-action=\"su tradici\u00f3n m\u00e1s comentada y realiz\u00f3 un discurso reivindicativo\" data-node-id=\"3.6\" class=\"body-link css-1v1lrc0 emevuu60\" rel=\"nofollow noopener\">su tradici\u00f3n m\u00e1s comentada y realiz\u00f3 un discurso reivindicativo<\/a> y record\u00f3 c\u00f3mo era el mundo cuando su matinal comenz\u00f3 su andadura en Telecinco. <\/p>\n<p data-journey-content=\"true\" data-node-id=\"9\" class=\"css-1ood0zq emevuu60\">La comunicadora dej\u00f3 durante unos minutos su tono m\u00e1s cr\u00edtico para lanzar un mensaje de agradecimiento a la audiencia y a todos los compa\u00f1eros que han formado parte del programa durante m\u00e1s de dos d\u00e9cadas. \u00abMiles de horas delante de una c\u00e1mara, miles de historias, de entrevistas, de noticias, de risas y tambi\u00e9n momentos dif\u00edciles\u00bb, comenz\u00f3 diciendo Ana Rosa en su discurso. Y recordaba que \u00abcuando empezamos no exist\u00eda WhatsApp, ni YouTube, ni el iPhone\u00bb.<\/p>\n<p>Ana Rosa Quintana recuerda c\u00f3mo era el mundo cuando empez\u00f3 su programa<img draggable=\"true\" alt=\"ana rosa quintana\" title=\"ana rosa quintana\" loading=\"lazy\" width=\"2100\" height=\"1180\" decoding=\"async\" data-nimg=\"1\" style=\"color:transparent;width:100%;height:auto;\"   src=\"https:\/\/www.europesays.com\/es\/wp-content\/uploads\/2026\/09\/b8edb01a-1245-434c-9fc4-382f4ecb9ddb.jpg\" class=\"css-0 e1ddfba50\"\/><\/p>\n<p>Mediaset<\/p>\n<p data-journey-content=\"true\" data-node-id=\"15\" class=\"css-1ood0zq emevuu60\">La parte m\u00e1s llamativa de su intervenci\u00f3n fue la comparaci\u00f3n entre el mundo de 2005 y el de ahora. &#8216;<strong data-node-id=\"15.1\">El programa de Ana Rosa&#8217; se estren\u00f3 el 10 de enero de 2005, una fecha que, vista desde 2026, parece pertenecer a otra \u00e9poca televisiva, pol\u00edtica y tecnol\u00f3gica<\/strong>. \u00abCuando empez\u00f3 este programa no exist\u00eda WhatsApp, ni pantallas t\u00e1ctiles, no exist\u00eda YouTube, no exist\u00eda el iPhone, ni Twitter, ni Facebook, Juan Pablo II segu\u00eda siendo Papa, George Bush era presidente de EEUU, Zapatero acababa de llegar a La Moncloa y el tsunami del \u00cdndico acababa de arrasar Asia\u00bb.<\/p>\n<p data-journey-content=\"true\" data-node-id=\"20\" class=\"css-1ood0zq emevuu60\">Es una manera de medir todo lo que ha cambiado desde que la presentadora lleg\u00f3 a las ma\u00f1anas de Telecinco. Cuando el programa empez\u00f3, las redes sociales todav\u00eda no condicionaban la conversaci\u00f3n como ahora, los m\u00f3viles no eran el centro de la vida diaria y la televisi\u00f3n segu\u00eda funcionando en un escenario muy distinto al actual. <\/p>\n<p><img draggable=\"true\" alt=\"ana rosa quintana\" title=\"ana rosa quintana\" loading=\"lazy\" width=\"6205\" height=\"4139\" decoding=\"async\" data-nimg=\"1\" style=\"color:transparent;width:100%;height:auto;\"   src=\"https:\/\/www.europesays.com\/es\/wp-content\/uploads\/2026\/09\/31906194-9682-46bb-90b3-2e5491251596.jpeg\" class=\"css-0 e1ddfba50\"\/><\/p>\n<p>Aldara Zarraoa\/\/Getty Images<\/p>\n<p>Ana Rosa recuerda a los que ya no est\u00e1n<\/p>\n<p data-journey-content=\"true\" data-node-id=\"26\" class=\"css-1ood0zq emevuu60\">Ana Rosa tambi\u00e9n quiso poner el foco en la relaci\u00f3n diaria con los espectadores. \u00abSon 5.000 ma\u00f1anas entrando en las casas de millones de personas para contarles qu\u00e9 estaba pasando. Pero 5.000 programas son, sobre todo, 5.000 veces levantarse y volver a empezar\u00bb, afirm\u00f3 durante su mensaje. La presentadora subray\u00f3 as\u00ed una de las claves de los programas diarios: la rutina, la constancia y la obligaci\u00f3n de volver cada ma\u00f1ana, ocurra lo que ocurra. En estos a\u00f1os, &#8216;El programa de Ana Rosa&#8217; ha contado elecciones, crisis pol\u00edticas, sucesos, entrevistas, cambios sociales, historias de famosos y grandes temas de actualidad.  <\/p>\n<p data-journey-content=\"true\" data-node-id=\"31\" class=\"css-1ood0zq emevuu60\">En su discurso, Ana Rosa no quiso quedarse solo en la cifra. Tambi\u00e9n record\u00f3 a quienes han formado parte del equipo a lo largo de estas dos d\u00e9cadas. \u00abHay compa\u00f1eros que estuvieron al principio, otros que se incorporaron por el camino y otros que se fueron para siempre y que guardamos en nuestra memoria\u00bb, dijo la presentadora. La periodista explic\u00f3 adem\u00e1s que algunos compa\u00f1eros actuales nacieron el mismo a\u00f1o en el que comenz\u00f3 el programa. Ana Rosa a\u00f1adi\u00f3 otro dato muy familiar del equipo: durante estos a\u00f1os, vinculados al programa, \u00abhan venido al mundo 65 beb\u00e9s\u00bb y muchos de ellos ya est\u00e1n en la universidad.<\/p>\n<p>Los par\u00e9ntesis de Ana Rosa Quintana en las ma\u00f1anas de Telecinco<img draggable=\"true\" alt=\"ana rosa quintana\" title=\"ana rosa quintana\" loading=\"lazy\" width=\"3205\" height=\"2137\" decoding=\"async\" data-nimg=\"1\" style=\"color:transparent;width:100%;height:auto;\"   src=\"https:\/\/www.europesays.com\/es\/wp-content\/uploads\/2026\/09\/c05e2d87-af86-4ad4-b723-5ce898582a4e.jpg\" class=\"css-0 e1ddfba50\"\/><\/p>\n<p>Sergio R Moreno<\/p>\n<p data-journey-content=\"true\" data-node-id=\"37\" class=\"css-1ood0zq emevuu60\">El recorrido de Ana Rosa Quintana en Telecinco tambi\u00e9n ha tenido pausas importantes. Una de las m\u00e1s duras lleg\u00f3 a finales de 2021, cuando <a href=\"https:\/\/www.diezminutos.es\/famosos-corazon\/famosos-espanoles\/a23918117\/ana-rosa-quintana-cancer-mama\/\" target=\"_blank\" data-vars-ga-outbound-link=\"https:\/\/www.diezminutos.es\/famosos-corazon\/famosos-espanoles\/a23918117\/ana-rosa-quintana-cancer-mama\/\" data-vars-ga-ux-element=\"Hyperlink\" data-vars-ga-call-to-action=\"la presentadora anunci\u00f3 que ten\u00eda c\u00e1ncer de mama\" data-node-id=\"37.1\" class=\"body-link css-1v1lrc0 emevuu60\" rel=\"nofollow noopener\">la presentadora anunci\u00f3 que ten\u00eda c\u00e1ncer de mama<\/a> y se apart\u00f3 temporalmente de la televisi\u00f3n. <a href=\"https:\/\/www.diezminutos.es\/famosos-corazon\/famosos-espanoles\/a41147480\/ana-rosa-quintana-vuelta-television\/\" target=\"_blank\" data-vars-ga-outbound-link=\"https:\/\/www.diezminutos.es\/famosos-corazon\/famosos-espanoles\/a41147480\/ana-rosa-quintana-vuelta-television\/\" data-vars-ga-ux-element=\"Hyperlink\" data-vars-ga-call-to-action=\"Regres\u00f3 a su puesto de trabajo 342 d\u00edas despu\u00e9s\" data-node-id=\"37.3\" class=\"body-link css-1v1lrc0 emevuu60\" rel=\"nofollow noopener\">Regres\u00f3 a su puesto de trabajo 342 d\u00edas despu\u00e9s<\/a>. El otro par\u00e9ntesis se produjo cuando <a href=\"https:\/\/www.diezminutos.es\/famosos-corazon\/famosos-espanoles\/a65584391\/ana-rosa-quintana-explica-cambio-joaquin-prat-tardes-telecinco\/\" target=\"_blank\" data-vars-ga-outbound-link=\"https:\/\/www.diezminutos.es\/famosos-corazon\/famosos-espanoles\/a65584391\/ana-rosa-quintana-explica-cambio-joaquin-prat-tardes-telecinco\/\" data-vars-ga-ux-element=\"Hyperlink\" data-vars-ga-call-to-action=\"la comunicadora dej\u00f3 las ma\u00f1anas para saltar a las tardes de Telecinco\" data-node-id=\"37.5\" class=\"body-link css-1v1lrc0 emevuu60\" rel=\"nofollow noopener\">la comunicadora dej\u00f3 las ma\u00f1anas para saltar a las tardes de Telecinco<\/a> durante 16 meses, desde 2023 <a href=\"https:\/\/www.diezminutos.es\/teleprograma\/programas-tv\/a62563143\/ana-rosa-quintana-deja-tardear-motivo-premio-ciudad-alcala-artes-letras\/\" target=\"_blank\" data-vars-ga-outbound-link=\"https:\/\/www.diezminutos.es\/teleprograma\/programas-tv\/a62563143\/ana-rosa-quintana-deja-tardear-motivo-premio-ciudad-alcala-artes-letras\/\" data-vars-ga-ux-element=\"Hyperlink\" data-vars-ga-call-to-action=\"hasta finales de enero de 2025\" data-node-id=\"37.7\" class=\"body-link css-1v1lrc0 emevuu60\" rel=\"nofollow noopener\">hasta finales de enero de 2025<\/a>. Ana Rosa cerr\u00f3 su discurso con una frase que tambi\u00e9n mira hacia adelante. \u00abHoy toca celebrar el privilegio de haber llegado hasta aqu\u00ed. Porque cumplir 5.000 programas no es solo haber durado. Esta es la ma\u00f1ana n\u00famero 5.000. Y despu\u00e9s de 5.000, qui\u00e9n sabe cu\u00e1ntas ma\u00f1anas quedan todav\u00eda por contar\u00bb, afirm\u00f3.<\/p>\n<p data-journey-content=\"true\" data-node-id=\"41\" class=\"css-1ood0zq emevuu60\">La presentadora, que<a href=\"https:\/\/www.diezminutos.es\/teleprograma\/programas-tv\/a71278984\/ana-rosa-quintana-programa-telecinco-renovada-contrato\/\" target=\"_blank\" data-vars-ga-outbound-link=\"https:\/\/www.diezminutos.es\/teleprograma\/programas-tv\/a71278984\/ana-rosa-quintana-programa-telecinco-renovada-contrato\/\" data-vars-ga-ux-element=\"Hyperlink\" data-vars-ga-call-to-action=\" renov\u00f3 recientemente su contrato de larga duraci\u00f3n con Mediaset\" data-node-id=\"41.1\" class=\"body-link css-1v1lrc0 emevuu60\" rel=\"nofollow noopener\"> renov\u00f3 recientemente su contrato de larga duraci\u00f3n con Mediaset<\/a>, ya hab\u00eda dejado claro que no piensa todav\u00eda en la jubilaci\u00f3n pese a tener 70 a\u00f1os. \u00abAhora mismo, no me puedo ir con todo lo que est\u00e1 pasando en el pa\u00eds\u00bb, asegur\u00f3. Tambi\u00e9n a\u00f1adi\u00f3 que llegar\u00e1 el momento, pero que depender\u00e1 \u00abde la cadena, de la salud y de la audiencia\u00bb. <\/p>\n","protected":false},"excerpt":{"rendered":"Ana Rosa Quintana ha celebrado los 5.000 programas de &#8216;El programa de Ana Rosa&#8216; con un discurso que&hellip;\n","protected":false},"author":2,"featured_media":743845,"comment_status":"","ping_status":"","sticky":false,"template":"","format":"standard","meta":{"footnotes":""},"categories":[171],"tags":[253,146,147,25,24,23,214],"class_list":["post-743844","post","type-post","status-publish","format-standard","has-post-thumbnail","category-tv","tag-discover","tag-entertainment","tag-entretenimiento","tag-es","tag-espana","tag-spain","tag-tv"],"share_on_mastodon":{"url":"https:\/\/pubeurope.com\/@es\/117201128717036199","error":""},"_links":{"self":[{"href":"https:\/\/www.europesays.com\/es\/wp-json\/wp\/v2\/posts\/743844","targetHints":{"allow":["GET"]}}],"collection":[{"href":"https:\/\/www.europesays.com\/es\/wp-json\/wp\/v2\/posts"}],"about":[{"href":"https:\/\/www.europesays.com\/es\/wp-json\/wp\/v2\/types\/post"}],"author":[{"embeddable":true,"href":"https:\/\/www.europesays.com\/es\/wp-json\/wp\/v2\/users\/2"}],"replies":[{"embeddable":true,"href":"https:\/\/www.europesays.com\/es\/wp-json\/wp\/v2\/comments?post=743844"}],"version-history":[{"count":0,"href":"https:\/\/www.europesays.com\/es\/wp-json\/wp\/v2\/posts\/743844\/revisions"}],"wp:featuredmedia":[{"embeddable":true,"href":"https:\/\/www.europesays.com\/es\/wp-json\/wp\/v2\/media\/743845"}],"wp:attachment":[{"href":"https:\/\/www.europesays.com\/es\/wp-json\/wp\/v2\/media?parent=743844"}],"wp:term":[{"taxonomy":"category","embeddable":true,"href":"https:\/\/www.europesays.com\/es\/wp-json\/wp\/v2\/categories?post=743844"},{"taxonomy":"post_tag","embeddable":true,"href":"https:\/\/www.europesays.com\/es\/wp-json\/wp\/v2\/tags?post=743844"}],"curies":[{"name":"wp","href":"https:\/\/api.w.org\/{rel}","templated":true}]}}