{"id":743848,"date":"2026-09-02T11:09:14","date_gmt":"2026-09-02T11:09:14","guid":{"rendered":"https:\/\/www.europesays.com\/es\/743848\/"},"modified":"2026-09-02T11:09:14","modified_gmt":"2026-09-02T11:09:14","slug":"manana-nos-vemos-en-topagunea","status":"publish","type":"post","link":"https:\/\/www.europesays.com\/es\/743848\/","title":{"rendered":"Ma\u00f1ana nos vemos en Topagunea"},"content":{"rendered":"<p>Despu\u00e9s del \u00e9xito de la temporada pasada, este a\u00f1o repetimos en \u2018Topagunea\u2019, el mejor \u2018txoko\u2019 para ambientar la antesala de los partidos en Anoeta. Este pr\u00f3ximo jueves, con motivo de la visita del RC Celta, estar\u00e1 en marcha de 19 a las 22 horas, en la explanada sur, junto a la puerta 13. Nuestros aficionados y aficionadas podr\u00e1n calentar motores con m\u00fasica en directo, food trucks con comida y bebida\u2026<\/p>\n","protected":false},"excerpt":{"rendered":"Despu\u00e9s del \u00e9xito de la temporada pasada, este a\u00f1o repetimos en \u2018Topagunea\u2019, el mejor \u2018txoko\u2019 para ambientar la&hellip;\n","protected":false},"author":2,"featured_media":743849,"comment_status":"","ping_status":"","sticky":false,"template":"","format":"standard","meta":{"footnotes":""},"categories":[93],"tags":[3437,8773,11592,290,8971,84156,168,25,24,98024,282,8185,887,1044,621,798,492,23,167,98023,90544],"class_list":["post-743848","post","type-post","status-publish","format-standard","has-post-thumbnail","category-deportes","tag-aficion","tag-bebida","tag-cabezudos","tag-celta","tag-comida","tag-comparsas","tag-deportes","tag-es","tag-espana","tag-food-trucks","tag-futbol","tag-gigantes","tag-jueves","tag-liga","tag-osasuna","tag-real","tag-sociedad","tag-spain","tag-sports","tag-topagune","tag-topagunea"],"share_on_mastodon":{"url":"https:\/\/pubeurope.com\/@es\/117201139976439436","error":""},"_links":{"self":[{"href":"https:\/\/www.europesays.com\/es\/wp-json\/wp\/v2\/posts\/743848","targetHints":{"allow":["GET"]}}],"collection":[{"href":"https:\/\/www.europesays.com\/es\/wp-json\/wp\/v2\/posts"}],"about":[{"href":"https:\/\/www.europesays.com\/es\/wp-json\/wp\/v2\/types\/post"}],"author":[{"embeddable":true,"href":"https:\/\/www.europesays.com\/es\/wp-json\/wp\/v2\/users\/2"}],"replies":[{"embeddable":true,"href":"https:\/\/www.europesays.com\/es\/wp-json\/wp\/v2\/comments?post=743848"}],"version-history":[{"count":0,"href":"https:\/\/www.europesays.com\/es\/wp-json\/wp\/v2\/posts\/743848\/revisions"}],"wp:featuredmedia":[{"embeddable":true,"href":"https:\/\/www.europesays.com\/es\/wp-json\/wp\/v2\/media\/743849"}],"wp:attachment":[{"href":"https:\/\/www.europesays.com\/es\/wp-json\/wp\/v2\/media?parent=743848"}],"wp:term":[{"taxonomy":"category","embeddable":true,"href":"https:\/\/www.europesays.com\/es\/wp-json\/wp\/v2\/categories?post=743848"},{"taxonomy":"post_tag","embeddable":true,"href":"https:\/\/www.europesays.com\/es\/wp-json\/wp\/v2\/tags?post=743848"}],"curies":[{"name":"wp","href":"https:\/\/api.w.org\/{rel}","templated":true}]}}