{"id":743868,"date":"2026-09-02T11:25:30","date_gmt":"2026-09-02T11:25:30","guid":{"rendered":"https:\/\/www.europesays.com\/es\/743868\/"},"modified":"2026-09-02T11:25:30","modified_gmt":"2026-09-02T11:25:30","slug":"mongolia-exotico-destino-para-ilimane-diop","status":"publish","type":"post","link":"https:\/\/www.europesays.com\/es\/743868\/","title":{"rendered":"Mongolia, ex\u00f3tico destino para Ilimane Diop"},"content":{"rendered":"<p>\n        <strong>Ilimane Diop ya he encontrado nuevo destino profesional<\/strong>. El que fuera canterano del <a href=\"https:\/\/www.noticiasdealava.eus\/baskonia\/\" title=\"Baskonia\" class=\"link copy\" rel=\"nofollow noopener\" target=\"_blank\">Baskonia<\/a> no ha dudado en <strong>aceptar el ex\u00f3tico reto de competir en Mongolia<\/strong>, una competici\u00f3n que ha seducido recientemente a dos viejas glorias de la NBA como Dwight Howard y DeMarcus Cousins.\n<\/p>\n<p class=\"article-body__text \">\n        Pues bien, a partir de la pr\u00f3xima temporada tambi\u00e9n se dejar\u00e1 ver por all\u00ed un viejo conocido de la afici\u00f3n azulgrana que <strong>tras el subid\u00f3n de conseguir el ascenso a la ACB con el Leyma Coru\u00f1a no ha recibido ofertas tentadoras para mantenerse en el baloncesto espa\u00f1ol y ha alcanzado un acuerdo con el BCH Knights<\/strong>, el tercer clasificado de la fase regular de dicha competici\u00f3n durante el pasado curso.\n<\/p>\n<p>            <a href=\"https:\/\/www.noticiasdealava.eus\/baskonia\/2026\/06\/14\/feliz-baskonia-entrevista-ilimane-diop-leyma-coruna-acb-ascenso-11199250.html\" title=\"&quot;Es mi momento m\u00e1s feliz desde que sal\u00ed del Baskonia&quot;\" class=\"new__media\" rel=\"nofollow noopener\" target=\"_blank\"><\/p>\n<p>                <img alt=\"&quot;Es mi momento m\u00e1s feliz desde que sal\u00ed del Baskonia&quot;\" data-src=\"https:\/\/www.europesays.com\/es\/wp-content\/uploads\/2026\/09\/e84974ed-70cb-4305-9be6-c5c038a96168_16-9-aspect-ratio_default_0_x0y0.jpg\" class=\"lozad\"\/><\/p>\n<p>        <\/a><\/p>\n<p>        <a href=\"https:\/\/www.noticiasdealava.eus\/baskonia\/2026\/06\/14\/feliz-baskonia-entrevista-ilimane-diop-leyma-coruna-acb-ascenso-11199250.html\" title=\"&quot;Es mi momento m\u00e1s feliz desde que sal\u00ed del Baskonia&quot;\" class=\"new__headline\" rel=\"nofollow noopener\" target=\"_blank\"><br \/>\n            \u00abEs mi momento m\u00e1s feliz desde que sal\u00ed del Baskonia\u00bb<br \/>\n        <\/a><\/p>\n<p class=\"article-body__text \">\n        Ilimane, de 31 a\u00f1os y 2,11 metros,<strong> concedi\u00f3 este verano una entrevista a DNA<\/strong> en la que, adem\u00e1s de asegurar que estaba viviendo \u00abel momento m\u00e1s feliz de su carrera\u00bb, dej\u00f3 claro que <strong>su futuro era una inc\u00f3gnita<\/strong>.\n<\/p>\n<p class=\"article-body__text \">\n        \u00abNo tengo ni idea, la verdad, veremos qu\u00e9 es lo que me depara la vida. A d\u00eda de hoy no s\u00e9 lo que va a pasar. <strong>Intentar\u00e9 disfrutar de las vacaciones y luego veremos qu\u00e9 se puede hacer. Yo lo que quiero es seguir jugando al baloncesto, que es mi pasi\u00f3n\u00bb<\/strong>, asegur\u00f3 Diop, que milit\u00f3 durante 11 temporadas en el Baskonia conquistando la ACB de 2020 en la burbuja de Valencia.\n<\/p>\n<p>            <a href=\"https:\/\/www.noticiasdealava.eus\/baskonia\/2026\/09\/02\/felix-fernandez-fichaje-baskonia-chris-duarte-declaraciones-11494600.html\" title=\"F\u00e9lix Fern\u00e1ndez: &quot;Nos falta fichar jugadores interiores, no necesariamente cupos&quot;\" class=\"new__media\" rel=\"nofollow noopener\" target=\"_blank\"><\/p>\n<p>                <img alt=\"F\u00e9lix Fern\u00e1ndez: &quot;Nos falta fichar jugadores interiores, no necesariamente cupos&quot;\" data-src=\"https:\/\/www.europesays.com\/es\/wp-content\/uploads\/2026\/09\/afc90c3b-b98b-43b2-aa50-073cd51ba124_16-9-aspect-ratio_default_0_x652y566.jpg\" class=\"lozad\"\/><\/p>\n<p>        <\/a><\/p>\n<p>        <a href=\"https:\/\/www.noticiasdealava.eus\/baskonia\/2026\/09\/02\/felix-fernandez-fichaje-baskonia-chris-duarte-declaraciones-11494600.html\" title=\"F\u00e9lix Fern\u00e1ndez: &quot;Nos falta fichar jugadores interiores, no necesariamente cupos&quot;\" class=\"new__headline\" rel=\"nofollow noopener\" target=\"_blank\"><br \/>\n            F\u00e9lix Fern\u00e1ndez: \u00abNos falta fichar jugadores interiores, no necesariamente cupos\u00bb<br \/>\n        <\/a><\/p>\n<p class=\"article-body__text \">\n        Con 451 choques disputados, <strong>Ilimane es el jugador con m\u00e1s partidos en la historia de la entidad azulgrana tanto en Liga ACB (258) como en Euroliga (193). La de Mongolia no es la primera experiencia ex\u00f3tica del p\u00edvot senegal\u00e9s<\/strong>, que en marzo de 2025 ya acept\u00f3 una oferta del Al Riyadi liban\u00e9s.\n<\/p>\n<p class=\"article-body__text \">\n        Tras salir de la capital alavesa, Diop <strong>no ha podido encontrar estabilidad en ning\u00fan lugar habiendo jugado en el Gran Canaria, Murcia, Unicaja, Oostende, Tenerife y Leyma Coru\u00f1a<\/strong>. \u00abNo he tenido estos a\u00f1os la suerte de encontrarme a m\u00ed mismo en los equipos en los que he jugado. Tomo todas estas experiencias en distintos lugares como lecciones de vida. Nunca es f\u00e1cil llegar a un equipo nuevo y encajar. Yo lo intent\u00e9 y puse de mi parte, pero las cosas no se dieron como me habr\u00edan gustado\u00bb, justific\u00f3 Ilimane en su conversaci\u00f3n con este medio.<\/p>\n","protected":false},"excerpt":{"rendered":"Ilimane Diop ya he encontrado nuevo destino profesional. El que fuera canterano del Baskonia no ha dudado en&hellip;\n","protected":false},"author":2,"featured_media":743869,"comment_status":"","ping_status":"","sticky":false,"template":"","format":"standard","meta":{"footnotes":""},"categories":[269],"tags":[299,298,4714,168,4578,19724,25,24,19723,15241,23,167],"class_list":["post-743868","post","type-post","status-publish","format-standard","has-post-thumbnail","category-baloncesto","tag-baloncesto","tag-basketball","tag-baskonia","tag-deportes","tag-destino","tag-diop","tag-es","tag-espana","tag-ilimane","tag-mongolia","tag-spain","tag-sports"],"share_on_mastodon":{"url":"https:\/\/pubeurope.com\/@es\/117201202553791244","error":""},"_links":{"self":[{"href":"https:\/\/www.europesays.com\/es\/wp-json\/wp\/v2\/posts\/743868","targetHints":{"allow":["GET"]}}],"collection":[{"href":"https:\/\/www.europesays.com\/es\/wp-json\/wp\/v2\/posts"}],"about":[{"href":"https:\/\/www.europesays.com\/es\/wp-json\/wp\/v2\/types\/post"}],"author":[{"embeddable":true,"href":"https:\/\/www.europesays.com\/es\/wp-json\/wp\/v2\/users\/2"}],"replies":[{"embeddable":true,"href":"https:\/\/www.europesays.com\/es\/wp-json\/wp\/v2\/comments?post=743868"}],"version-history":[{"count":0,"href":"https:\/\/www.europesays.com\/es\/wp-json\/wp\/v2\/posts\/743868\/revisions"}],"wp:featuredmedia":[{"embeddable":true,"href":"https:\/\/www.europesays.com\/es\/wp-json\/wp\/v2\/media\/743869"}],"wp:attachment":[{"href":"https:\/\/www.europesays.com\/es\/wp-json\/wp\/v2\/media?parent=743868"}],"wp:term":[{"taxonomy":"category","embeddable":true,"href":"https:\/\/www.europesays.com\/es\/wp-json\/wp\/v2\/categories?post=743868"},{"taxonomy":"post_tag","embeddable":true,"href":"https:\/\/www.europesays.com\/es\/wp-json\/wp\/v2\/tags?post=743868"}],"curies":[{"name":"wp","href":"https:\/\/api.w.org\/{rel}","templated":true}]}}