{"id":743888,"date":"2026-09-02T11:37:36","date_gmt":"2026-09-02T11:37:36","guid":{"rendered":"https:\/\/www.europesays.com\/es\/743888\/"},"modified":"2026-09-02T11:37:36","modified_gmt":"2026-09-02T11:37:36","slug":"euribor-hoy-miercoles-2-de-septiembre-la-tasa-sigue-al-alza-por-encima-de-la-barrera-del-3-el-mundo","status":"publish","type":"post","link":"https:\/\/www.europesays.com\/es\/743888\/","title":{"rendered":"Eur\u00edbor hoy, mi\u00e9rcoles 2 de septiembre: la tasa sigue al alza por encima de la barrera del 3% &#8211; El Mundo"},"content":{"rendered":"<ol>\n<li><a href=\"https:\/\/news.google.com\/rss\/articles\/CBMifEFVX3lxTE5nSGRlRHdYSmRHOEhrUHNpZGF6LUJZMkkxQzAwWDJsUV90MnNWeC1udWNkVklRTWV1czZXcEd0dnY5Q2lrQUk1UEFFbUZmTmZHcUoxdDZodV9TR1JHSlZmSURxLU5MaDJqMno3MGtISjNYQkFiS0xfSWdRRDTSAXxBVV95cUxNRWdySVlCQmxxT1RZWUJMWFRiaDBDOGdGbkdaZ1NSY3pmbUtuVURsaFpOYnlEWDgySUVLeFdwZC16aHY1YjBEWF9IcGRmQ2hHM2NvWlMyUjFOMUtrb3dkdkNXeWpzeWcwRnpNQm1tcnVWRGdIcmtmc1dCX0Ix?oc=5\" target=\"_blank\" rel=\"nofollow noopener\">Eur\u00edbor hoy, mi\u00e9rcoles 2 de septiembre: la tasa sigue al alza por encima de la barrera del 3%<\/a>&nbsp;&nbsp;El Mundo<\/li>\n<li><a href=\"https:\/\/news.google.com\/rss\/articles\/CBMizgJBVV95cUxQLUVzN1UtRzBLT21CV3R6YzBnNWhNUG9jWW5ucUEzejJNZllJWWNhYW1qWjBBOXRDc3FOd3UyQ1VXd0dKZXFyYjBCcmhpV0pLQVlha2dSb1JtUkZMZ3BYb2owUy15dV9wNnVjMHlIUE9TYkdTaE53cU5pOEJHS2xhM05yZTlEWFpORll5cTRZcTA2bkptMzRLaGtmNEdieGU3Y1I1RUk1aTdDSl9MTnJrbnVsOGRqZEV0MUhuVGstaV83NHh2YVBHQjBTRHR1MjRYNEZicnZYLWZPam9TNHhZMGhLN3F3eUZEWlVwQVU1MnJ5d0NSeEFIYVlrN0wxOGxubVJmbWJkSHRXYUtDYy13aHRQNWlNRzAzbExrZUVQS3pqSnl3dVJYS0J0LXozdEY0THc5akFwMXBuZWJ6LURJZ1NlM2tMVzgzcmozc1RR0gHTAkFVX3lxTE1IdnN3Z0RqaVdIdklQZ0s2TUYtbW94UHk0UTcwa3dUTlkzT0Z0ckU5ZUhxQnYzSG5hU0s3d1JhRnJrSnE2OU0teGRONTVnZ3g3SHpLTDVMVC1RQnk2b01hdm1NZFNDVngwcFdjSjJNd1RXTHRTbWFRSnQ5ZVZlRmR5bUsyekRaVm8tOUItVHJmMXdhdDlvLUV1bmZDZXQtZ092NGc4eUNfVGJBZG1nVmE1MEpFd0JYZ1Z6ZEdZbHNGUEJqOFh0MWdzSUp0ZEwzNkNxTEdHWUpiWG5JbWVZMWpvUW5OZFBfTnNEOWl0bHFOR0h1ajJrU2RCcnQyUGZDUmZpVnhMb0QxdG54Qzk4OWE4ZjRNS0RmRUVTTW1VYjdhSWpoOGlHOTBDdzZGZTV2dGFlU1hUdElYX2xkel9SeWJTVjJUaXlEblU1eTlrVjU3V1doQQ?oc=5\" target=\"_blank\" rel=\"nofollow noopener\">Marc Vidal, inversor: \u00abUn impuesto que nadie vota y que se cobra por domiciliaci\u00f3n bancaria es la pol\u00edtica monetaria; est\u00e1s pagando 900 euros si revisas la hipoteca anualmente\u00bb<\/a>&nbsp;&nbsp;COPE<\/li>\n<li><a href=\"https:\/\/news.google.com\/rss\/articles\/CBMivgFBVV95cUxQNlN2bkRBeklRejNBZWFpN09DdlhRcWdfRkxWX2lUZm9LaGJvdVVZeUFzQm5FSnFWNENIUnd1ZzdGY2lONFU0MlczU0MyT2c0bUZ5WGxrd2tjV2tpeXpIYnBXdHJHWU16OV9zZDR5S2d4eEVBTGF0NDJVaERxS3JKMFNOT3lOUHJNZDgwUzI5ZmhPYnhhX28zaTVYRC1qWFNjTGdtZG1JSG9oM3lnWk83XzdYRnlWaE9Ybk5jVkR3?oc=5\" target=\"_blank\" rel=\"nofollow noopener\">El eur\u00edbor escala al 2,95% en agosto y encarece a\u00fan m\u00e1s las hipotecas variables<\/a>&nbsp;&nbsp;EL PA\u00cdS<\/li>\n<li><a href=\"https:\/\/news.google.com\/rss\/articles\/CBMi3AFBVV95cUxOLVRmbXM1RGUySGNVdXhjUHcwVHlNd3dVb21kaXJiRElJOEdnd0FuZzBSRFg4VDVUV2diZHVkOEd3QkVVZVJYQnhhdy1GZmhOa3YwLTJWTXFOV1NxUm82dkRNblZWMXF1ZThIcnhTc1FiTXZUd2R1Y20zMjRlZ2VQV0tCaXNxekNuODdETFM4ejJ3Sk9RbmNWeHFfa3Q1dnpFbWZSNDBMVy1wUklGcjdvY1otQ3JSTWJzY3doQUg1bDRQb1FmdnQ3Z09fX0VNQ09NckdjNlFKbHFId3U50gHcAUFVX3lxTE1tb051ZHJscG9pbFFHSXAtbTdvVUJVSEZBSkZfVkJkT1h6WjFMbVV0WDI1YlRhS2VvQ0JJVUJxVENXMW5SZGFxcFFoeW5LUm14WTBUckxVbGNGZHdUczVoa0JWQjdIVWlkUFVnVkZvSzV3Z3YzRDVPVmQ2Vjk5bElQeXlINlFaZTZHdVo1cEZkb3dIMlFLY08xM1YxTDhGSjFzSFRjM0dkTWozajA3NVEzRnh6czFrVjRaSkZNZU9ORVgtUW1SMGNxYUpRTFFRMWhXd3ZOZGt1OWkyajQ?oc=5\" target=\"_blank\" rel=\"nofollow noopener\">\u00abEl Eur\u00edbor ya toca el 3%, contra todo pron\u00f3stico, nos tenemos que acostumbrar a hipotecas m\u00e1s caras\u00bb<\/a>&nbsp;&nbsp;Ultima Hora<\/li>\n<li><a href=\"https:\/\/news.google.com\/rss\/articles\/CBMiwgFBVV95cUxQOG1DMHFqTGplTE9qZ2pXdXA4bWpya1ZWOWJwclpqOVpMdFB3LXV3bHNBMnZIYU5hRDZoMjhOUVQwOWYxVk1XUFMtVkNNR0x6NEJzNzhCSjB2SW01VDgyY0VvRUM3VVRRckVJLXpub1JnbmIwNXd1b2xBX1h6VmFRZ1k1T3RpRk9kMlJLTURQcE8zMERUV1BxWklxQVY5ZHpFU2RiQ1hsZVViOGhFVXZPSHJfS1o0NWNUWVFoZVpzZFJnd9IBoAFBVV95cUxOS21wZzlDV18yWVMtZml6NUhQTXJaZ3R2MXlJTUY1Ry1JaFZuS25xdm5Ua21lcTBreC1YeGdvaVZUOXFfdmxmejVZRHprUXhyYkV5SFFLTEdoc3doaXloTkdyMDZSM1BObjR4X2s5NjNnMXlNZ21UaEU5SG5FdFJSSWtWcjlJeXdPaWdEaDBDWVBQS0NXOUE1eXlPQXNwdmNI?oc=5\" target=\"_blank\" rel=\"nofollow noopener\">El eur\u00edbor roza el 3% ante la expectativa de m\u00e1s subidas de tipos y de mayor intensidad por parte del BCE&#8230;<\/a>&nbsp;&nbsp;Estrategias de Inversi\u00f3n<\/li>\n<\/ol>\n","protected":false},"excerpt":{"rendered":"Eur\u00edbor hoy, mi\u00e9rcoles 2 de septiembre: la tasa sigue al alza por encima de la barrera del 3%&nbsp;&nbsp;El&hellip;\n","protected":false},"author":2,"featured_media":743889,"comment_status":"","ping_status":"","sticky":false,"template":"","format":"standard","meta":{"footnotes":""},"categories":[80],"tags":[82,95,94,25,24,10584,7186,4027,114981,23,3633],"class_list":["post-743888","post","type-post","status-publish","format-standard","has-post-thumbnail","category-economia","tag-business","tag-economia","tag-economy","tag-es","tag-espana","tag-euribor","tag-hipotecas","tag-narrativa","tag-nrtv","tag-spain","tag-vivienda"],"share_on_mastodon":{"url":"https:\/\/pubeurope.com\/@es\/117201249802955908","error":""},"_links":{"self":[{"href":"https:\/\/www.europesays.com\/es\/wp-json\/wp\/v2\/posts\/743888","targetHints":{"allow":["GET"]}}],"collection":[{"href":"https:\/\/www.europesays.com\/es\/wp-json\/wp\/v2\/posts"}],"about":[{"href":"https:\/\/www.europesays.com\/es\/wp-json\/wp\/v2\/types\/post"}],"author":[{"embeddable":true,"href":"https:\/\/www.europesays.com\/es\/wp-json\/wp\/v2\/users\/2"}],"replies":[{"embeddable":true,"href":"https:\/\/www.europesays.com\/es\/wp-json\/wp\/v2\/comments?post=743888"}],"version-history":[{"count":0,"href":"https:\/\/www.europesays.com\/es\/wp-json\/wp\/v2\/posts\/743888\/revisions"}],"wp:featuredmedia":[{"embeddable":true,"href":"https:\/\/www.europesays.com\/es\/wp-json\/wp\/v2\/media\/743889"}],"wp:attachment":[{"href":"https:\/\/www.europesays.com\/es\/wp-json\/wp\/v2\/media?parent=743888"}],"wp:term":[{"taxonomy":"category","embeddable":true,"href":"https:\/\/www.europesays.com\/es\/wp-json\/wp\/v2\/categories?post=743888"},{"taxonomy":"post_tag","embeddable":true,"href":"https:\/\/www.europesays.com\/es\/wp-json\/wp\/v2\/tags?post=743888"}],"curies":[{"name":"wp","href":"https:\/\/api.w.org\/{rel}","templated":true}]}}