{"id":743890,"date":"2026-09-02T11:38:16","date_gmt":"2026-09-02T11:38:16","guid":{"rendered":"https:\/\/www.europesays.com\/es\/743890\/"},"modified":"2026-09-02T11:38:16","modified_gmt":"2026-09-02T11:38:16","slug":"la-armada-de-alemania-pone-a-prueba-con-exito-el-sistema-de-misiles-israeli-lora","status":"publish","type":"post","link":"https:\/\/www.europesays.com\/es\/743890\/","title":{"rendered":"La Armada de Alemania pone a prueba con \u00ab\u00e9xito\u00bb el sistema de misiles israel\u00ed &#8216;Lora&#8217;"},"content":{"rendered":"<p><img id=\"fotoPrincipalNoticia\" src=\"https:\/\/www.europesays.com\/es\/wp-content\/uploads\/2026\/09\/fotonoticia_20260902122737_690.jpg\" loading=\"eager\" decoding=\"async\" style=\"view-transition-name: fechor_20260902122737;\" border=\"0\" alt=\"Archivo - Bandera de Alemania y de la Uni\u00f3n Europea.\" fetchpriority=\"high\" title=\"La Armada de Alemania pone a prueba con &quot;\u00e9xito&quot; el sistema de misiles israel\u00ed 'Lora'\" width=\"690\" height=\"473\" itemprop=\"image\"\/><\/p>\n<p>Archivo &#8211; Bandera de Alemania y de la Uni\u00f3n Europea. &#8211; Patrick Pleul\/dpa-Zentralbild\/ZB &#8211; Archivo<\/p>\n<p>   BERL\u00cdN 2 Sep. (DPA\/EP) &#8211;  <\/p>\n<p>   La Armada de Alemania ha puesto a prueba con \u00ab\u00e9xito\u00bb este mi\u00e9rcoles el sistema de misiles israel\u00ed &#8216;Lora&#8217; en el Atl\u00e1ntico Norte, en una operaci\u00f3n con la que espera ampliar de forma significativa el alcance de estos proyectiles, que puede recorrer m\u00e1s de 500 kil\u00f3metros.<\/p>\n<p>   Un portavoz militar ha indicado que en el marco de la operaci\u00f3n se han desplegado dos fragatas en aguas situadas entre Irlanda e Islandia, en unos preparativos que se han mantenido en gran medida en secreto, aunque se han emitido alertas mar\u00edtimas y a\u00e9reas en la zona con una antelaci\u00f3n de 45 d\u00edas.<\/p>\n<p>   \u00abCon el lanzamiento exitoso de un misil bal\u00edstico anoche en el Atl\u00e1ntico Norte, hemos hecho historia naval. Estoy sumamente satisfecho con este logro\u00bb, ha declarado el jefe de la Armada alemana, el vicealmirante Jan Christian Kaack.<\/p>\n<p>   El sistema ha podido desplegarse con \u00e9xito desde buques alemanes y su alcance potencial \u00absupera todo lo conocido hasta ahora\u00bb, tal y como ha afirmado Kaack, que ha a\u00f1adido que la prueba marc\u00f3 \u00abun nuevo cap\u00edtulo en las medidas de disuasi\u00f3n y la preparaci\u00f3n de defensa en el mar\u00bb para proteger a Alemania y a sus aliados.<\/p>\n<p>   &#8216;Lora&#8217; es un misil bal\u00edstico desarrollado y producido en Israel y utilizado en repetidas ocasiones por ese pa\u00eds. Su sistema de lanzamiento est\u00e1 dise\u00f1ado para un despliegue relativamente r\u00e1pido a bordo de buques y permite as\u00ed extender las capacidades de las fuerzas alemanas.<\/p>\n<p>   Los aliados est\u00e1n cada vez m\u00e1s preocupados por una posible agresi\u00f3n rusa, alimentada en parte por recientes ataques con drones como el ocurrido en el aeropuerto de Leipzig, en el este de Alemania y del que el Gobierno alem\u00e1n ha culpado directamente a Mosc\u00fa.<\/p>\n","protected":false},"excerpt":{"rendered":"Archivo &#8211; Bandera de Alemania y de la Uni\u00f3n Europea. &#8211; Patrick Pleul\/dpa-Zentralbild\/ZB &#8211; Archivo BERL\u00cdN 2 Sep.&hellip;\n","protected":false},"author":2,"featured_media":743891,"comment_status":"","ping_status":"","sticky":false,"template":"","format":"standard","meta":{"footnotes":""},"categories":[42],"tags":[17,18,13,14,11,61,62,63,64,19,20,9,10,15,16,12,21,22,65,66,67],"class_list":["post-743890","post","type-post","status-publish","format-standard","has-post-thumbnail","category-internacional","tag-breaking-news","tag-breakingnews","tag-featured-news","tag-featurednews","tag-headlines","tag-internacional","tag-international","tag-international-news","tag-internationalnews","tag-latest-news","tag-latestnews","tag-news","tag-noticias","tag-noticias-destacadas","tag-noticiasdestacadas","tag-titulares","tag-ultimas-noticias","tag-ultimasnoticias","tag-world","tag-world-news","tag-worldnews"],"share_on_mastodon":{"url":"https:\/\/pubeurope.com\/@es\/117201254468634001","error":""},"_links":{"self":[{"href":"https:\/\/www.europesays.com\/es\/wp-json\/wp\/v2\/posts\/743890","targetHints":{"allow":["GET"]}}],"collection":[{"href":"https:\/\/www.europesays.com\/es\/wp-json\/wp\/v2\/posts"}],"about":[{"href":"https:\/\/www.europesays.com\/es\/wp-json\/wp\/v2\/types\/post"}],"author":[{"embeddable":true,"href":"https:\/\/www.europesays.com\/es\/wp-json\/wp\/v2\/users\/2"}],"replies":[{"embeddable":true,"href":"https:\/\/www.europesays.com\/es\/wp-json\/wp\/v2\/comments?post=743890"}],"version-history":[{"count":0,"href":"https:\/\/www.europesays.com\/es\/wp-json\/wp\/v2\/posts\/743890\/revisions"}],"wp:featuredmedia":[{"embeddable":true,"href":"https:\/\/www.europesays.com\/es\/wp-json\/wp\/v2\/media\/743891"}],"wp:attachment":[{"href":"https:\/\/www.europesays.com\/es\/wp-json\/wp\/v2\/media?parent=743890"}],"wp:term":[{"taxonomy":"category","embeddable":true,"href":"https:\/\/www.europesays.com\/es\/wp-json\/wp\/v2\/categories?post=743890"},{"taxonomy":"post_tag","embeddable":true,"href":"https:\/\/www.europesays.com\/es\/wp-json\/wp\/v2\/tags?post=743890"}],"curies":[{"name":"wp","href":"https:\/\/api.w.org\/{rel}","templated":true}]}}