{"id":743910,"date":"2026-09-02T11:53:26","date_gmt":"2026-09-02T11:53:26","guid":{"rendered":"https:\/\/www.europesays.com\/es\/743910\/"},"modified":"2026-09-02T11:53:26","modified_gmt":"2026-09-02T11:53:26","slug":"la-primera-serie-de-natalia-sanchez-antes-de-convertirse-en-tete-en-los-serrano","status":"publish","type":"post","link":"https:\/\/www.europesays.com\/es\/743910\/","title":{"rendered":"La primera serie de Natalia S\u00e1nchez antes de convertirse en Tet\u00e9 en &#8216;Los Serrano&#8217;"},"content":{"rendered":"<p data-journey-content=\"true\" data-node-id=\"3\" class=\"css-1ood0zq emevuu60\">Ahora es una de las actrices m\u00e1s imprescindibles de la televisi\u00f3n. No en vano protagoniza <strong data-node-id=\"3.1\"> &#8216;<a href=\"https:\/\/www.diezminutos.es\/suenos-de-libertad\/\" target=\"_blank\" data-vars-ga-outbound-link=\"https:\/\/www.diezminutos.es\/suenos-de-libertad\/\" data-vars-ga-ux-element=\"Hyperlink\" data-vars-ga-call-to-action=\"Sue\u00f1os de libertad\" data-node-id=\"3.1.1\" data-mrf-link=\"https:\/\/www.diezminutos.es\/suenos-de-libertad\/\" class=\"body-link css-1v1lrc0 emevuu60\" rel=\"nofollow noopener\">Sue\u00f1os de libertad<\/a>&#8216;<\/strong> desde hace dos a\u00f1os, convertida en la sufridora<strong data-node-id=\"3.3\"> <a href=\"https:\/\/www.diezminutos.es\/telenovela\/espanolas\/a73565910\/suenos-de-libertad-capitulo-638-avance-martes-1-de-septiembre-serie-antena-3\/\" target=\"_blank\" data-vars-ga-outbound-link=\"https:\/\/www.diezminutos.es\/telenovela\/espanolas\/a73565910\/suenos-de-libertad-capitulo-638-avance-martes-1-de-septiembre-serie-antena-3\/\" data-vars-ga-ux-element=\"Hyperlink\" data-vars-ga-call-to-action=\"Bego\u00f1a Montes\" data-node-id=\"3.3.1\" class=\"body-link css-1v1lrc0 emevuu60\" rel=\"nofollow noopener\">Bego\u00f1a Montes<\/a><\/strong>. Sin embargo, la trayectoria de <strong data-node-id=\"3.5\"><a href=\"https:\/\/www.diezminutos.es\/telenovela\/espanolas\/a65006565\/amar-en-tiempos-revueltos-regreso-a-las-sabinas-suenos-de-libertad-natalia-sanchez-mejores-telenovelas\/\" target=\"_blank\" data-vars-ga-outbound-link=\"https:\/\/www.diezminutos.es\/telenovela\/espanolas\/a65006565\/amar-en-tiempos-revueltos-regreso-a-las-sabinas-suenos-de-libertad-natalia-sanchez-mejores-telenovelas\/\" data-vars-ga-ux-element=\"Hyperlink\" data-vars-ga-call-to-action=\"Natalia S\u00e1nchez\" data-node-id=\"3.5.0\" class=\"body-link css-1v1lrc0 emevuu60\" rel=\"nofollow noopener\">Natalia S\u00e1nchez<\/a><\/strong> empez\u00f3 hace muchos a\u00f1os, siendo ella una ni\u00f1a, y aunque salt\u00f3 a la fama en 2003 con su papel de<strong data-node-id=\"3.7\"> Tet\u00e9 en &#8216;Los Serrano&#8217;<\/strong>, de Telecinco, <strong data-node-id=\"3.9\">su primera intervenci\u00f3n en televisi\u00f3n fue otra:<\/strong> una ficci\u00f3n juvenil que conquist\u00f3 un enorme \u00e9xito de audiencia, generando un masivo fen\u00f3meno fan, y en la que la actriz madrile\u00f1a ten\u00eda solo 11 a\u00f1os.<\/p>\n<p data-journey-content=\"true\" data-node-id=\"9\" class=\"css-1ood0zq emevuu60\">Esta serie fue <strong data-node-id=\"9.1\"><a href=\"https:\/\/www.diezminutos.es\/teleprograma\/series-tv\/a70959637\/mar-de-fondo-serie-netflix-reparto-temporada-3-elite\/\" target=\"_blank\" data-vars-ga-outbound-link=\"https:\/\/www.diezminutos.es\/teleprograma\/series-tv\/a70959637\/mar-de-fondo-serie-netflix-reparto-temporada-3-elite\/\" data-vars-ga-ux-element=\"Hyperlink\" data-vars-ga-call-to-action=\"&#039;Compa\u00f1eros&#039;\" data-node-id=\"9.1.0\" class=\"body-link css-1v1lrc0 emevuu60\" rel=\"nofollow noopener\">&#8216;Compa\u00f1eros&#8217;<\/a><\/strong>. Emitida en Antena 3 entre 1998 y 2002, fue la primera oportunidad para aquella jovenc\u00edsima Natalia hace exactamente 24 a\u00f1os, uno antes de convertirse en Tet\u00e9. Hoy, la actriz, con 36 a\u00f1os, todav\u00eda recuerda con cari\u00f1o aquella historia que <strong data-node-id=\"9.3\">marc\u00f3 a toda una generaci\u00f3n<\/strong> gracias a una m\u00edtica pandilla encabezada por <strong data-node-id=\"9.5\">Quimi (<a href=\"https:\/\/www.diezminutos.es\/famosos-corazon\/famosos-espanoles\/news\/g15369\/antonio-hortelano-eva-santolaria-companeros-juntos-otra-vez\/\" target=\"_blank\" data-vars-ga-outbound-link=\"https:\/\/www.diezminutos.es\/famosos-corazon\/famosos-espanoles\/news\/g15369\/antonio-hortelano-eva-santolaria-companeros-juntos-otra-vez\/\" data-vars-ga-ux-element=\"Hyperlink\" data-vars-ga-call-to-action=\"Antonio Hortelano\" data-node-id=\"9.5.1\" class=\"body-link css-1v1lrc0 emevuu60\" rel=\"nofollow noopener\">Antonio Hortelano<\/a>) y Valle (Eva Santolaria)<\/strong> y que, adem\u00e1s, salt\u00f3 m\u00e1s tarde a las salas de cine con la pel\u00edcula &#8216;No te fallar\u00e9&#8217; en 2001.<\/p>\n<p><img draggable=\"true\" alt=\"natalia sanchez en compa\u00f1eros\" title=\"natalia sanchez en compa\u00f1eros\" loading=\"lazy\" width=\"958\" height=\"673\" decoding=\"async\" data-nimg=\"1\" style=\"color:transparent;width:100%;height:auto;\"   src=\"https:\/\/www.europesays.com\/es\/wp-content\/uploads\/2026\/09\/66eae426-2b35-46fc-9c5c-985e8803c516.jpg\" class=\"css-0 e1ddfba50\"\/><\/p>\n<p>Productora<\/p>\n<p>El papel de Natalia S\u00e1nchez en su primera serie, &#8216;Compa\u00f1eros&#8217;<\/p>\n<p data-journey-content=\"true\" data-node-id=\"15\" class=\"css-1ood0zq emevuu60\">Producida por <strong data-node-id=\"15.1\">Globomedia<\/strong>, fue sin duda uno de los dramas juveniles m\u00e1s ic\u00f3nicos e importantes de la historia de la televisi\u00f3n en Espa\u00f1a. La trama de <a href=\"https:\/\/www.diezminutos.es\/teleprograma\/programas-tv\/a64742635\/antonio-hortelano-actor-companeros-vida-obra-teatro-television-eva-santolaria\/\" target=\"_blank\" data-vars-ga-outbound-link=\"https:\/\/www.diezminutos.es\/teleprograma\/programas-tv\/a64742635\/antonio-hortelano-actor-companeros-vida-obra-teatro-television-eva-santolaria\/\" data-vars-ga-ux-element=\"Hyperlink\" data-vars-ga-call-to-action=\"&#039;Compa\u00f1eros&#039;\" data-node-id=\"15.3\" class=\"body-link css-1v1lrc0 emevuu60\" rel=\"nofollow noopener\">&#8216;Compa\u00f1eros&#8217;<\/a> tiene lugar dentro y fuera de las <strong data-node-id=\"15.5\">aulas del Colegio Azcona<\/strong>, un lugar que sirve de escaparate no solo para las vivencias de los alumnos sino tambi\u00e9n de los profesores y sus familias. Esta historia, que abr\u00eda las puertas a una nueva forma de mostrar situaciones y experiencias de la Espa\u00f1a de la \u00e9poca, se centraba en explicar c\u00f3mo se desarrollaban entonces algunas <strong data-node-id=\"15.7\">relaciones afectivas<\/strong> -entre adolescentes y tambi\u00e9n entre adultos-, los <strong data-node-id=\"15.9\">conflictos del d\u00eda a d\u00eda<\/strong> de sus protagonistas y los<strong data-node-id=\"15.11\"> cambios que cada personaje iba <\/strong><strong data-node-id=\"15.12\">viviendo<\/strong>. As\u00ed, fue <strong data-node-id=\"15.14\">pionera <\/strong>al tratar de forma directa y abierta problem\u00e1ticas sociales del momento como las drogas, la sexualidad, los embarazos no deseados, la integraci\u00f3n, el fracaso escolar y la violencia.<\/p>\n<p><img draggable=\"true\" alt=\"veronica sanchez, natalia sanchez y belen rueda, protagonistas de 'los serrano'\" title=\"Veronica Sanchez, Natalia Sanchez y Belen Rueda, protagonistas de 'Los Serrano'\" loading=\"lazy\" width=\"2403\" height=\"3000\" decoding=\"async\" data-nimg=\"1\" style=\"color:transparent;width:100%;height:auto;\"   src=\"https:\/\/www.europesays.com\/es\/wp-content\/uploads\/2026\/09\/los-serrano-veronica-sanchez-natalia-sanchez-y-belen-rueda-681c6434d5a44.jpg\" class=\"css-0 e1ddfba50\"\/><\/p>\n<p>Globomedia<\/p>\n<p data-journey-content=\"true\" data-node-id=\"21\" class=\"css-1ood0zq emevuu60\">El papel de <strong data-node-id=\"21.1\">Natalia <\/strong>en &#8216;<a href=\"https:\/\/www.diezminutos.es\/teleprograma\/series-tv\/a1990059\/companeros-reencuentro\/\" target=\"_blank\" data-vars-ga-outbound-link=\"https:\/\/www.diezminutos.es\/teleprograma\/series-tv\/a1990059\/companeros-reencuentro\/\" data-vars-ga-ux-element=\"Hyperlink\" data-vars-ga-call-to-action=\"Compa\u00f1eros\" data-node-id=\"21.3\" class=\"body-link css-1v1lrc0 emevuu60\" rel=\"nofollow noopener\">Compa\u00f1eros<\/a>&#8216; fue el de <strong data-node-id=\"21.5\">Vero<\/strong> en la novena temporada, dentro de la recta final de la serie. Fue tan solo un <strong data-node-id=\"21.7\">personaje capitular y breve<\/strong>, que se relaciona con Lolo (Daniel Retuerta), el hermano peque\u00f1o de Valle (<a href=\"https:\/\/www.diezminutos.es\/teleprograma\/programas-tv\/a64824675\/eva-santolaria-actriz-vida-serie-companeros-7-vidas\/\" target=\"_blank\" data-vars-ga-outbound-link=\"https:\/\/www.diezminutos.es\/teleprograma\/programas-tv\/a64824675\/eva-santolaria-actriz-vida-serie-companeros-7-vidas\/\" data-vars-ga-ux-element=\"Hyperlink\" data-vars-ga-call-to-action=\"Eva Santolaria\" data-node-id=\"21.9\" class=\"body-link css-1v1lrc0 emevuu60\" rel=\"nofollow noopener\">Eva Santolaria<\/a>), quien intenta llamar la atenci\u00f3n de la ni\u00f1a tras cortar con Desir\u00e9e (<a href=\"https:\/\/www.diezminutos.es\/teleprograma\/series-tv\/a41419814\/limbo-serie-argentina-estreno-clara-lago-reparto-disney-plus\/\" target=\"_blank\" data-vars-ga-outbound-link=\"https:\/\/www.diezminutos.es\/teleprograma\/series-tv\/a41419814\/limbo-serie-argentina-estreno-clara-lago-reparto-disney-plus\/\" data-vars-ga-ux-element=\"Hyperlink\" data-vars-ga-call-to-action=\"Clara Lago\" data-node-id=\"21.11\" class=\"body-link css-1v1lrc0 emevuu60\" rel=\"nofollow noopener\">Clara Lago<\/a>). Para conquistarla, Lolo imita el estilo de su primo <strong data-node-id=\"21.13\">Mart\u00edn (David Janer) <\/strong>y le regala dibujos. Acaba convirti\u00e9ndose en su novia, aunque al final el muchacho se olvida de ella. A pesar de que fue un papel menor para <a href=\"https:\/\/www.diezminutos.es\/famosos-corazon\/famosos-espanoles\/a71318588\/natalia-sanchez-como-conocio-adiccion-victor-elias-congelo-la-respiracion\/\" target=\"_blank\" data-vars-ga-outbound-link=\"https:\/\/www.diezminutos.es\/famosos-corazon\/famosos-espanoles\/a71318588\/natalia-sanchez-como-conocio-adiccion-victor-elias-congelo-la-respiracion\/\" data-vars-ga-ux-element=\"Hyperlink\" data-vars-ga-call-to-action=\"Natalia S\u00e1nchez\" data-node-id=\"21.15\" class=\"body-link css-1v1lrc0 emevuu60\" rel=\"nofollow noopener\">Natalia S\u00e1nchez<\/a>, marc\u00f3 uno de los primeros trabajos importantes en su carrera y le regal\u00f3 la posibilidad de despegar definitivamente en 2003 al ser elegida para encarnar a <strong data-node-id=\"21.17\">Tet\u00e9 Capdevila en &#8216;Los Serrano&#8217;<\/strong>.<\/p>\n<p><img src=\"https:\/\/www.europesays.com\/es\/wp-content\/uploads\/2026\/09\/ded5e1ed-0131-401e-b7e8-7a68de80543b_1684752816.file.png\" alt=\"Headshot of Vilma Degorgue Alegre\" title=\"Headshot of Vilma Degorgue Alegre\" width=\"100%\" height=\"100%\" decoding=\"async\" loading=\"lazy\" class=\"css-o0wq4v ev8dhu53\"\/><\/p>\n<p>Vilma Degorgue es una experimentada periodista, con 30 a\u00f1os de recorrido profesional. Entre otras cosas, est\u00e1 especializada en contenidos de televisi\u00f3n, principalmente ficci\u00f3n y, m\u00e1s concretamente, en series turcas y latinoamericanas. Lleva desde el a\u00f1o 2000 entrevistando a actores y actrices mexicanos, colombianos, argentinos, chilenos, etc, y hasta 2020 estuvo viajando a diversos pa\u00edses de Am\u00e9rica Latina y Estados Unidos (Miami, Venezuela, M\u00e9xico, Colombia, Chile, Argentina, Per\u00fa) para cubrir grabaciones de series\/telenovelas que despu\u00e9s se emit\u00edan en Espa\u00f1a, y para entrevistar a los actores que formaban parte de ellas. \u00a0\u00a0\u00a0<\/p>\n<p>Desde que irrumpieron las telenovelas turcas, se ha especializado en estos productos, entrevistando a los actores que trabajan en ellas y estando al tanto de cualquier novedad en relaci\u00f3n a las ficciones y los int\u00e9rpretes de ese pa\u00eds. \u00a0\u00a0<\/p>\n<p>Nacida en Barcelona, se licenci\u00f3 en Periodismo, en 1993, en la Universidad Aut\u00f3noma de la ciudad condal, cursando dos Erasmus, uno en Francia (Grenoble) y otro en Gran Breta\u00f1a (Cardiff). Comenz\u00f3 su carrera en su ciudad natal, trabajando en Europa Press Catalunya, pero al a\u00f1o se traslad\u00f3 a Madrid, y desde 1995 trabaja en la capital de Espa\u00f1a. Ha pasado por agencias (Europa Press, Euroimagen), televisi\u00f3n (Antena3, Telecinco, RTVE y Telemadrid), revistas (Teleindiscreta, Telenovela, colaboraciones en Lecturas y Semana) y ha sido coordinadora del Portal del Consumidor de la Comunidad de Madrid. Estos a\u00f1os de experiencia, y gracias a tres idiomas que habla (franc\u00e9s, ingl\u00e9s y alem\u00e1n, adem\u00e1s de su catal\u00e1n natal) le han permitido viajar por todo el mundo para entrevistar a personajes de la vida p\u00fablica y realizar reportajes casi todos relacionados con el mundo art\u00edstico y social. \u00a0\u00a0\u00a0<\/p>\n<p>Desde el a\u00f1o 2000 est\u00e1 vinculada, entre otras empresas, a la revista Telenovela (que ahora forma parte de Diez Minutos) y, desde su paso por el Portal del Consumidor de la Comunidad de Madrid (2006-2016), se ha especializado en prensa e informaci\u00f3n digital, gracias a cursos y experiencia en webs y portales de informaci\u00f3n en internet. En los \u00faltimos a\u00f1os, ha creado dos peri\u00f3dicos digitales, <a href=\"https:\/\/elmiradordemadrid.es\/\" target=\"_blank\" rel=\"nofollow noopener\">www.elmiradordemadrid.es<\/a> y <a href=\"https:\/\/elmiradordebenidorm.es\/\" target=\"_blank\" rel=\"nofollow noopener\">www.elmiradordebenidorm.es<\/a>, que son de su propiedad y gestiona junto con otros colaboradores. \u00a0\u00a0<\/p>\n","protected":false},"excerpt":{"rendered":"Ahora es una de las actrices m\u00e1s imprescindibles de la televisi\u00f3n. No en vano protagoniza &#8216;Sue\u00f1os de libertad&#8216;&hellip;\n","protected":false},"author":2,"featured_media":743911,"comment_status":"","ping_status":"","sticky":false,"template":"","format":"standard","meta":{"footnotes":""},"categories":[171],"tags":[253,146,147,25,24,23,214],"class_list":["post-743910","post","type-post","status-publish","format-standard","has-post-thumbnail","category-tv","tag-discover","tag-entertainment","tag-entretenimiento","tag-es","tag-espana","tag-spain","tag-tv"],"share_on_mastodon":{"url":"https:\/\/pubeurope.com\/@es\/117201313493613398","error":""},"_links":{"self":[{"href":"https:\/\/www.europesays.com\/es\/wp-json\/wp\/v2\/posts\/743910","targetHints":{"allow":["GET"]}}],"collection":[{"href":"https:\/\/www.europesays.com\/es\/wp-json\/wp\/v2\/posts"}],"about":[{"href":"https:\/\/www.europesays.com\/es\/wp-json\/wp\/v2\/types\/post"}],"author":[{"embeddable":true,"href":"https:\/\/www.europesays.com\/es\/wp-json\/wp\/v2\/users\/2"}],"replies":[{"embeddable":true,"href":"https:\/\/www.europesays.com\/es\/wp-json\/wp\/v2\/comments?post=743910"}],"version-history":[{"count":0,"href":"https:\/\/www.europesays.com\/es\/wp-json\/wp\/v2\/posts\/743910\/revisions"}],"wp:featuredmedia":[{"embeddable":true,"href":"https:\/\/www.europesays.com\/es\/wp-json\/wp\/v2\/media\/743911"}],"wp:attachment":[{"href":"https:\/\/www.europesays.com\/es\/wp-json\/wp\/v2\/media?parent=743910"}],"wp:term":[{"taxonomy":"category","embeddable":true,"href":"https:\/\/www.europesays.com\/es\/wp-json\/wp\/v2\/categories?post=743910"},{"taxonomy":"post_tag","embeddable":true,"href":"https:\/\/www.europesays.com\/es\/wp-json\/wp\/v2\/tags?post=743910"}],"curies":[{"name":"wp","href":"https:\/\/api.w.org\/{rel}","templated":true}]}}