{"id":743924,"date":"2026-09-02T12:01:10","date_gmt":"2026-09-02T12:01:10","guid":{"rendered":"https:\/\/www.europesays.com\/es\/743924\/"},"modified":"2026-09-02T12:01:10","modified_gmt":"2026-09-02T12:01:10","slug":"el-caso-de-lindsay-clancy-pone-el-foco-en-la-psicosis-posparto","status":"publish","type":"post","link":"https:\/\/www.europesays.com\/es\/743924\/","title":{"rendered":"El caso de Lindsay Clancy pone el foco en la psicosis posparto"},"content":{"rendered":"<p>T\u00edtulo del video, Las claves del caso de la mujer acusada de asesinar a sus 3 hijos peque\u00f1os<\/p>\n<p><strong class=\"ee56tn20 css-1yty16b emoh99e0\">Las claves del caso de la mujer acusada de asesinar a sus 3 hijos peque\u00f1os<\/strong><\/p>\n<p>Fecha de publicaci\u00f3n 2 horas<\/p>\n<p dir=\"ltr\" class=\"css-1in0gqf eea635z0\"><b>El juicio por asesinato contra Lindsay Clancy ha captado la atenci\u00f3n de muchos en Estados Unidos en las \u00faltimas semanas.<\/b><\/p>\n<p dir=\"ltr\" class=\"css-1in0gqf eea635z0\">La exenfermera de 36 a\u00f1os mat\u00f3 a sus tres hijos peque\u00f1os en el s\u00f3tano de la casa familiar en Massachusetts. Su defensa alega que cuando esto ocurri\u00f3, Clancy sufr\u00eda psicosis postparto.<\/p>\n<p dir=\"ltr\" class=\"css-1in0gqf eea635z0\">Un jurado de 9 mujeres y 3 hombres delibera su veredicto en el caso de esta mujer que ha puesto en el foco en si se est\u00e1 prestando la suficiente atenci\u00f3n a la salud mental de las mujeres durante el postparto.<\/p>\n<p dir=\"ltr\" class=\"css-1in0gqf eea635z0\">Ana Mar\u00eda Roura te explica en este video.<\/p>\n","protected":false},"excerpt":{"rendered":"T\u00edtulo del video, Las claves del caso de la mujer acusada de asesinar a sus 3 hijos peque\u00f1os&hellip;\n","protected":false},"author":2,"featured_media":743925,"comment_status":"","ping_status":"","sticky":false,"template":"","format":"standard","meta":{"footnotes":""},"categories":[42],"tags":[17,18,13,14,11,61,62,63,64,19,20,9,10,15,16,12,21,22,65,66,67],"class_list":["post-743924","post","type-post","status-publish","format-standard","has-post-thumbnail","category-internacional","tag-breaking-news","tag-breakingnews","tag-featured-news","tag-featurednews","tag-headlines","tag-internacional","tag-international","tag-international-news","tag-internationalnews","tag-latest-news","tag-latestnews","tag-news","tag-noticias","tag-noticias-destacadas","tag-noticiasdestacadas","tag-titulares","tag-ultimas-noticias","tag-ultimasnoticias","tag-world","tag-world-news","tag-worldnews"],"share_on_mastodon":{"url":"https:\/\/pubeurope.com\/@es\/117201344318808123","error":""},"_links":{"self":[{"href":"https:\/\/www.europesays.com\/es\/wp-json\/wp\/v2\/posts\/743924","targetHints":{"allow":["GET"]}}],"collection":[{"href":"https:\/\/www.europesays.com\/es\/wp-json\/wp\/v2\/posts"}],"about":[{"href":"https:\/\/www.europesays.com\/es\/wp-json\/wp\/v2\/types\/post"}],"author":[{"embeddable":true,"href":"https:\/\/www.europesays.com\/es\/wp-json\/wp\/v2\/users\/2"}],"replies":[{"embeddable":true,"href":"https:\/\/www.europesays.com\/es\/wp-json\/wp\/v2\/comments?post=743924"}],"version-history":[{"count":0,"href":"https:\/\/www.europesays.com\/es\/wp-json\/wp\/v2\/posts\/743924\/revisions"}],"wp:featuredmedia":[{"embeddable":true,"href":"https:\/\/www.europesays.com\/es\/wp-json\/wp\/v2\/media\/743925"}],"wp:attachment":[{"href":"https:\/\/www.europesays.com\/es\/wp-json\/wp\/v2\/media?parent=743924"}],"wp:term":[{"taxonomy":"category","embeddable":true,"href":"https:\/\/www.europesays.com\/es\/wp-json\/wp\/v2\/categories?post=743924"},{"taxonomy":"post_tag","embeddable":true,"href":"https:\/\/www.europesays.com\/es\/wp-json\/wp\/v2\/tags?post=743924"}],"curies":[{"name":"wp","href":"https:\/\/api.w.org\/{rel}","templated":true}]}}