{"id":743958,"date":"2026-09-02T12:25:14","date_gmt":"2026-09-02T12:25:14","guid":{"rendered":"https:\/\/www.europesays.com\/es\/743958\/"},"modified":"2026-09-02T12:25:14","modified_gmt":"2026-09-02T12:25:14","slug":"el-portaaviones-abraham-lincoln-llega-a-tailandia-tras-una-mision-de-286-dias-marcada-por-el-deterioro-de-la-salud-mental-de-su-tripulacion-internacional","status":"publish","type":"post","link":"https:\/\/www.europesays.com\/es\/743958\/","title":{"rendered":"El portaaviones \u2018Abraham Lincoln\u2019 llega a Tailandia tras una misi\u00f3n de 286 d\u00edas marcada por el deterioro de la salud mental de su tripulaci\u00f3n | Internacional"},"content":{"rendered":"<p class=\"\">El portaaviones estadounidense USS Abraham Lincoln ha llegado finalmente a puerto este mi\u00e9rcoles, despu\u00e9s de semanas de denuncias sobre el deterioro en las condiciones sanitarias, alimentarias y de salud mental de sus marineros. El buque ha atracado en la ciudad tailandesa de Laem Chabang, al sureste del pa\u00eds, <a href=\"https:\/\/elpais.com\/internacional\/2026-08-14\/los-democratas-denuncian-las-malas-condiciones-que-sufren-los-marineros-del-portaaviones-abraham-lincoln-desplegado-en-el-golfo.html\" rel=\"nofollow noopener\" target=\"_blank\">tras 286 d\u00edas seguidos en el mar<\/a>.<\/p>\n<p class=\"\">La escala que, seg\u00fan el capit\u00e1n del barco, Dan Keeler, se prolongar\u00e1 hasta el domingo, permitir\u00e1 a la tripulaci\u00f3n descansar antes del regreso a Estados Unidos, informa la agencia Reuters. El buque, con cerca de 5.000 marineros e infantes de marina a bordo, parti\u00f3 de San Diego el 21 de noviembre de 2025 con destino al Pac\u00edfico, pero <a href=\"https:\/\/elpais.com\/internacional\/2026-01-26\/el-portaaviones-de-estados-unidos-abraham-lincoln-llega-a-oriente-proximo-mientras-aumentan-las-tensiones-con-iran.html\" target=\"_self\" rel=\"nofollow noopener\" title=\"https:\/\/elpais.com\/internacional\/2026-01-26\/el-portaaviones-de-estados-unidos-abraham-lincoln-llega-a-oriente-proximo-mientras-aumentan-las-tensiones-con-iran.html\">fue desviado hacia Oriente Pr\u00f3ximo para apoyar las operaciones estadounidenses durante la guerra contra Ir\u00e1n<\/a>, que comenz\u00f3 el 28 de febrero.<\/p>\n<p class=\"\">En agosto, el senador dem\u00f3crata Richard Blumenthal advirti\u00f3 en una carta dirigida al secretario estadounidense de Defensa, Pete Hegseth, y al secretario de la Marina, Hung Cao, de la escasez de suministros, la contaminaci\u00f3n del agua, las complicaciones con los sistemas de desag\u00fce y los problemas de salud mental de los tripulantes. Concretamente, y seg\u00fan relatos de familiares recogidos por las publicaciones militares Stars and Stripes y Navy Times, varios marineros desesperados hab\u00edan querido tirarse por la borda.<\/p>\n<p class=\"\">Cao reconoci\u00f3 que se hab\u00edan registrado algunos casos de problemas de salud mental y Hegseth, que hab\u00eda cuestionado inicialmente las informaciones, admiti\u00f3 despu\u00e9s que hab\u00eda sido un despliegue dif\u00edcil.<\/p>\n<p class=\"\">El Abraham Lincoln <a href=\"https:\/\/elpais.com\/us\/2026-08-25\/el-portaaviones-uss-abraham-lincoln-va-rumbo-a-tailandia-tras-mas-de-250-dias-en-el-mar.html\" target=\"_self\" rel=\"nofollow noopener\" title=\"https:\/\/elpais.com\/us\/2026-08-25\/el-portaaviones-uss-abraham-lincoln-va-rumbo-a-tailandia-tras-mas-de-250-dias-en-el-mar.html\">solo ha realizado dos paradas durante su misi\u00f3n<\/a>, pero \u00fanicamente para su reabastecimiento: en diciembre, en la isla estadounidense de Guam, en el Pac\u00edfico, y en julio, en Om\u00e1n. El capit\u00e1n del portaaviones ha confirmado que la parada en Tailandia es la primera escala portuaria completa desde su despliegue.<\/p>\n<p><img alt=\"\" decoding=\"auto\" class=\"_re lazyload a_m-h\" height=\"276\"  width=\"414\"  src=\"https:\/\/www.europesays.com\/es\/wp-content\/uploads\/2026\/09\/RDVGBQDNV5I7TAKOQQLQKSUJLY.jpg\" loading=\"lazy\" fetchpriority=\"low\"\/>Militares estadounidenses del Abraham Lincoln llegan a un hotel en Tailandia, el mi\u00e9rcoles 2 de septiembre de 2026. Sakchai Lalit (AP Photo\/Sakchai Lalit)<\/p>\n<p class=\"\">El Abraham Lincoln ha sido relevado en la regi\u00f3n por el USS George Washington y emprender\u00e1 el domingo el regreso a San Diego, un trayecto de unos 22.000 kil\u00f3metros que puede prolongarse entre cuatro y cinco semanas. Su retorno a Estados Unidos se produce en un momento en que Washington y Teher\u00e1n han reanudado sus ataques. <a href=\"https:\/\/elpais.com\/internacional\/2026-09-02\/iran-responde-a-estados-unidos-con-nuevos-ataques-contra-bahrein-jordania-y-kuwait.html\" target=\"_self\" rel=\"nofollow noopener\" title=\"https:\/\/elpais.com\/internacional\/2026-09-02\/iran-responde-a-estados-unidos-con-nuevos-ataques-contra-bahrein-jordania-y-kuwait.html\">El martes, Estados Unidos bombarde\u00f3 objetivos militares iran\u00edes. <\/a>Teher\u00e1n ha replicado este mi\u00e9rcoles tomando como blanco varios de los pa\u00edses del Golfo P\u00e9rsico que albergan instalaciones o personal militar estadounidense como Jordania, Bahr\u00e9in y Kuwait. <\/p>\n","protected":false},"excerpt":{"rendered":"El portaaviones estadounidense USS Abraham Lincoln ha llegado finalmente a puerto este mi\u00e9rcoles, despu\u00e9s de semanas de denuncias&hellip;\n","protected":false},"author":2,"featured_media":743959,"comment_status":"","ping_status":"","sticky":false,"template":"","format":"standard","meta":{"footnotes":""},"categories":[42],"tags":[132000,89903,8738,17,18,629,13,14,69,11,61,62,63,64,3137,19,20,9,10,15,16,30231,4474,2066,12,21,22,65,66,67],"class_list":["post-743958","post","type-post","status-publish","format-standard","has-post-thumbnail","category-internacional","tag-abraham-lincoln","tag-ataque-contra-iran","tag-ataques-militares","tag-breaking-news","tag-breakingnews","tag-estados-unidos","tag-featured-news","tag-featurednews","tag-guerra","tag-headlines","tag-internacional","tag-international","tag-international-news","tag-internationalnews","tag-iran","tag-latest-news","tag-latestnews","tag-news","tag-noticias","tag-noticias-destacadas","tag-noticiasdestacadas","tag-portaaviones","tag-salud-mental","tag-tailandia","tag-titulares","tag-ultimas-noticias","tag-ultimasnoticias","tag-world","tag-world-news","tag-worldnews"],"share_on_mastodon":{"url":"","error":"Validation failed: Text character limit of 500 exceeded"},"_links":{"self":[{"href":"https:\/\/www.europesays.com\/es\/wp-json\/wp\/v2\/posts\/743958","targetHints":{"allow":["GET"]}}],"collection":[{"href":"https:\/\/www.europesays.com\/es\/wp-json\/wp\/v2\/posts"}],"about":[{"href":"https:\/\/www.europesays.com\/es\/wp-json\/wp\/v2\/types\/post"}],"author":[{"embeddable":true,"href":"https:\/\/www.europesays.com\/es\/wp-json\/wp\/v2\/users\/2"}],"replies":[{"embeddable":true,"href":"https:\/\/www.europesays.com\/es\/wp-json\/wp\/v2\/comments?post=743958"}],"version-history":[{"count":0,"href":"https:\/\/www.europesays.com\/es\/wp-json\/wp\/v2\/posts\/743958\/revisions"}],"wp:featuredmedia":[{"embeddable":true,"href":"https:\/\/www.europesays.com\/es\/wp-json\/wp\/v2\/media\/743959"}],"wp:attachment":[{"href":"https:\/\/www.europesays.com\/es\/wp-json\/wp\/v2\/media?parent=743958"}],"wp:term":[{"taxonomy":"category","embeddable":true,"href":"https:\/\/www.europesays.com\/es\/wp-json\/wp\/v2\/categories?post=743958"},{"taxonomy":"post_tag","embeddable":true,"href":"https:\/\/www.europesays.com\/es\/wp-json\/wp\/v2\/tags?post=743958"}],"curies":[{"name":"wp","href":"https:\/\/api.w.org\/{rel}","templated":true}]}}