{"id":743966,"date":"2026-09-02T12:36:18","date_gmt":"2026-09-02T12:36:18","guid":{"rendered":"https:\/\/www.europesays.com\/es\/743966\/"},"modified":"2026-09-02T12:36:18","modified_gmt":"2026-09-02T12:36:18","slug":"felix-fernandez-sobre-el-adios-de-pujol-tu-no-estas-en-un-sitio-donde-no-quieres-estarbaskonia","status":"publish","type":"post","link":"https:\/\/www.europesays.com\/es\/743966\/","title":{"rendered":"F\u00e9lix Fern\u00e1ndez, sobre el adi\u00f3s de Pujol: \u00abT\u00fa no est\u00e1s en un sitio donde no quieres estar\u00bb|Baskonia"},"content":{"rendered":"<p>\n        Durante la presentaci\u00f3n de Chris Duarte como nuevo jugador del Kosner Baskonia, <strong>F\u00e9lix Fern\u00e1ndez ha abordado uno de los temas m\u00e1s delicados del verano como la salida voluntaria de Xevi Pujol como secretario t\u00e9cnico y su marcha al Barcelona <\/strong>tras el preaviso de dos meses dado al club vitoriano para romper los tres a\u00f1os de contrato firmados un a\u00f1o atr\u00e1s.\n<\/p>\n<p class=\"article-body__text \">\n        A tenor de las palabras del director deportivo azulgrana, todo hace indicar que <strong>el Baskonia no ha percibido dinero por el divorcio ni tampoco lo podr\u00e1 hacer en el futuro.<\/strong> Las posibles <strong>medidas legales por la ruptura unilateral del contrato flotaban en el ambiente desde hace tiempo, pero por lo dicho esta ma\u00f1ana la actuaci\u00f3n de Pujol se enmarca dentro de la legalidad <\/strong>que permite la legislaci\u00f3n laboral y no hay margen para una reclamaci\u00f3n de alg\u00fan tipo.\n<\/p>\n<p>            <a href=\"https:\/\/www.noticiasdealava.eus\/baskonia\/2026\/09\/02\/miguel-angel-hoyo-completa-staff-tecnico-del-baskonia-11494572.html\" title=\"Miguel \u00c1ngel Hoyo completa el staff t\u00e9cnico del Baskonia\" class=\"new__media\" rel=\"nofollow noopener\" target=\"_blank\"><\/p>\n<p>                <img alt=\"Miguel \u00c1ngel Hoyo completa el staff t\u00e9cnico del Baskonia\" data-src=\"https:\/\/estaticosgn-cdn.deia.eus\/clip\/fa039d5e-6714-463d-8e51-eef2a67d46ee_16-9-aspect-ratio_default_0.\" class=\"lozad\"\/><\/p>\n<p>        <\/a><\/p>\n<p>        <a href=\"https:\/\/www.noticiasdealava.eus\/baskonia\/2026\/09\/02\/miguel-angel-hoyo-completa-staff-tecnico-del-baskonia-11494572.html\" title=\"Miguel \u00c1ngel Hoyo completa el staff t\u00e9cnico del Baskonia\" class=\"new__headline\" rel=\"nofollow noopener\" target=\"_blank\"><br \/>\n            Miguel \u00c1ngel Hoyo completa el staff t\u00e9cnico del Baskonia<br \/>\n        <\/a><\/p>\n<p class=\"article-body__text \">\n        Fern\u00e1ndez no ha pronunciado en ning\u00fan momento el nombre de Pujol ni tampoco el Barcelona en un asunto que ha levantado ampollas en las oficinas del Buesa Arena.\n<\/p>\n<p class=\"article-body__text \">\n        <strong>\u00abEs un trabajador que ya no pertenece a la disciplina del Baskonia. T\u00fa no est\u00e1s en tu sitio donde no quieres estar y sab\u00edamos hace tiempo que su deseo era trabajar para el club donde est\u00e1 ahora mismo. Cada uno a nivel profesional toma sus caminos y decisiones. Estamos sumamente contentos con c\u00f3mo tenemos estructurada la parcela deportiva. No voy a entrar en temas privados de un trabajador con el club. A d\u00eda de hoy pertenece a otra estructura y no tiene mucho m\u00e1s recorrido\u00bb<\/strong>, ha explicado Fern\u00e1ndez.\n<\/p>\n<p class=\"article-body__text \">\n        Tras la salida de Pujol, <strong>no hay sorpresas en cuanto a la composici\u00f3n de la direcci\u00f3n deportiva del Baskonia. Adem\u00e1s de F\u00e9lix Fern\u00e1ndez, Juan Pedro Cazorla y Alfredo Salazar siguen siendo los encargados de confeccionar la plantilla.<\/strong><\/p>\n","protected":false},"excerpt":{"rendered":"Durante la presentaci\u00f3n de Chris Duarte como nuevo jugador del Kosner Baskonia, F\u00e9lix Fern\u00e1ndez ha abordado uno de&hellip;\n","protected":false},"author":2,"featured_media":743967,"comment_status":"","ping_status":"","sticky":false,"template":"","format":"standard","meta":{"footnotes":""},"categories":[269],"tags":[132001,6831,299,298,168,25,24,27390,10994,33090,23,167],"class_list":["post-743966","post","type-post","status-publish","format-standard","has-post-thumbnail","category-baloncesto","tag-tu-no-estas-en-un-sitio-donde-no-quieres-estar","tag-adios","tag-baloncesto","tag-basketball","tag-deportes","tag-es","tag-espana","tag-felix","tag-fernandez","tag-pujol","tag-spain","tag-sports"],"share_on_mastodon":{"url":"https:\/\/pubeurope.com\/@es\/117201481624384977","error":""},"_links":{"self":[{"href":"https:\/\/www.europesays.com\/es\/wp-json\/wp\/v2\/posts\/743966","targetHints":{"allow":["GET"]}}],"collection":[{"href":"https:\/\/www.europesays.com\/es\/wp-json\/wp\/v2\/posts"}],"about":[{"href":"https:\/\/www.europesays.com\/es\/wp-json\/wp\/v2\/types\/post"}],"author":[{"embeddable":true,"href":"https:\/\/www.europesays.com\/es\/wp-json\/wp\/v2\/users\/2"}],"replies":[{"embeddable":true,"href":"https:\/\/www.europesays.com\/es\/wp-json\/wp\/v2\/comments?post=743966"}],"version-history":[{"count":0,"href":"https:\/\/www.europesays.com\/es\/wp-json\/wp\/v2\/posts\/743966\/revisions"}],"wp:featuredmedia":[{"embeddable":true,"href":"https:\/\/www.europesays.com\/es\/wp-json\/wp\/v2\/media\/743967"}],"wp:attachment":[{"href":"https:\/\/www.europesays.com\/es\/wp-json\/wp\/v2\/media?parent=743966"}],"wp:term":[{"taxonomy":"category","embeddable":true,"href":"https:\/\/www.europesays.com\/es\/wp-json\/wp\/v2\/categories?post=743966"},{"taxonomy":"post_tag","embeddable":true,"href":"https:\/\/www.europesays.com\/es\/wp-json\/wp\/v2\/tags?post=743966"}],"curies":[{"name":"wp","href":"https:\/\/api.w.org\/{rel}","templated":true}]}}