{"id":743968,"date":"2026-09-02T12:37:15","date_gmt":"2026-09-02T12:37:15","guid":{"rendered":"https:\/\/www.europesays.com\/es\/743968\/"},"modified":"2026-09-02T12:37:15","modified_gmt":"2026-09-02T12:37:15","slug":"las-primeras-palabras-de-marc-casado-como-nuevo-jugador-del-deportivo-me-ha-presentado-un-proyecto-muy-guapo-y-estoy-ilusionado","status":"publish","type":"post","link":"https:\/\/www.europesays.com\/es\/743968\/","title":{"rendered":"Las primeras palabras de Marc Casad\u00f3 como nuevo jugador del Deportivo: \u00abMe ha presentado un proyecto muy guapo y estoy ilusionado\u00bb"},"content":{"rendered":"<p class=\"ft-text\"><a class=\"ft-link ft-link--decoration\" href=\"https:\/\/www.laopinioncoruna.es\/deportivo\/2026\/09\/01\/deportivo-apura-cerrar-jose-maria-133846678.html\" rel=\"nofollow noopener\" target=\"_blank\"><strong>Marc Casad\u00f3, <\/strong><\/a><a class=\"ft-link ft-link--decoration\" href=\"https:\/\/www.laopinioncoruna.es\/deportivo\/2026\/09\/01\/deportivo-apura-cerrar-jose-maria-133846678.html\" rel=\"nofollow noopener\" target=\"_blank\">el d\u00e9cimo y \u00faltimo fichaje del Deportivo,<\/a> llegar\u00e1 a <strong>A Coru\u00f1a <\/strong>en unas horas a la que ser\u00e1 su nueva casa hasta el pr\u00f3ximo 30 de junio. El pivote, cedido con una opci\u00f3n de compra no obligatoria de 30 millones de euros, fue asaltado por la prensa de <strong>Barcelona <\/strong>en el <strong>Prat <\/strong>antes de subirse al avi\u00f3n y, en el medio de ref\u00f1exiones por su salida del club cul\u00e9, mostraba su entusiasmo por desembarcar en <strong>Riazor<\/strong>. \u00abDejar de jugar un a\u00f1o en el <strong>Barcelona <\/strong>siempre es complicado, cuesta marchar de casa, pero me han hecho llegar un proyecto muy guapo, un buen proyecto, y estoy muy ilusionado con lo que viene\u00bb, razonaba el futbolista, mientras enfilaba la zona de facturaci\u00f3n. Tambi\u00e9n tuvo tiempo para enjuiciar algunas decisiones del club cul\u00e9 con \u00e9l, que relativiza. \u00ab\u00bfQuitarme el dorsal? Ya he hablado con ellos. Todos tenemos cosas que mejorar, todos hacemos cosas bien y cosas mal y ya est\u00e1\u00bb, zanja.<\/p>\n<p>As\u00ed fue su contrataci\u00f3n<\/p>\n<p class=\"ft-text\">Dentro de lo que supone para un reci\u00e9n ascendido asumir la contrataci\u00f3n a pr\u00e9stamo de dos futbolistas como <strong>Casad\u00f3 <\/strong>y <strong>Gim\u00e9nez<\/strong>, el <strong>Deportivo <\/strong>hizo malabares para encontrar encaje a la llegada del pivote catal\u00e1n. El <strong>Deportivo <\/strong>realiz\u00f3 un movimiento en las \u00faltimas horas de mercado, tal y como apunt\u00f3 <strong>Sport<\/strong>, del mismo grupo que<strong> LA OPINI\u00d3N. <\/strong>A pesar de que contaba con ofertas importantes de <strong>Turqu\u00eda <\/strong>y <strong>Arabia Saud\u00ed, <\/strong>el pivote se mostr\u00f3 receptivo a la posibilidad de llegar a pr\u00e9stamo a <strong>Riazor<\/strong>. Quer\u00eda ser el d\u00e9cimo fichaje y as\u00ed es. En <strong>Abegondo <\/strong>se trabaj\u00f3 para hacer posibles las dos operaciones, para poder permit\u00edrselas.<\/p>\n<p class=\"ft-text\">El <strong>Barcelona <\/strong>le dio espacio a <strong>Casad\u00f3 <\/strong>para elegir lo mejor en el siguiente paso de su carrera y todo parec\u00eda listo y acordado a mitad de tarde con un pr\u00e9stamo simple, pero la entidad cul\u00e9, con el jugador listo para viajar, solicit\u00f3 una opci\u00f3n de compra no obligatoria en el trato, que asciende a 30 millones de euros. La operaci\u00f3n se pospuso hasta casi la medianoche, pero el convencimiento del internacional espa\u00f1ol de llegar a <strong>A Coru\u00f1a<\/strong> fue clave. La entidad del Camp Nou asume parte de la ficha.<\/p>\n","protected":false},"excerpt":{"rendered":"Marc Casad\u00f3, el d\u00e9cimo y \u00faltimo fichaje del Deportivo, llegar\u00e1 a A Coru\u00f1a en unas horas a la&hellip;\n","protected":false},"author":2,"featured_media":743969,"comment_status":"","ping_status":"","sticky":false,"template":"","format":"standard","meta":{"footnotes":""},"categories":[268],"tags":[12691,168,25,24,280,282,6489,524,1298,1640,281,23,167],"class_list":["post-743968","post","type-post","status-publish","format-standard","has-post-thumbnail","category-futbol","tag-casado","tag-deportes","tag-es","tag-espana","tag-football","tag-futbol","tag-marc","tag-nuevo","tag-palabras","tag-primeras","tag-soccer","tag-spain","tag-sports"],"share_on_mastodon":{"url":"https:\/\/pubeurope.com\/@es\/117201485839889355","error":""},"_links":{"self":[{"href":"https:\/\/www.europesays.com\/es\/wp-json\/wp\/v2\/posts\/743968","targetHints":{"allow":["GET"]}}],"collection":[{"href":"https:\/\/www.europesays.com\/es\/wp-json\/wp\/v2\/posts"}],"about":[{"href":"https:\/\/www.europesays.com\/es\/wp-json\/wp\/v2\/types\/post"}],"author":[{"embeddable":true,"href":"https:\/\/www.europesays.com\/es\/wp-json\/wp\/v2\/users\/2"}],"replies":[{"embeddable":true,"href":"https:\/\/www.europesays.com\/es\/wp-json\/wp\/v2\/comments?post=743968"}],"version-history":[{"count":0,"href":"https:\/\/www.europesays.com\/es\/wp-json\/wp\/v2\/posts\/743968\/revisions"}],"wp:featuredmedia":[{"embeddable":true,"href":"https:\/\/www.europesays.com\/es\/wp-json\/wp\/v2\/media\/743969"}],"wp:attachment":[{"href":"https:\/\/www.europesays.com\/es\/wp-json\/wp\/v2\/media?parent=743968"}],"wp:term":[{"taxonomy":"category","embeddable":true,"href":"https:\/\/www.europesays.com\/es\/wp-json\/wp\/v2\/categories?post=743968"},{"taxonomy":"post_tag","embeddable":true,"href":"https:\/\/www.europesays.com\/es\/wp-json\/wp\/v2\/tags?post=743968"}],"curies":[{"name":"wp","href":"https:\/\/api.w.org\/{rel}","templated":true}]}}