{"id":743970,"date":"2026-09-02T12:38:14","date_gmt":"2026-09-02T12:38:14","guid":{"rendered":"https:\/\/www.europesays.com\/es\/743970\/"},"modified":"2026-09-02T12:38:14","modified_gmt":"2026-09-02T12:38:14","slug":"brad-pitt-sobre-la-epoca-menos-saludable-de-su-vida-me-bebia-4-coca-colas-y-tenia-una-novia-a-la-que-le-encantaban-los-reptiles","status":"publish","type":"post","link":"https:\/\/www.europesays.com\/es\/743970\/","title":{"rendered":"Brad Pitt, sobre la \u00e9poca menos saludable de su vida: \u00abMe beb\u00eda 4 Coca-Colas y ten\u00eda una novia a la que le encantaban los reptiles\u00bb"},"content":{"rendered":"<p data-journey-content=\"true\" data-node-id=\"7\" class=\"css-1ood0zq emevuu60\">El verano llega a su fin, y como cada a\u00f1o, la fecha de inauguraci\u00f3n de la nueva edici\u00f3n del Festival de Cine de San Sebasti\u00e1n se aproxima. El festival, que este a\u00f1o celebra su 74\u00ba edici\u00f3n, tendr\u00e1 lugar entre el 18 y el 26 de septiembre, <strong data-node-id=\"7.1\">y ya ha confirmado la asistencia de una de las mayores estrellas del cine internacional: Brad Pitt<\/strong>. El int\u00e9rprete, ganador del Oscar en la categor\u00eda de Mejor actor de reparto por su papel en \u2018\u00c9rase una vez en\u2026 Hollywood\u2019 (Quentin Tarantino, 2019), regresa a una ciudad que no visita desde que en el a\u00f1o 2009 acompa\u00f1ase precisamente a Quentin Tarantino para el estreno de \u2018Malditos bastardos\u2019 (Quentin Tarantino, 2009).<\/p>\n<p><img draggable=\"true\" alt=\"brad pitt erase una vez en hollywood\" title=\"brad pitt erase una vez en hollywood\" loading=\"lazy\" width=\"3000\" height=\"2000\" decoding=\"async\" data-nimg=\"1\" style=\"color:transparent;width:100%;height:auto;\"   src=\"https:\/\/www.europesays.com\/es\/wp-content\/uploads\/2026\/09\/brad-pitt-erase-una-vez-en-gollywood-68a4651b4f285.jpg\" class=\"css-0 e1ddfba50\"\/><\/p>\n<p>Sony Pictures<\/p>\n<p data-journey-content=\"true\" data-node-id=\"14\" class=\"css-1ood0zq emevuu60\">En esta ocasi\u00f3n, el int\u00e9rprete se desplazar\u00e1 hasta la capital de Guip\u00fazcoa para presentar su nueva pel\u00edcula, \u2018En el coraz\u00f3n de la bestia\u2019 (David Ayer, 2026), un filme de supervivencia en el que Pitt dar\u00e1 vida a James Belmont, un oficial de las Fuerzas Especiales que sobrevive a un accidente de aviaci\u00f3n, quedando completamente aislado en medio de Alaska junto a su perro. Como ocurre habitualmente en muchos de sus trabajos, el int\u00e9rprete ha tenido que superar un complejo entrenamiento para dar vida a su personaje; <strong data-node-id=\"14.1\">todo ello teniendo en cuenta que cumplir\u00e1 pr\u00f3ximamente los 63 a\u00f1os de edad<\/strong>.<\/p>\n<p><img draggable=\"true\" alt=\"brad pitt joven\" title=\"brad pitt joven\" loading=\"lazy\" width=\"1500\" height=\"2238\" decoding=\"async\" data-nimg=\"1\" style=\"color:transparent;width:100%;height:auto;\"   src=\"https:\/\/www.europesays.com\/es\/wp-content\/uploads\/2026\/09\/brad-pitt-joven-671abbf982c9d.jpg\" class=\"css-0 e1ddfba50\"\/><\/p>\n<p>Getty Images<\/p>\n<p data-journey-content=\"true\" data-node-id=\"19\" class=\"css-1ood0zq emevuu60\">Por este motivo, la envidiable forma f\u00edsica del actor junto a su incre\u00edble apariencia juvenil fue uno de los temas de conversaci\u00f3n que se atajaron durante la participaci\u00f3n de Pitt en el p\u00f3dcast \u2018Armchair Expert with Dax Shepard\u2019, en junio de 2025, donde el propio int\u00e9rprete explic\u00f3 los malos h\u00e1bitos que llevaba durante su juventud y c\u00f3mo los abord\u00f3 de manera tajante: \u201c<strong data-node-id=\"19.1\">En 1994 tuve el verano m\u00e1s raro de mi vida. <\/strong><strong data-node-id=\"19.2\">Me beb\u00eda 4 Coca-Colas y ten\u00eda una novia a la que le encantaban los reptiles. <\/strong><strong data-node-id=\"19.3\">Compramos cuarenta camaleones y viv\u00edamos en la antigua casa de soltero de Errol Flynn. Todo estaba lleno de terrarios. Nuestra casa era como un terrario. Fue la \u00e9poca menos saludable de mi vida. Necesitaba desconectar. Me despertaba, fumaba una pipa de hierba, me las Coca-Colas y no com\u00eda nada<\/strong>\u201d.<\/p>\n<p data-journey-content=\"true\" data-node-id=\"24\" class=\"css-1ood0zq emevuu60\">En la misma intervenci\u00f3n, el actor explic\u00f3 que esta forma de vida deriv\u00f3 en una preocupante depresi\u00f3n que le hizo perder el gusto por la interpretaci\u00f3n, algo que cambi\u00f3 cuando David Fincher le propuso uno de los papeles principales en \u2018Seven\u2019 (David Fincher, 1995): \u201c<strong data-node-id=\"24.1\">Fui a ver a Fincher, que hablaba de las pel\u00edculas como nunca antes hab\u00eda o\u00eddo a nadie hablar de cine. Me volvi\u00f3 a entrar el gusanillo. Encontrarlo me devolvi\u00f3 las ganas de seguir haciendo esto<\/strong>\u201d. El \u00e9xito del filme hizo que le llovieran las ofertas en Hollywood, y a medida que su estatus como estrella se fue consolidando, Pitt convino que lo m\u00e1s sensato era abandonar sus malos h\u00e1bitos y adoptar una rutina sana. Para ello contrat\u00f3 al reputado preparador f\u00edsico Duffy Gaver, quien seg\u00fan coment\u00f3 el propio Pitt en una entrevista para \u2018Men\u2019s Health\u2019 en el a\u00f1o 2021, le dio la clave para mejorar sus h\u00e1bitos con tres alimentos esenciales: \u201c<strong data-node-id=\"24.3\">Pollo, br\u00f3coli y arroz integral<\/strong>\u201d. Esto y el entrenamiento diario hicieron que Brad Pitt recuperara su forma, ya que seg\u00fan el propio Gaver, antes de comenzar con su rutina, el actor \u201c<strong data-node-id=\"24.5\">no pod\u00eda lanzar m\u00e1s que unos pocos golpes antes de tener que apoyarse en algo para recuperar el aliento<\/strong>\u201d.<\/p>\n<p><img draggable=\"true\" alt=\"troya\" title=\"troya\" loading=\"lazy\" width=\"2048\" height=\"3072\" decoding=\"async\" data-nimg=\"1\" style=\"color:transparent;width:100%;height:auto;\"   src=\"https:\/\/www.europesays.com\/es\/wp-content\/uploads\/2026\/09\/5ecc4f70-13ae-4902-86fa-9537ba025681.jpg\" class=\"css-0 e1ddfba50\"\/><\/p>\n<p>Warner Bros.<\/p>\n","protected":false},"excerpt":{"rendered":"El verano llega a su fin, y como cada a\u00f1o, la fecha de inauguraci\u00f3n de la nueva edici\u00f3n&hellip;\n","protected":false},"author":2,"featured_media":743971,"comment_status":"","ping_status":"","sticky":false,"template":"","format":"standard","meta":{"footnotes":""},"categories":[174],"tags":[255,253,146,147,25,24,256,23],"class_list":["post-743970","post","type-post","status-publish","format-standard","has-post-thumbnail","category-famosos","tag-celebrities","tag-discover","tag-entertainment","tag-entretenimiento","tag-es","tag-espana","tag-famosos","tag-spain"],"share_on_mastodon":{"url":"https:\/\/pubeurope.com\/@es\/117201491307164213","error":""},"_links":{"self":[{"href":"https:\/\/www.europesays.com\/es\/wp-json\/wp\/v2\/posts\/743970","targetHints":{"allow":["GET"]}}],"collection":[{"href":"https:\/\/www.europesays.com\/es\/wp-json\/wp\/v2\/posts"}],"about":[{"href":"https:\/\/www.europesays.com\/es\/wp-json\/wp\/v2\/types\/post"}],"author":[{"embeddable":true,"href":"https:\/\/www.europesays.com\/es\/wp-json\/wp\/v2\/users\/2"}],"replies":[{"embeddable":true,"href":"https:\/\/www.europesays.com\/es\/wp-json\/wp\/v2\/comments?post=743970"}],"version-history":[{"count":0,"href":"https:\/\/www.europesays.com\/es\/wp-json\/wp\/v2\/posts\/743970\/revisions"}],"wp:featuredmedia":[{"embeddable":true,"href":"https:\/\/www.europesays.com\/es\/wp-json\/wp\/v2\/media\/743971"}],"wp:attachment":[{"href":"https:\/\/www.europesays.com\/es\/wp-json\/wp\/v2\/media?parent=743970"}],"wp:term":[{"taxonomy":"category","embeddable":true,"href":"https:\/\/www.europesays.com\/es\/wp-json\/wp\/v2\/categories?post=743970"},{"taxonomy":"post_tag","embeddable":true,"href":"https:\/\/www.europesays.com\/es\/wp-json\/wp\/v2\/tags?post=743970"}],"curies":[{"name":"wp","href":"https:\/\/api.w.org\/{rel}","templated":true}]}}