{"id":743972,"date":"2026-09-02T12:42:16","date_gmt":"2026-09-02T12:42:16","guid":{"rendered":"https:\/\/www.europesays.com\/es\/743972\/"},"modified":"2026-09-02T12:42:16","modified_gmt":"2026-09-02T12:42:16","slug":"audiencias-tv-ayer-nacho-abad-y-codigo-10-arrasan-con-record-senalando-a-marlaska-y-horizonte-con-iker-jimenez-supera-a-first-dates-en-telecinco-el-periodico","status":"publish","type":"post","link":"https:\/\/www.europesays.com\/es\/743972\/","title":{"rendered":"Audiencias TV ayer | Nacho Abad y &#039;C\u00f3digo 10&#039; arrasan con r\u00e9cord se\u00f1alando a Marlaska y &#039;Horizonte&#039; con Iker Jim\u00e9nez supera a &#039;First dates&#039; en Telecinco &#8211; El Peri\u00f3dico"},"content":{"rendered":"<ol>\n<li><a href=\"https:\/\/news.google.com\/rss\/articles\/CBMilgJBVV95cUxOVS1NcnNGdWhkMHp0NmdWUTZWcU42dWd1X3VIM3pHX2xSYmZFTzNaRjNNZE9yRzA5RHZJNjdqRVVZSTN4eXFoMmpBQ0liZzgxM25JLVFfbnVuQllXZjJNaS16MG1EV1lWaHN3VmlPdW40X1hKYkV6S3VRNDV5UGh6aFhmcjBSb0REYmxuS0NaNTE3SUVMR2FVVjhTc0FDR0FMQW9yN2Q3TG8zMTVsZ0hxRENFM19za1BHdW9SaUROdnE5cDRsVk9IMU8wVUEtZms0S1I2aHNBQjIzWk96Yms3c2otbUFsb01fN3oxVnk0NUV1eU9DdHZlSUs3d0ZCeUxJUWc0VU44enBlekN1UWotd3pvZGtBd9IBlgJBVV95cUxQTDhOdkZldmZqZ3QwbS05Uk1vdHhmVlZNMDFwTGI0YVFWdnZScTRSbkZfaDNXUk1zRTlERE8zUXh3OG5EenZoQnFlcUk2ZUdQRml5VUxKcmF4aGJpVnBFR21NclVwVTZpVC1PQXJicm04UjA2X0RVZjJnbWpZX2pIbkRRZ0s5VWNFNnJnM3VScXNwTG42eW55MFR1ZUtOa29ZMjZVS2tpaTFQbDZLdlNRRjVkWTZTcGppWFdWY1BNdU5CQi1SOTU0OEpDeDUyNkdGTWhZbnJPX004MDZYN0swR1NGYm1GcU5BU2ZzX3U4Q1Y2T3VHMVZEcTFqRllIdGxuMFUxeDBGbkNLODBBMFhDUFlwSkQxZw?oc=5\" target=\"_blank\" rel=\"nofollow noopener\">Audiencias TV ayer | Nacho Abad y &#8216;C\u00f3digo 10&#8217; arrasan con r\u00e9cord se\u00f1alando a Marlaska y &#8216;Horizonte&#8217; con Iker Jim\u00e9nez supera a &#8216;First dates&#8217; en Telecinco<\/a>&nbsp;&nbsp;El Peri\u00f3dico<\/li>\n<li><a href=\"https:\/\/news.google.com\/rss\/articles\/CBMi6gFBVV95cUxNNVFMN1hOVDNWVXNEQ0R2d25PUHFuUllVTzFNOHIzOHI0NkJnWXkzMU55Y0w1LVZrRG1EYWpuQ3JjMU52UXZlTXNHTTVuWE5UZFk0b095bHlGUDBQYy1qSENpaEV2eFVvd0FLRUViSHVldmV2QmVhN1RLMTRrZVZqU1NxaWE3aU93V05hV3VfLTdDVkNtdnBSSW5TRWk5dDVCREVheTFJSnAzcjVqQTRyS0U1NjAyYm9uRUt0NGZRbmZfT1h1MjBlMlN0MWhCcWhnVDZ2VW1LN0ZZNnNGZ1E2V05FZVd1ZTlRT1E?oc=5\" target=\"_blank\" rel=\"nofollow noopener\">&#8216;Horizonte&#8217; (10.4%) y el r\u00e9cord hist\u00f3rico de &#8216;C\u00f3digo 10&#8217; (13.5%) dejan a Cuatro (8.2%) a un suspiro de Telecinco (8.5%)<\/a>&nbsp;&nbsp;elDiario.es<\/li>\n<li><a href=\"https:\/\/news.google.com\/rss\/articles\/CBMi6gFBVV95cUxNUzRWS1hzbGpjNC1oMmktMGRTcTE0d3FVbEhfbUo0N2xKblNBNXUwcURYVER0Q1FvbkFkY19na3RCZGk1d2s0S3AzTDZTV1dTeDN6QS1EZ19nWTBzWWYwLTlFSk4zUkpWcGpPemRaQ1BoUk5pN2QzQmdidHpjS2lod2NINzBEMWJwLXIyLVdnOVd3b1dPWllJNEdHSHBCQlhuc0FaNjdMTDhJb2NwMjYtVHJndDRIOEswSXR1OGptdXVvV3hNTTJ6bUtwMnAwOWd3NEUxYjBUWm9aT045NUlqdTlSS3FVa01ldXfSAe8BQVVfeXFMTWQyUnp4UUlUaEFqT0l2bnpFS294YUdEVEQtU1dpdkVYRVN6blV0bE80djZKLXFtR2VzZ3NiT2hWMEpJOGlNYjZBNVBhY0lmNTNTeThQRC1FQjM3eU44eXprZF9INTI4bXBzNm0zQ0RUMGlXZUtkZ2V1RW5seEdlM2NNd1NDejhIWGt3WEs1NUIyYWUyYUpGdXRBb3VEVHZDM0RYQkZHelZJeWlzeE5GRUVXRHJRYlJhWEZXYnNBY1pFekhOV0ZJQmExeFphTG1IR2tneEdkdTd2LTNRSVNJMDdLOWRGd1FsUng3UzF0d2s?oc=5\" target=\"_blank\" rel=\"nofollow noopener\">&#8216;C\u00f3digo 10&#8217; logra m\u00e1ximo hist\u00f3rico tras diseccionar los informes de la Polic\u00eda que se\u00f1alan a Marruecos y Marlaska en la entrada masiva a Ceuta<\/a>&nbsp;&nbsp;Elplural.com<\/li>\n<li><a href=\"https:\/\/news.google.com\/rss\/articles\/CBMimAFBVV95cUxQWnVHZmpYZjdaZlExdmhpbEZIMndQY0oxRm5qNHoyVnFmU09MMWpDMkdfVnA2Tl9jVFBQOW5abjduSkhMOTA5dTUxcUhpcjVoYlFuZmVJVnQ2RnNCT2ltckxBaDRGdlVMLWppanNvSUZaQ2FNQmxDX1BsX1ZxdG5KYlhSaGQ2VGlJaDY2SlVqUjVWRXZGMkJ4OQ?oc=5\" target=\"_blank\" rel=\"nofollow noopener\">&#8216;Horizonte&#8217; y &#8216;C\u00f3digo 10&#8217; lideran la noche y Cuatro se acerca a Telecinco en el martes<\/a>&nbsp;&nbsp;formulatv.com<\/li>\n<li><a href=\"https:\/\/news.google.com\/rss\/articles\/CBMiswFBVV95cUxNS2Y2LUM3ZVRxNjB5Tk90NEdOS01fLTlwNmdRYkV0YTUxQ3hNeGpKampaQk5qNHRKbUI5cDcwalY5MlhpVXRrd3FBbl93UmFYa3B2YkdfeEFMZVVRY2ZRbTExUjMyRFM0MFJmdUp0TlBEYUIyYWtYUFZqMWVMejFZcE9ZOEdJdW04ajFDSWZnWGdVT1VxS3IyM3cwMUNOdTU3Mlczb3Q4UFFZTE5WSVFWNzlkMA?oc=5\" target=\"_blank\" rel=\"nofollow noopener\">Audiencias de ayer, 1 de septiembre: r\u00e9cord hist\u00f3rico de C\u00f3digo 10 y liderazgo de Horizonte<\/a>&nbsp;&nbsp;OkDiario<\/li>\n<\/ol>\n","protected":false},"excerpt":{"rendered":"Audiencias TV ayer | Nacho Abad y &#8216;C\u00f3digo 10&#8217; arrasan con r\u00e9cord se\u00f1alando a Marlaska y &#8216;Horizonte&#8217; con&hellip;\n","protected":false},"author":2,"featured_media":743973,"comment_status":"","ping_status":"","sticky":false,"template":"","format":"standard","meta":{"footnotes":""},"categories":[171],"tags":[5287,8974,21383,2509,5659,29240,14708,2721,146,147,25,24,2720,14989,12929,11672,31009,3300,4722,132002,23,5378,692,214],"class_list":["post-743972","post","type-post","status-publish","format-standard","has-post-thumbnail","category-tv","tag-5287","tag-abad","tag-arrasan","tag-audiencias","tag-audiencias-television","tag-ayer","tag-codigo","tag-dates","tag-entertainment","tag-entretenimiento","tag-es","tag-espana","tag-first","tag-horizonte","tag-iker","tag-jimenez","tag-marlaska","tag-nacho","tag-record","tag-senalando","tag-spain","tag-supera","tag-telecinco","tag-tv"],"share_on_mastodon":{"url":"https:\/\/pubeurope.com\/@es\/117201505272464116","error":""},"_links":{"self":[{"href":"https:\/\/www.europesays.com\/es\/wp-json\/wp\/v2\/posts\/743972","targetHints":{"allow":["GET"]}}],"collection":[{"href":"https:\/\/www.europesays.com\/es\/wp-json\/wp\/v2\/posts"}],"about":[{"href":"https:\/\/www.europesays.com\/es\/wp-json\/wp\/v2\/types\/post"}],"author":[{"embeddable":true,"href":"https:\/\/www.europesays.com\/es\/wp-json\/wp\/v2\/users\/2"}],"replies":[{"embeddable":true,"href":"https:\/\/www.europesays.com\/es\/wp-json\/wp\/v2\/comments?post=743972"}],"version-history":[{"count":0,"href":"https:\/\/www.europesays.com\/es\/wp-json\/wp\/v2\/posts\/743972\/revisions"}],"wp:featuredmedia":[{"embeddable":true,"href":"https:\/\/www.europesays.com\/es\/wp-json\/wp\/v2\/media\/743973"}],"wp:attachment":[{"href":"https:\/\/www.europesays.com\/es\/wp-json\/wp\/v2\/media?parent=743972"}],"wp:term":[{"taxonomy":"category","embeddable":true,"href":"https:\/\/www.europesays.com\/es\/wp-json\/wp\/v2\/categories?post=743972"},{"taxonomy":"post_tag","embeddable":true,"href":"https:\/\/www.europesays.com\/es\/wp-json\/wp\/v2\/tags?post=743972"}],"curies":[{"name":"wp","href":"https:\/\/api.w.org\/{rel}","templated":true}]}}