{"id":743986,"date":"2026-09-02T12:50:14","date_gmt":"2026-09-02T12:50:14","guid":{"rendered":"https:\/\/www.europesays.com\/es\/743986\/"},"modified":"2026-09-02T12:50:14","modified_gmt":"2026-09-02T12:50:14","slug":"el-papa-llama-a-salir-de-la-indiferencia-ante-lo-que-sucede","status":"publish","type":"post","link":"https:\/\/www.europesays.com\/es\/743986\/","title":{"rendered":"El Papa llama a salir de la indiferencia ante lo que sucede"},"content":{"rendered":"<p class=\"wp-block-paragraph\">La Constituci\u00f3n \u2018Gaudium et Spes\u2019 del Concilio Vaticano II, sobre la que el Papa Le\u00f3n XIV ha comenzado este mi\u00e9rcoles un nuevo ciclo de catequesis, comienza declarando que la Iglesia siente como propios \u201clos gozos y las esperanzas, las tristezas y las angustias de los hombres de nuestro tiempo, sobre todo de los pobres y de cuantos sufren\u201d (GS 1).<\/p>\n<p class=\"wp-block-paragraph\">\u201cEs una entrega que nos llama a salir de toda pasividad e indiferencia ante los acontecimientos que se producen, ante la historia y la vida de las personas, sobre todo ante el cambio r\u00e1pido y profundo que experimentamos hoy\u201d, ha subrayado el Pont\u00edfice en una Plaza de San Pedro con miles de fieles, m\u00e1s de quince mil, que han asistido a la <a href=\"https:\/\/www.vatican.va\/content\/leo-xiv\/es\/audiences\/2026\/documents\/20260902-udienza-generale.html\" rel=\"nofollow noopener\" target=\"_blank\">Audiencia general<\/a>.<\/p>\n<p><strong>\u201cDejarse interpelar, involucrarse\u201d<\/strong><\/p>\n<p class=\"wp-block-paragraph\">No es posible permanecer como \u201cespectadores desinteresados\u201d, es necesario, en cambio, \u201cescuchar con el coraz\u00f3n, dejarse interpelar, involucrarse\u201d, ha a\u00f1adido.<\/p>\n<p class=\"wp-block-paragraph\">\u201cCon Cristo y sostenidos por la fuerza de su Esp\u00edritu, los creyentes est\u00e1n\u00a0 llamados a hacerse cargo de las dificultades de los hermanos, sobre todo de aquellos que se ven oprimidos por la injusticia, por la discriminaci\u00f3n, por la violencia\u201d.<\/p>\n<p><strong>La Iglesia y los creyentes han de caminar con la humanidad<\/strong><\/p>\n<p class=\"wp-block-paragraph\">\u201cEse hecho de compartir con la humanidad es el camino que Cristo pide a la Iglesia\u201d, que no puede permanecer pasiva ni indiferente a lo que ocurre en el mundo, sino que \u201cest\u00e1 llamada a caminar con la humanidad, sobre todo teniendo en cuenta los cambios r\u00e1pidos y profundos que se experimentan\u201d, ha reflexionado el Papa.<\/p>\n<p class=\"wp-block-paragraph\">Por lo tanto, \u201clos creyentes, unidos a Cristo y sostenidos por su Esp\u00edritu, deben comprometerse a escuchar con el coraz\u00f3n y a dejarse interpelar, acompa\u00f1ando y ayudando a las personas en dificultad, sobre todo a los pobres y a los que sufren a causa de la injusticia, la discriminaci\u00f3n y la violencia\u201d.<\/p>\n<p><strong>Ni profetas de calamidades, ni optimismo ingenuo<\/strong><\/p>\n<p class=\"wp-block-paragraph\">El Sucesor de Pedro ha recordado al comienzo de la Audiencia que San Juan XXIII, en el discurso de inauguraci\u00f3n del 11 de octubre de 1962, \u201cquiso mostrar su desacuerdo con los \u2018profetas de calamidades\u2019, que \u201caun en su celo ardiente [\u2026] van diciendo que nuestra \u00e9poca, comparada con las pasadas, ha ido empeorando; y se comportan como si nada hubieran aprendido de la historia\u201d (Discurso Gaudet Mater Ecclesia, 11 de octubre de 1962, 4.2).\u00a0<\/p>\n<p class=\"wp-block-paragraph\">\u201cNo se trata de optimismo ingenuo\u201d, ha expresado el Santo Padre, \u201csino de una renovada fidelidad al Misterio de Cristo que, encarn\u00e1ndose, elige compartir nuestra vida: \u00c9l \u00abten\u00eda que parecerse en todo a sus hermanos\u00bb (Heb 2,17; cf. 4,15) y se carg\u00f3 de las consecuencias del pecado, muriendo \u00aben rescate por todos\u00bb (1Tm 2,6)\u201d.<\/p>\n<p><strong>Doble apelaci\u00f3n del Papa<\/strong><\/p>\n<p class=\"wp-block-paragraph\">Finalmente, el Papa ha efectuado a la Iglesia y a los creyentes una doble apelaci\u00f3n.\u00a0<\/p>\n<p class=\"wp-block-paragraph\">Por un lado, ha llamado a la Iglesia a \u201cun <a href=\"https:\/\/www.omnesmag.com\/actualidad\/el-tiempo-de-la-creacion-nos-llama-a-una-profunda-conversion\/\" rel=\"nofollow noopener\" target=\"_blank\">compromiso de conversi\u00f3n<\/a> (como ha hecho en el <a href=\"https:\/\/press.vatican.va\/content\/salastampa\/es\/bollettino\/pubblico\/2026\/08\/20\/260820b.html\" rel=\"nofollow noopener\" target=\"_blank\">Mensaje<\/a> para la Jornada de Oraci\u00f3n del Cuidado de la Creaci\u00f3n), para dar testimonio de que no se mueve por \u2018ambici\u00f3n terrena alguna\u2019, sino que \u00abs\u00f3lo desea una cosa: continuar, bajo la gu\u00eda del Esp\u00edritu, la obra misma de Cristo, quien vino al mundo para dar testimonio de la verdad, para salvar y no para juzgar, para servir y no para ser servido\u00bb (GS 3)\u201d.<\/p>\n<p class=\"wp-block-paragraph\">Por otro, el servicio y la opci\u00f3n por los pobres. \u201cEl Papa Francisco nos record\u00f3 que para la Iglesia \u2018la opci\u00f3n por los pobres es una categor\u00eda teol\u00f3gica antes que cultural, sociol\u00f3gica, pol\u00edtica o filos\u00f3fica [\u2026] Estamos llamados a descubrir a Cristo en ellos, a prestarles nuestra voz en sus causas, pero tambi\u00e9n a ser sus amigos, a escucharlos, a interpretarlos y a recoger la misteriosa sabidur\u00eda que Dios quiere comunicarnos a trav\u00e9s de ellos\u00bb (Exhort. Ap. Evangelii gaudium, 198)\u201d.<\/p>\n<p><strong>Desenmascarar las contradicciones del mundo contempor\u00e1neo<\/strong><\/p>\n<p class=\"wp-block-paragraph\">La entrega cristiana, ha remarcado el Pont\u00edfice al concluir, \u201cnos compromete a asumir la realidad y tambi\u00e9n a desenmascarar las contradicciones que caracterizan la vida personal y social del mundo contempor\u00e1neo: por ejemplo, <strong\/>un progreso cient\u00edfico y tecnol\u00f3gico, que ofrece siempre nuevas posibilidades, pero solo a algunos y que no siempre el ser humano es capaz de poner \u2018a su servicio\u2019.\u00a0<\/p>\n<p class=\"wp-block-paragraph\">O un conocimiento m\u00e1s claro de las \u2018leyes de la vida social\u2019, pero acompa\u00f1ado de incertidumbres \u201csobre la direcci\u00f3n que hay que imprimirle\u201d. O a\u00fan, una mayor disponibilidad de \u201criquezas, tantas posibilidades, tanto poder econ\u00f3mico\u201d, y desafortunadamente, hoy como en los tiempos del Concilio, \u00abuna gran parte de la humanidad sufre hambre y miseria\u00bb (GS 4) (\u2026)\u201d.<\/p>\n<p class=\"wp-block-paragraph\">\u201cLa Iglesia est\u00e1 llamada a servir al ser humano, escuchando y acogiendo los interrogantes m\u00e1s profundos de su coraz\u00f3n y los anhelos que lo habitan, se\u00f1alando en Cristo \u2018la clave, el centro y el fin de toda la historia humana\u2019 (GS 10)\u201d, ha concluido el Papa.<\/p>\n<p><strong>Peregrinos de Senegal, Inglaterra, Escocia, Malta, Canad\u00e1, Estados Unidos, y cercan\u00eda con la Plataforma para el di\u00e1logo en el mundo \u00e1rabe<\/strong><\/p>\n<p class=\"wp-block-paragraph\">En sus palabras a los peregrinos de diversas lenguas, Le\u00f3n XIV ha dado la bienvenida de modo especial, entre otros a los procedentes de Senegal, Inglaterra, Escocia, Malta, Canad\u00e1, Estados Unidos de Am\u00e9rica, entre otros.<\/p>\n<p class=\"wp-block-paragraph\">Tambi\u00e9n ha saludado a la delegaci\u00f3n de la Plataforma Interreligiosa para el Di\u00e1logo y la Cooperaci\u00f3n en el Mundo \u00c1rabe. Y ha expresado su profundo agradecimiento, oraciones y cercan\u00eda espiritual por la labor del Centro Internacional Rey Abdullah bin Abdulaziz para el Di\u00e1logo Interreligioso e Intercultural.<\/p>\n<p><strong>Ma\u00f1ana, San Gregorio Magno<\/strong><\/p>\n<p class=\"wp-block-paragraph\">Ma\u00f1ana celebraremos la memoria del Papa San Gregorio Magno, cuyo cuerpo descansa en la bas\u00edlica de San Pedro, ha recordado Le\u00f3n XIV. Se le conoce como \u201cel Grande\u201d por su excepcional labor como pastor en tiempos muy dif\u00edciles para la sociedad y la Iglesia: una \u201cgrandeza\u201d que obten\u00eda fuerza y vigor de la fe viva en Cristo. Que su ejemplo suscite en cada uno de vosotros una confianza renovada e intensa en Dios, fuente de gracia y de esperanza para el mundo entero, ha alentado el Papa.<\/p>\n<p class=\"wp-block-paragraph\">La conclusi\u00f3n ha sido con la Virgen Mar\u00eda, como hace habitualmente el Pont\u00edfice, para pedirle que \u201cinterceda por toda la Iglesia, para que anuncie el Evangelio con alegr\u00eda y esperanza, cercana a los hombres y mujeres de nuestro tiempo, y sepa guiar a todos hacia Cristo, \u00abla clave, el centro y el fin de toda la historia humana\u00bb (GS 10)\u201d.<\/p>\n<p>\t\t\tEl autorFrancisco Otamendi\t\t\t\t\t\t<\/p>\n","protected":false},"excerpt":{"rendered":"La Constituci\u00f3n \u2018Gaudium et Spes\u2019 del Concilio Vaticano II, sobre la que el Papa Le\u00f3n XIV ha comenzado&hellip;\n","protected":false},"author":2,"featured_media":743987,"comment_status":"","ping_status":"","sticky":false,"template":"","format":"standard","meta":{"footnotes":""},"categories":[42],"tags":[132003,17,18,13,14,11,61,62,63,64,19,20,9,10,15,16,400,12,21,22,65,66,67],"class_list":["post-743986","post","type-post","status-publish","format-standard","has-post-thumbnail","category-internacional","tag-audiencia-2-de-septiembre-2026","tag-breaking-news","tag-breakingnews","tag-featured-news","tag-featurednews","tag-headlines","tag-internacional","tag-international","tag-international-news","tag-internationalnews","tag-latest-news","tag-latestnews","tag-news","tag-noticias","tag-noticias-destacadas","tag-noticiasdestacadas","tag-papa-leon-xiv","tag-titulares","tag-ultimas-noticias","tag-ultimasnoticias","tag-world","tag-world-news","tag-worldnews"],"share_on_mastodon":{"url":"","error":""},"_links":{"self":[{"href":"https:\/\/www.europesays.com\/es\/wp-json\/wp\/v2\/posts\/743986","targetHints":{"allow":["GET"]}}],"collection":[{"href":"https:\/\/www.europesays.com\/es\/wp-json\/wp\/v2\/posts"}],"about":[{"href":"https:\/\/www.europesays.com\/es\/wp-json\/wp\/v2\/types\/post"}],"author":[{"embeddable":true,"href":"https:\/\/www.europesays.com\/es\/wp-json\/wp\/v2\/users\/2"}],"replies":[{"embeddable":true,"href":"https:\/\/www.europesays.com\/es\/wp-json\/wp\/v2\/comments?post=743986"}],"version-history":[{"count":0,"href":"https:\/\/www.europesays.com\/es\/wp-json\/wp\/v2\/posts\/743986\/revisions"}],"wp:featuredmedia":[{"embeddable":true,"href":"https:\/\/www.europesays.com\/es\/wp-json\/wp\/v2\/media\/743987"}],"wp:attachment":[{"href":"https:\/\/www.europesays.com\/es\/wp-json\/wp\/v2\/media?parent=743986"}],"wp:term":[{"taxonomy":"category","embeddable":true,"href":"https:\/\/www.europesays.com\/es\/wp-json\/wp\/v2\/categories?post=743986"},{"taxonomy":"post_tag","embeddable":true,"href":"https:\/\/www.europesays.com\/es\/wp-json\/wp\/v2\/tags?post=743986"}],"curies":[{"name":"wp","href":"https:\/\/api.w.org\/{rel}","templated":true}]}}