{"id":743994,"date":"2026-09-02T12:58:17","date_gmt":"2026-09-02T12:58:17","guid":{"rendered":"https:\/\/www.europesays.com\/es\/743994\/"},"modified":"2026-09-02T12:58:17","modified_gmt":"2026-09-02T12:58:17","slug":"la-larra-larrau-cuelga-el-cartel-de-completo-para-su-31a-edicion","status":"publish","type":"post","link":"https:\/\/www.europesays.com\/es\/743994\/","title":{"rendered":"La Larra Larrau cuelga el cartel de completo para su 31\u00aa edici\u00f3n"},"content":{"rendered":"<p>\n        <strong>Isaba <\/strong>volver\u00e1 a convertirse este s\u00e1bado 5 de septiembre en uno de los grandes escenarios del <strong>cicloturismo pirenaico<\/strong>. Un total de 1.200 ciclistas afrontar\u00e1n la 31\u00aa edici\u00f3n de la <a href=\"https:\/\/www.noticiasdenavarra.com\/tags\/larra-larrau\/\" title=\"Larra Larrau\" target=\"_blank\" class=\"link copy\" rel=\"nofollow noopener\">Larra Larrau<\/a>, que ha agotado todos los dorsales disponibles para sus tres recorridos de 60, 100 y 146 kil\u00f3metros.\n<\/p>\n<p class=\"article-body__text \">\n        La cifra garantiza una de las jornadas con mayor movimiento del a\u00f1o en el Valle de Roncal,<strong> con participantes que llegar\u00e1n de diferentes puntos de Espa\u00f1a y del sur de Francia <\/strong>y un programa que comenzar\u00e1 ya el viernes y se prolongar\u00e1 durante todo el s\u00e1bado.\n<\/p>\n<p class=\"article-body__text \">\n        A falta de pocos d\u00edas para la marcha, l<strong>as previsiones meteorol\u00f3gicas apuntan adem\u00e1s a unas condiciones favorables<\/strong>, un elemento siempre importante en una prueba que transcurre por carreteras de alta monta\u00f1a y en la que el paisaje y los grandes puertos pirenaicos forman parte inseparable de la experiencia.\n<\/p>\n<p class=\"article-body__text \">\n        La actividad deportiva comenzar\u00e1 el s\u00e1bado a las 9.00 horas, cuando se d\u00e9 la salida al <strong>recorrido de 146 kil\u00f3metros<\/strong>. A las 9.30 horas partir\u00e1 el <strong>grupo de 100 kil\u00f3metros<\/strong> y, a las 10.00 horas, lo har\u00e1n los participantes de <strong>la distancia de 60 kil\u00f3metros.<\/strong>\n<\/p>\n<p>  <strong>Tres recorridos para 1.200 formas de afrontar el reto<\/strong><\/p>\n<p class=\"article-body__text \">\n        El recorrido de 100 kil\u00f3metros incluye <strong>las ascensiones a Belagua, Laza y Larrau<\/strong>, mientras que el de 146 kil\u00f3metros, el m\u00e1s exigente, suma tambi\u00e9n <strong>el paso por Issarbe. <\/strong>La distancia de 60 kil\u00f3metros, incorporada en 2025 con motivo del 30.\u00ba aniversario, se mantiene tras la buena acogida de su primera edici\u00f3n.\n<\/p>\n<p class=\"article-body__text \">\n        La Larra Larrau no es una carrera y no establece clasificaci\u00f3n general ni podios. <strong>Cada participante decide el ritmo al que afrontar la jornada<\/strong>, aunque quienes quieran medirse de forma individual podr\u00e1n consultar sus tiempos en las subidas de la Piedra de San Mart\u00edn y Larrau.\n<\/p>\n<p>  <strong>Una cita que trasciende la bicicleta<\/strong><\/p>\n<p class=\"article-body__text \">\n        El programa de actividades comenzar\u00e1 el viernes 4 de septiembre con <strong>la feria ciclista en el front\u00f3n<\/strong>, de 17.30 a 20.00 horas, y la recogida de dorsales, de 18.00 a 21.00 horas. La jornada concluir\u00e1 con una observaci\u00f3n de estrellas organizada por Erronkarizartzu, con inscripci\u00f3n previa y plazas limitadas.\n<\/p>\n<p class=\"article-body__text \">\n        El s\u00e1bado, la actividad comenzar\u00e1 a las 7.00 horas con <strong>caf\u00e9 en el front\u00f3n<\/strong> y continuar\u00e1 durante todo el d\u00eda con la feria ciclista, que permanecer\u00e1 abierta de 11.30 a 19.00 horas. A las 14.00 horas se dar\u00e1n a conocer a <strong>las personas premiadas tras un sorteo de productos<\/strong> de: Airbike, Biorracer, Brave Sportwear, Bru health center, Cervecer\u00eda la Quinta, Ekoi, Infisport, Intersport, Irbis, Kvsport, Larra Belagua, Mermeladas Txarpa, Mitto, Sendaviva y X-Sauce entre todos los dorsales. Las personas inscritas tambi\u00e9n cuentan con acceso a la piscina de Isaba. Adem\u00e1s, se ha programado una cata de cervezas Txapel, elaboradas en Isaba a las 20.00 horas, con inscripci\u00f3n previa.\n<\/p>\n<p>  <strong>Un dispositivo preparado para una jornada de alta monta\u00f1a<\/strong><\/p>\n<p class=\"article-body__text \">\n        La organizaci\u00f3n desplegar\u00e1 <strong>un amplio operativo<\/strong> para dar cobertura durante los tres recorridos. La marcha dispondr\u00e1 de <strong>asistencia sanitaria, veh\u00edculos de apoyo, asistencia mec\u00e1nica, avituallamientos y coche escoba<\/strong>. Tambi\u00e9n volver\u00e1 a estar operativo el Larra Bus. Adem\u00e1s, se cuenta con consigna en el front\u00f3n, zona de bar, comida posterior a la marcha con posibilidad de inscribir a acompa\u00f1antes y servicio fotogr\u00e1fico.\n<\/p>\n<p class=\"article-body__text \">\n        La Larra Larrau est\u00e1 organizada por NICDO, a trav\u00e9s de Larra-Belagua, en colaboraci\u00f3n con el Ayuntamiento de Isaba y su prop\u00f3sito es que durante dos d\u00edas, ciclistas, acompa\u00f1antes y habitantes del valle compartan un programa que busca que la experiencia no termine al cruzar la l\u00ednea de llegada. Todo ello con el apoyo de Unsain, que repite como patrocinador principal, junto a Biorracer, Balat, Queso Roncal, Infisport, Intersport y Sn\u00f6 Hotels. Tambi\u00e9n colaboran Casa Aranaz, Coca-Cola, Lacturale, Panadero de Eugui, Plis-Plas, X-Sauce, Sendaviva y Ambar.<\/p>\n","protected":false},"excerpt":{"rendered":"Isaba volver\u00e1 a convertirse este s\u00e1bado 5 de septiembre en uno de los grandes escenarios del cicloturismo pirenaico.&hellip;\n","protected":false},"author":2,"featured_media":743995,"comment_status":"","ping_status":"","sticky":false,"template":"","format":"standard","meta":{"footnotes":""},"categories":[273],"tags":[4398,313,4399,9179,312,168,25,24,29751,29752,23,167],"class_list":["post-743994","post","type-post","status-publish","format-standard","has-post-thumbnail","category-ciclismo","tag-cartel","tag-ciclismo","tag-completo","tag-cuelga","tag-cycling","tag-deportes","tag-es","tag-espana","tag-larra","tag-larrau","tag-spain","tag-sports"],"share_on_mastodon":{"url":"https:\/\/pubeurope.com\/@es\/117201568046779946","error":""},"_links":{"self":[{"href":"https:\/\/www.europesays.com\/es\/wp-json\/wp\/v2\/posts\/743994","targetHints":{"allow":["GET"]}}],"collection":[{"href":"https:\/\/www.europesays.com\/es\/wp-json\/wp\/v2\/posts"}],"about":[{"href":"https:\/\/www.europesays.com\/es\/wp-json\/wp\/v2\/types\/post"}],"author":[{"embeddable":true,"href":"https:\/\/www.europesays.com\/es\/wp-json\/wp\/v2\/users\/2"}],"replies":[{"embeddable":true,"href":"https:\/\/www.europesays.com\/es\/wp-json\/wp\/v2\/comments?post=743994"}],"version-history":[{"count":0,"href":"https:\/\/www.europesays.com\/es\/wp-json\/wp\/v2\/posts\/743994\/revisions"}],"wp:featuredmedia":[{"embeddable":true,"href":"https:\/\/www.europesays.com\/es\/wp-json\/wp\/v2\/media\/743995"}],"wp:attachment":[{"href":"https:\/\/www.europesays.com\/es\/wp-json\/wp\/v2\/media?parent=743994"}],"wp:term":[{"taxonomy":"category","embeddable":true,"href":"https:\/\/www.europesays.com\/es\/wp-json\/wp\/v2\/categories?post=743994"},{"taxonomy":"post_tag","embeddable":true,"href":"https:\/\/www.europesays.com\/es\/wp-json\/wp\/v2\/tags?post=743994"}],"curies":[{"name":"wp","href":"https:\/\/api.w.org\/{rel}","templated":true}]}}