{"id":744016,"date":"2026-09-02T13:13:13","date_gmt":"2026-09-02T13:13:13","guid":{"rendered":"https:\/\/www.europesays.com\/es\/744016\/"},"modified":"2026-09-02T13:13:13","modified_gmt":"2026-09-02T13:13:13","slug":"ocho-heridos-y-falta-de-luz-en-odesa-por-ataque-ruso","status":"publish","type":"post","link":"https:\/\/www.europesays.com\/es\/744016\/","title":{"rendered":"Ocho heridos y falta de luz en Odesa por ataque ruso"},"content":{"rendered":"<p>Un nuevo ataque de <a class=\"internal-link\" href=\"https:\/\/www.dw.com\/es\/rusia\/t-17410119\" rel=\"nofollow noopener\" target=\"_blank\">Rusia<\/a>\u00a0con drones y misiles contra la regi\u00f3n de Odesa\u00a0calificado de \u00abmasivo\u00bb por las autoridades ha provocado este mi\u00e9rcoles (2.09.2026) da\u00f1os en equipamiento energ\u00e9tico y ha dejado sin suministro el\u00e9ctrico a una parte de la poblaci\u00f3n de la zona, seg\u00fan han informado el Ministerio de Energ\u00eda de <a class=\"internal-link\" href=\"https:\/\/www.dw.com\/es\/ucrania\/t-36925922\" rel=\"nofollow noopener\" target=\"_blank\">Ucrania<\/a> y la compa\u00f1\u00eda el\u00e9ctrica p\u00fablica, Ukrenergo.<\/p>\n<p>\u00abLos trabajadores del sector el\u00e9ctrico intentan volver a poner en funcionamiento lo antes posible el equipamiento da\u00f1ado\u00bb, indic\u00f3 la empresa.<\/p>\n<p>Rusia ya atac\u00f3 durante la madrugada del martes infraestructura energ\u00e9tica de la regi\u00f3n de Odesa que, seg\u00fan Mosc\u00fa, abastec\u00edan de electricidad a infraestructuras portuarias <a class=\"internal-link\" href=\"https:\/\/www.dw.com\/es\/ucrania-ataca-una-de-las-mayores-refiner\u00edas-del-noroeste-de-rusia\/a-78562337\" rel=\"nofollow noopener\" target=\"_blank\">ucranianas<\/a>.<\/p>\n<p>El jefe de la administraci\u00f3n militar de la ciudad, Serhiy Lysak, inform\u00f3 a trav\u00e9s de Telegram de que ocho personas resultaron heridas.<\/p>\n<p><img data-format=\"MASTER_LANDSCAPE\" data-id=\"78555049\" data-url=\"https:\/\/static.dw.com\/image\/78555049_${formatId}.jpg\" data-aspect-ratio=\"16\/9\" alt=\"Bomberos trabajan tratando de apagar las llamas tras un ataque de Rusia en Odesa.\" style=\"padding-bottom: 56.25%; height: 0; max-height: 0;\"\/>Bomberos tratan de apagar las llamas tras un ataque de Rusia en Odesa.Imagen: Ukrainische Rettungsdienste<\/p>\n<p>Asimismo, se registraron da\u00f1os en infraestructuras y edificios residenciales; entre ellos, fue alcanzado un rascacielos de 24 plantas.<\/p>\n<p>En los \u00faltimos meses, Rusia ha aumentado considerablemente la frecuencia y la intensidad de sus ataques con drones contra la regi\u00f3n de Odesa. Esta zona se considera uno de los nodos m\u00e1s importantes para el comercio exterior e interior de Ucrania.<\/p>\n<p>Putin anunci\u00f3 orden de ataques a instalaciones energ\u00e9ticas de Ucrania<\/p>\n<p>El presidente ruso, <a class=\"internal-link\" href=\"https:\/\/www.dw.com\/es\/vladimir-putin\/t-17409853\" rel=\"nofollow noopener\" target=\"_blank\">Vladimir Putin<\/a>, dijo el martes por la tarde que hab\u00eda ordenado \u00abpreparar y llevar a cabo <a class=\"internal-link\" href=\"https:\/\/www.dw.com\/es\/rusia-anuncia-ataques-masivos-contra-sistema-energ\u00e9tico-de-ucrania\/a-78562348\" rel=\"nofollow noopener\" target=\"_blank\">ataques masivos<\/a>\u00a0en instalaciones energ\u00e9ticas de Ucrania\u201d.<\/p>\n<p>Los ataques rusos al sistema dejaron el invierno pasado a millones de personas sin luz y calefacci\u00f3n con temperaturas que bajaron de los veinte grados negativos.<\/p>\n<p>Ucrania sufre en estos momentos un grave d\u00e9ficit de misiles interceptores capaces de derribar misiles bal\u00edsticos rusos, por lo que es extremadamente vulnerable a este tipo de armamento del enemigo.<\/p>\n<p>No dejes que el algoritmo oculte las noticias. Si conf\u00edas en ese sitio para obtener informaci\u00f3n confiable, por favor dedica un momento a seleccionarnos como tu fuente preferida en Google: haz clic\u00a0\u00a0<a rel=\"noopener follow nofollow\" target=\"_blank\" class=\"external-link\" href=\"https:\/\/www.google.com\/preferences\/source?q=dw.com\" title=\"Enlace externo \u2014 aqu\u00ed\">aqu\u00ed<\/a>\u00a0y\u00a0\u00a0marca el casillero o\u00a0pulsa el bot\u00f3n de DW.com para ver siempre nuestras noticias verificadas en tus preferencias.<\/p>\n<p>CP (efe, rtr)<\/p>\n","protected":false},"excerpt":{"rendered":"Un nuevo ataque de Rusia\u00a0con drones y misiles contra la regi\u00f3n de Odesa\u00a0calificado de \u00abmasivo\u00bb por las autoridades&hellip;\n","protected":false},"author":2,"featured_media":744017,"comment_status":"","ping_status":"","sticky":false,"template":"","format":"standard","meta":{"footnotes":""},"categories":[42],"tags":[17,18,13,14,11,61,62,63,64,19,20,9,10,15,16,12,21,22,65,66,67],"class_list":["post-744016","post","type-post","status-publish","format-standard","has-post-thumbnail","category-internacional","tag-breaking-news","tag-breakingnews","tag-featured-news","tag-featurednews","tag-headlines","tag-internacional","tag-international","tag-international-news","tag-internationalnews","tag-latest-news","tag-latestnews","tag-news","tag-noticias","tag-noticias-destacadas","tag-noticiasdestacadas","tag-titulares","tag-ultimas-noticias","tag-ultimasnoticias","tag-world","tag-world-news","tag-worldnews"],"share_on_mastodon":{"url":"https:\/\/pubeurope.com\/@es\/117201627166687018","error":""},"_links":{"self":[{"href":"https:\/\/www.europesays.com\/es\/wp-json\/wp\/v2\/posts\/744016","targetHints":{"allow":["GET"]}}],"collection":[{"href":"https:\/\/www.europesays.com\/es\/wp-json\/wp\/v2\/posts"}],"about":[{"href":"https:\/\/www.europesays.com\/es\/wp-json\/wp\/v2\/types\/post"}],"author":[{"embeddable":true,"href":"https:\/\/www.europesays.com\/es\/wp-json\/wp\/v2\/users\/2"}],"replies":[{"embeddable":true,"href":"https:\/\/www.europesays.com\/es\/wp-json\/wp\/v2\/comments?post=744016"}],"version-history":[{"count":0,"href":"https:\/\/www.europesays.com\/es\/wp-json\/wp\/v2\/posts\/744016\/revisions"}],"wp:featuredmedia":[{"embeddable":true,"href":"https:\/\/www.europesays.com\/es\/wp-json\/wp\/v2\/media\/744017"}],"wp:attachment":[{"href":"https:\/\/www.europesays.com\/es\/wp-json\/wp\/v2\/media?parent=744016"}],"wp:term":[{"taxonomy":"category","embeddable":true,"href":"https:\/\/www.europesays.com\/es\/wp-json\/wp\/v2\/categories?post=744016"},{"taxonomy":"post_tag","embeddable":true,"href":"https:\/\/www.europesays.com\/es\/wp-json\/wp\/v2\/tags?post=744016"}],"curies":[{"name":"wp","href":"https:\/\/api.w.org\/{rel}","templated":true}]}}