{"id":744026,"date":"2026-09-02T13:21:23","date_gmt":"2026-09-02T13:21:23","guid":{"rendered":"https:\/\/www.europesays.com\/es\/744026\/"},"modified":"2026-09-02T13:21:23","modified_gmt":"2026-09-02T13:21:23","slug":"enric-mas-31-anos-cuando-era-adolescente-era-un-poco-chulete-y-mi-padre-me-decia-no-vas-por-el-buen-camino","status":"publish","type":"post","link":"https:\/\/www.europesays.com\/es\/744026\/","title":{"rendered":"Enric Mas, 31 a\u00f1os: \u00abCuando era adolescente era un poco chulete y mi padre me dec\u00eda: &#8216;No vas por el buen camino'\u00bb"},"content":{"rendered":"<p class=\"paragraph\" id=\"paragraph_1\">A sus 31 a\u00f1os, <a data-forcefollow=\"false\" data-sponsored=\"false\" href=\"https:\/\/www.elespanol.com\/deportes\/ciclismo\/20260831\/enric-lleva-etapa-clave-adios-pogacar-ilusion-ciclismo-espanol-anos-sin-ganar-grande\/1003744367135_0.html?utm_cmp_rs=linksinline\" rel=\"nofollow noopener\" target=\"_blank\"><strong>Enric<\/strong> <strong>Mas<\/strong><\/a> viste al fin el ansiado maillot rojo que siempre persigui\u00f3 en las grandes citas del calendario internacional.<\/p>\n<p class=\"paragraph\" id=\"paragraph_2\">Tras imponerse con autoridad en la exigente novena etapa y consolidarse en la cima de la clasificaci\u00f3n general tras el doloroso abandono de <strong>Tadej<\/strong> <strong>Poga\u010dar<\/strong>, el ciclista balear saborea el liderato de <strong>La Vuelta 2026<\/strong>.<\/p>\n<p class=\"paragraph\" id=\"paragraph_3\">Sin embargo, la serenidad con la que hoy asume la responsabilidad de la carrera no es fruto de la casualidad, sino el resultado de un extenso camino de maduraci\u00f3n personal y deportiva.<\/p>\n<p><img loading=\"lazy\" decoding=\"async\" alt=\"Tadej Pogacar, en el hospital.\" height=\"240\" src=\"https:\/\/www.europesays.com\/es\/wp-content\/uploads\/2026\/09\/h:240&#038;h=edTW2eJs.jpeg\" width=\"320\" data-lazy-status=\"processed\" data-lazy-info=\"remove loading item 1\"\/><\/p>\n<p class=\"paragraph\" id=\"paragraph_4\">Para comprender la templanza del actual jefe de filas de <strong>Movistar<\/strong> <strong>Team<\/strong> hay que remontarse al verano de 2020. En aquel momento, el pelot\u00f3n intentaba recomponerse del par\u00f3n provocado por la pandemia mundial.<\/p>\n<p class=\"paragraph\" id=\"paragraph_5\">A trav\u00e9s de un encuentro telem\u00e1tico organizado por su propia escuadra dentro de la serie Movistar Team Talks, Mas comparec\u00eda en directo desde su residencia en Andorra.<\/p>\n<p><img decoding=\"async\" alt=\"Enric Mas celebra su victoria en el Alto de Aitana.\" data-imgm=\"true\" height=\"960\" loading=\"lazy\"  src=\"https:\/\/www.europesays.com\/es\/wp-content\/uploads\/2026\/09\/h:960&#038;h=HhPmsA2_.jpeg\"  width=\"1706\"\/><\/p>\n<p>                                                            Enric Mas celebra su victoria en el Alto de Aitana.<\/p>\n<p>                    EFE<\/p>\n<p class=\"paragraph\" id=\"paragraph_6\">Tras semanas pedaleando sobre el rodillo y limitado a las carreteras pirenaicas, el corredor mallorqu\u00edn preparaba con incertidumbre un calendario concentrado que enlazar\u00eda <strong>Burgos<\/strong>, <strong>Dauphin\u00e9<\/strong>, el<strong> Tour de Francia<\/strong> y la propia Vuelta a Espa\u00f1a.<\/p>\n<p class=\"paragraph\" id=\"paragraph_7\">En aquella conversaci\u00f3n, al ser interrogado sobre su capacidad para transmitir confianza a sus compa\u00f1eros y ejercer como l\u00edder, el ciclista mir\u00f3 hacia sus ra\u00edces para explicar el origen de sus valores:<\/p>\n<p class=\"paragraph\" id=\"paragraph_8\">\u00abEs algo que me ense\u00f1aron mis padres desde peque\u00f1o. S\u00ed que es verdad que cuando era un poco m\u00e1s de adolescente era un poco chulete y hab\u00eda d\u00edas que mi padre me dec\u00eda: &#8216;No vas por el buen camino'\u00bb.<\/p>\n<p class=\"paragraph\" id=\"paragraph_9\">Esa correcci\u00f3n en el hogar sembr\u00f3 una autocr\u00edtica que termin\u00f3 de asentarse durante sus temporadas de formaci\u00f3n en el Quick-Step belga: \u00abAh\u00ed me di cuenta tambi\u00e9n que primero es ser humilde, y despu\u00e9s ya ver\u00e1s que siendo eso te viene todo detr\u00e1s\u00bb.<\/p>\n<p><img decoding=\"async\" alt=\"Perico Delgado.\" height=\"240\" loading=\"lazy\" width=\"320\" data-lazy-status=\"processed\" id=\"62a5ee5fdd\" src=\"https:\/\/www.elespanol.com\/deportes\/ciclismo\/lavuelta\/20260901\/enric-anos-adolescente-chulete-padre-decia-no-vas-buen-camino-dt\/[\" https:=\"\" data-lazy-info=\"changed src\"\/><\/p>\n<p class=\"paragraph\" id=\"paragraph_10\">En aquella misma charla, Mas admit\u00eda que el salto cualitativo definitivo solo llegar\u00eda con el paso de los a\u00f1os: \u00abHacer el trabajo bien hecho en casa y los puntos de experiencia es lo que te da lo que me falta: vivir carreras con tensi\u00f3n, verme delante y saber reaccionar en esas situaciones\u00bb.<\/p>\n<p class=\"paragraph\" id=\"paragraph_11\">Seis a\u00f1os despu\u00e9s de aquellas confidencias en las cumbres de Andorra, las lecciones han surtido pleno efecto. Aquel joven impetuoso al que su padre advert\u00eda en la adolescencia domina hoy la carrera con el aplomo y la jerarqu\u00eda que exige una gran ronda de tres semanas.<\/p>\n<p class=\"paragraph\" id=\"paragraph_12\">Afianzado con solidez en la cima de La Vuelta 2026, Enric Mas demuestra que la paciencia, la humildad y la experiencia acumulada terminaron por llevarlo al camino correcto.<\/p>\n","protected":false},"excerpt":{"rendered":"A sus 31 a\u00f1os, Enric Mas viste al fin el ansiado maillot rojo que siempre persigui\u00f3 en las&hellip;\n","protected":false},"author":2,"featured_media":744027,"comment_status":"","ping_status":"","sticky":false,"template":"","format":"standard","meta":{"footnotes":""},"categories":[273],"tags":[313,2838,312,168,3594,25,24,7789,23,167,65007,5411],"class_list":["post-744026","post","type-post","status-publish","format-standard","has-post-thumbnail","category-ciclismo","tag-ciclismo","tag-ciclistas","tag-cycling","tag-deportes","tag-enric-mas","tag-es","tag-espana","tag-la-vuelta","tag-spain","tag-sports","tag-tendencias-deportes","tag-vuelta-a-espana"],"share_on_mastodon":{"url":"https:\/\/pubeurope.com\/@es\/117201660354759506","error":""},"_links":{"self":[{"href":"https:\/\/www.europesays.com\/es\/wp-json\/wp\/v2\/posts\/744026","targetHints":{"allow":["GET"]}}],"collection":[{"href":"https:\/\/www.europesays.com\/es\/wp-json\/wp\/v2\/posts"}],"about":[{"href":"https:\/\/www.europesays.com\/es\/wp-json\/wp\/v2\/types\/post"}],"author":[{"embeddable":true,"href":"https:\/\/www.europesays.com\/es\/wp-json\/wp\/v2\/users\/2"}],"replies":[{"embeddable":true,"href":"https:\/\/www.europesays.com\/es\/wp-json\/wp\/v2\/comments?post=744026"}],"version-history":[{"count":0,"href":"https:\/\/www.europesays.com\/es\/wp-json\/wp\/v2\/posts\/744026\/revisions"}],"wp:featuredmedia":[{"embeddable":true,"href":"https:\/\/www.europesays.com\/es\/wp-json\/wp\/v2\/media\/744027"}],"wp:attachment":[{"href":"https:\/\/www.europesays.com\/es\/wp-json\/wp\/v2\/media?parent=744026"}],"wp:term":[{"taxonomy":"category","embeddable":true,"href":"https:\/\/www.europesays.com\/es\/wp-json\/wp\/v2\/categories?post=744026"},{"taxonomy":"post_tag","embeddable":true,"href":"https:\/\/www.europesays.com\/es\/wp-json\/wp\/v2\/tags?post=744026"}],"curies":[{"name":"wp","href":"https:\/\/api.w.org\/{rel}","templated":true}]}}