{"id":744038,"date":"2026-09-02T13:31:26","date_gmt":"2026-09-02T13:31:26","guid":{"rendered":"https:\/\/www.europesays.com\/es\/744038\/"},"modified":"2026-09-02T13:31:26","modified_gmt":"2026-09-02T13:31:26","slug":"marc-casado-pone-rumbo-al-depor-con-dardo-hacia-el-barcelona-todos-tenemos-cosas-que-mejorar","status":"publish","type":"post","link":"https:\/\/www.europesays.com\/es\/744038\/","title":{"rendered":"Marc Casad\u00f3 pone rumbo al D\u00e9por con dardo hacia el Barcelona: \u00abTodos tenemos cosas que mejorar\u00bb"},"content":{"rendered":"<p class=\"c-paragraph\">El centrocampista Marc Casad\u00f3 finalmente jugar\u00e1 esta temporada en el Deportivo de A Coru\u00f1a en calidad de cedido por el FC Barcelona. Antes de poner rumbo a Galicia, <b>el futbolista de 22 a\u00f1os asegur\u00f3 que dejar el club azulgrana \u00absiempre es complicado\u00bb <\/b>y dej\u00f3 un dardo hacia la directiva.<\/p>\n<p class=\"c-paragraph\">\u00abEl D\u00e9por est\u00e1 montando un buen proyecto. Lo afronto con ganas e ilusi\u00f3n. <b>Dejar de jugar en el Bar\u00e7a siempre es complicado<\/b>, pero el D\u00e9por me ha propuesto un proyecto muy guapo. Estoy ilusionado con lo que llega\u00bb, afirm\u00f3 el volante catal\u00e1n a los medios de comunicaci\u00f3n en el Aeropuerto Barcelona-El Prat Josep Tarradellas.<\/p>\n<p class=\"c-paragraph\">El internacional espa\u00f1ol, que termina contrato en junio de 2028, no entraba en los planes del t\u00e9cnico Hansi Flick y, aunque la entidad azulgrana priorizaba una venta, <b>el jugador se inclin\u00f3 por el proyecto del equipo gallego para continuar su carrera en LaLiga <\/b>sin desvincularse por completo del Bar\u00e7a, desoyendo el inter\u00e9s de Turqu\u00eda y Arabia Saud\u00ed en forma de traspaso.<\/p>\n<p class=\"c-paragraph\">En las \u00faltimas semanas, Casad\u00f3 se ha entrenado al margen de sus compa\u00f1eros,<b> una medida que tom\u00f3 el club azulgrana para evitar riesgos con los jugadores transferibles<\/b> despu\u00e9s de que el delantero Roony Bardghji, uno de los futbolistas que la direcci\u00f3n deportiva pretend\u00eda traspasar, sufriera una grave lesi\u00f3n en la rodilla derecha en un entrenamiento.<\/p>\n<p class=\"c-paragraph\"><b>\u00abYa he hablado con el club y todos tenemos cosas que mejorar\u00bb,<\/b> respondi\u00f3 Casado al ser preguntado por si le molestaron las decisiones que tom\u00f3 la entidad azulgrana antes de su salida a pr\u00e9stamo al Deportivo.<\/p>\n<p class=\"c-paragraph\">Casad\u00f3 viaja este mi\u00e9rcoles hacia A Coru\u00f1a para unirse a su nuevo club, que ha sido uno de los grandes animadores del mercado, con una inversi\u00f3n econ\u00f3mica que roza los 26 millones de euros para firmar a jugadores de nivel como el portero espa\u00f1ol<b> Leo Rom\u00e1n (Mallorca), el delantero gabon\u00e9s Pierre-Emerick Aubameyang (Olympique Marsella)<\/b> y el uruguayo Jos\u00e9 Mar\u00eda Gim\u00e9nez (Atl\u00e9tico de Madrid), entre otros.<\/p>\n","protected":false},"excerpt":{"rendered":"El centrocampista Marc Casad\u00f3 finalmente jugar\u00e1 esta temporada en el Deportivo de A Coru\u00f1a en calidad de cedido&hellip;\n","protected":false},"author":2,"featured_media":744039,"comment_status":"","ping_status":"","sticky":false,"template":"","format":"standard","meta":{"footnotes":""},"categories":[93],"tags":[12691,6422,168,25,24,6489,1150,1089,23,167],"class_list":["post-744038","post","type-post","status-publish","format-standard","has-post-thumbnail","category-deportes","tag-casado","tag-depor","tag-deportes","tag-es","tag-espana","tag-marc","tag-pone","tag-rumbo","tag-spain","tag-sports"],"share_on_mastodon":{"url":"https:\/\/pubeurope.com\/@es\/117201698335356174","error":""},"_links":{"self":[{"href":"https:\/\/www.europesays.com\/es\/wp-json\/wp\/v2\/posts\/744038","targetHints":{"allow":["GET"]}}],"collection":[{"href":"https:\/\/www.europesays.com\/es\/wp-json\/wp\/v2\/posts"}],"about":[{"href":"https:\/\/www.europesays.com\/es\/wp-json\/wp\/v2\/types\/post"}],"author":[{"embeddable":true,"href":"https:\/\/www.europesays.com\/es\/wp-json\/wp\/v2\/users\/2"}],"replies":[{"embeddable":true,"href":"https:\/\/www.europesays.com\/es\/wp-json\/wp\/v2\/comments?post=744038"}],"version-history":[{"count":0,"href":"https:\/\/www.europesays.com\/es\/wp-json\/wp\/v2\/posts\/744038\/revisions"}],"wp:featuredmedia":[{"embeddable":true,"href":"https:\/\/www.europesays.com\/es\/wp-json\/wp\/v2\/media\/744039"}],"wp:attachment":[{"href":"https:\/\/www.europesays.com\/es\/wp-json\/wp\/v2\/media?parent=744038"}],"wp:term":[{"taxonomy":"category","embeddable":true,"href":"https:\/\/www.europesays.com\/es\/wp-json\/wp\/v2\/categories?post=744038"},{"taxonomy":"post_tag","embeddable":true,"href":"https:\/\/www.europesays.com\/es\/wp-json\/wp\/v2\/tags?post=744038"}],"curies":[{"name":"wp","href":"https:\/\/api.w.org\/{rel}","templated":true}]}}