{"id":744040,"date":"2026-09-02T13:32:10","date_gmt":"2026-09-02T13:32:10","guid":{"rendered":"https:\/\/www.europesays.com\/es\/744040\/"},"modified":"2026-09-02T13:32:10","modified_gmt":"2026-09-02T13:32:10","slug":"el-que-este-libre-de-pecado-personas-con-vih-crean-una-campana-contra-el-lenguaje-estigmatizante-y-los-discursos-de-odio-el-faradio","status":"publish","type":"post","link":"https:\/\/www.europesays.com\/es\/744040\/","title":{"rendered":"\u201cEl que est\u00e9 libre de pecado\u2026\u201d: personas con VIH crean una campa\u00f1a contra el lenguaje estigmatizante y los discursos de odio &#8211; El Faradio"},"content":{"rendered":"<p>\nLa iniciativa, bajo el hilo conductor de \u201cEn Espa\u00f1a ya no decimos\u2026\u201d, re\u00fane varios v\u00eddeos difundidos durante agosto que recurren a expresiones cotidianas para cuestionar el estigma y desmontar prejuicios                    <\/p>\n<p>La Coordinadora estatal de VIH y sida (Cesida) ha lanzado durante el mes de agosto \u201cEl lenguaje como veh\u00edculo de estigma\u201d, una campa\u00f1a de sensibilizaci\u00f3n creada y protagonizada por personas con VIH que invita a revisar c\u00f3mo hablamos del virus y de quienes viven con esta condici\u00f3n m\u00e9dica. A trav\u00e9s de varios v\u00eddeos difundidos en redes sociales, la iniciativa muestra c\u00f3mo el lenguaje puede ser un veh\u00edculo de estigma, pero tambi\u00e9n una herramienta para desmontar prejuicios, generar comprensi\u00f3n y combatir la discriminaci\u00f3n.<\/p>\n<p>La campa\u00f1a responde a un contexto en el que persisten mensajes de odio, serofobia y desconocimiento de la evidencia cient\u00edfica sobre el VIH en redes sociales y medios de comunicaci\u00f3n. Frente a los discursos que reproducen miedo, rechazo o culpabilizaci\u00f3n, las personas participantes construyen sus propios mensajes para poner en cuesti\u00f3n ideas preconcebidas y discriminatorias.<\/p>\n<p>\u00abEn Espa\u00f1a ya no decimos \u201cA quien madruga Dios le ayuda\u201d, decimos \u201cLas anal\u00edticas, de ocho a diez\u201d\u00bb. Este ejemplo resume el recurso creativo de los v\u00eddeos: partir de frases reconocibles y darles un nuevo sentido desde las vivencias de las personas con VIH. El humor y la reformulaci\u00f3n de expresiones cotidianas permiten acercar sus realidades a la ciudadan\u00eda y abrir una reflexi\u00f3n sobre el lenguaje que utilizamos.<\/p>\n<blockquote class=\"instagram-media\" style=\"background: #FFF; border: 0; border-radius: 3px; box-shadow: 0 0 1px 0 rgba(0,0,0,0.5),0 1px 10px 0 rgba(0,0,0,0.15); margin: 1px; max-width: 540px; min-width: 326px; padding: 0; width: calc(100% - 2px);\" data-instgrm-captioned=\"\" data-instgrm-permalink=\"https:\/\/www.instagram.com\/reel\/DcQl-BeouUA\/?utm_source=ig_embed&amp;utm_campaign=loading\" data-instgrm-version=\"14\">\n<\/blockquote>\n<p>En otro de los v\u00eddeos, el mensaje responde directamente a la culpabilizaci\u00f3n: \u00abEn Espa\u00f1a ya no decimos \u201cT\u00fa te lo has buscado\u201d, en Espa\u00f1a decimos \u201cEl que est\u00e9 libre de pecado, que tire la primera piedra\u201d\u00bb. La pieza recurre a una expresi\u00f3n popular para cuestionar los juicios morales sobre las personas con VIH y acaba recordando que el VIH \u201cno discrimina por religi\u00f3n, g\u00e9nero, edad u origen\u201d.<\/p>\n<blockquote class=\"instagram-media\" style=\"background: #FFF; border: 0; border-radius: 3px; box-shadow: 0 0 1px 0 rgba(0,0,0,0.5),0 1px 10px 0 rgba(0,0,0,0.15); margin: 1px; max-width: 540px; min-width: 326px; padding: 0; width: calc(100% - 2px);\" data-instgrm-captioned=\"\" data-instgrm-permalink=\"https:\/\/www.instagram.com\/reel\/Dbp7BtSNo-E\/?utm_source=ig_embed&amp;utm_campaign=loading\" data-instgrm-version=\"14\">\n<\/blockquote>\n<p>Grabadas en diferentes espacios cotidianos, como centros de salud, las piezas incorporan tambi\u00e9n ejemplos reales de mensajes de odio y discriminatorios recogidos en redes sociales. Son comentarios dirigidos tanto a personas con VIH como a otras a las que se vincula con el virus a partir de prejuicios. Asimismo, los v\u00eddeos incluyen informaci\u00f3n basada en la evidencia cient\u00edfica y una invitaci\u00f3n a realizarse la prueba del VIH.<\/p>\n<blockquote class=\"instagram-media\" style=\"background: #FFF; border: 0; border-radius: 3px; box-shadow: 0 0 1px 0 rgba(0,0,0,0.5),0 1px 10px 0 rgba(0,0,0,0.15); margin: 1px; max-width: 540px; min-width: 326px; padding: 0; width: calc(100% - 2px);\" data-instgrm-captioned=\"\" data-instgrm-permalink=\"https:\/\/www.instagram.com\/reel\/Db5lkRVtPAa\/?utm_source=ig_embed&amp;utm_campaign=loading\" data-instgrm-version=\"14\">\n<\/blockquote>\n<p>Las personas con VIH, creadoras de sus propios mensajes<\/p>\n<p>La participaci\u00f3n de las personas con VIH ha sido central desde el dise\u00f1o de la campa\u00f1a. Tras una primera sesi\u00f3n formativa con una profesional de la comunicaci\u00f3n y una segunda sesi\u00f3n pr\u00e1ctica, un grupo focal integrado por personas con VIH ha elaborado los contenidos con el apoyo de Cesida.<\/p>\n<p>Durante este proceso, se ha analizado c\u00f3mo el lenguaje contribuye a la reproducci\u00f3n del estigma y c\u00f3mo influye en la percepci\u00f3n que una persona tiene de s\u00ed misma y de las dem\u00e1s. Tambi\u00e9n se ha trabajado en c\u00f3mo puede representar una herramienta a trav\u00e9s de la que se pueden transformar realidades y combatir los contextos discriminatorios. Todo ello con el objetivo de concienciar sobre el hecho de que, a pesar de la persistencia del lenguaje estigmatizante hacia determinados colectivos, toda la poblaci\u00f3n puede estar expuesta a las transmisiones del virus.<\/p>\n<blockquote class=\"instagram-media\" style=\"background: #FFF; border: 0; border-radius: 3px; box-shadow: 0 0 1px 0 rgba(0,0,0,0.5),0 1px 10px 0 rgba(0,0,0,0.15); margin: 1px; max-width: 540px; min-width: 326px; padding: 0; width: calc(100% - 2px);\" data-instgrm-captioned=\"\" data-instgrm-permalink=\"https:\/\/www.instagram.com\/reel\/DcsyiTCNq-u\/?utm_source=ig_embed&amp;utm_campaign=loading\" data-instgrm-version=\"14\">\n<\/blockquote>\n<p>Esta metodolog\u00eda pretende contribuir al empoderamiento de las personas con VIH, reforzar su capacidad para construir sus propios mensajes e intervenir en la discusi\u00f3n p\u00fablica. Las personas participantes son autoras y protagonistas de una iniciativa que reivindica su derecho a decidir c\u00f3mo quieren ser representadas y a contribuir activamente a cambiar los discursos que afectan a sus vidas.<\/p>\n<p>La campa\u00f1a \u201cEl lenguaje como veh\u00edculo de estigma\u201d, desarrollada a trav\u00e9s del hilo conductor \u201cEn Espa\u00f1a ya no decimos\u2026\u201d, forma parte del proyecto \u201cAcci\u00f3n Contra el Estigma Asociado al VIH\u201d, subvencionado por el Ministerio de Derechos Sociales, Consumo y Agenda 2030 del Gobierno de Espa\u00f1a, a trav\u00e9s de la convocatoria de subvenciones para la realizaci\u00f3n de actividades de inter\u00e9s general consideradas de inter\u00e9s social (0,7).<\/p>\n<blockquote class=\"instagram-media\" style=\"background: #FFF; border: 0; border-radius: 3px; box-shadow: 0 0 1px 0 rgba(0,0,0,0.5),0 1px 10px 0 rgba(0,0,0,0.15); margin: 1px; max-width: 540px; min-width: 326px; padding: 0; width: calc(100% - 2px);\" data-instgrm-captioned=\"\" data-instgrm-permalink=\"https:\/\/www.instagram.com\/reel\/DcdifS8ovYS\/?utm_source=ig_embed&amp;utm_campaign=loading\" data-instgrm-version=\"14\">\n<\/blockquote>\n<p>Cesida<\/p>\n<p>Cesida es la Coordinadora Estatal de VIH y sida, la entidad m\u00e1s representativa del movimiento ciudadano de VIH y sida en Espa\u00f1a. Con presencia en las 17 comunidades aut\u00f3nomas, est\u00e1 formada por 80 entidades que representan a m\u00e1s de 120 organizaciones en todo el pa\u00eds. Desde su fundaci\u00f3n en 2002, Cesida trabaja para prevenir nuevas infecciones, apoyar a las personas afectadas y combatir el estigma asociado al VIH, consolid\u00e1ndose como la organizaci\u00f3n de referencia en este \u00e1mbito.<\/p>\n<p><script async src=\"\/\/www.instagram.com\/embed.js\"><\/script><\/p>\n","protected":false},"excerpt":{"rendered":"La iniciativa, bajo el hilo conductor de \u201cEn Espa\u00f1a ya no decimos\u2026\u201d, re\u00fane varios v\u00eddeos difundidos durante agosto&hellip;\n","protected":false},"author":2,"featured_media":744041,"comment_status":"","ping_status":"","sticky":false,"template":"","format":"standard","meta":{"footnotes":""},"categories":[92],"tags":[658,72539,25,24,67436,165,166,23,6877],"class_list":["post-744040","post","type-post","status-publish","format-standard","has-post-thumbnail","category-salud","tag-campana","tag-cesida","tag-es","tag-espana","tag-estigmatizacion","tag-health","tag-salud","tag-spain","tag-vih"],"share_on_mastodon":{"url":"https:\/\/pubeurope.com\/@es\/117201701628094941","error":""},"_links":{"self":[{"href":"https:\/\/www.europesays.com\/es\/wp-json\/wp\/v2\/posts\/744040","targetHints":{"allow":["GET"]}}],"collection":[{"href":"https:\/\/www.europesays.com\/es\/wp-json\/wp\/v2\/posts"}],"about":[{"href":"https:\/\/www.europesays.com\/es\/wp-json\/wp\/v2\/types\/post"}],"author":[{"embeddable":true,"href":"https:\/\/www.europesays.com\/es\/wp-json\/wp\/v2\/users\/2"}],"replies":[{"embeddable":true,"href":"https:\/\/www.europesays.com\/es\/wp-json\/wp\/v2\/comments?post=744040"}],"version-history":[{"count":0,"href":"https:\/\/www.europesays.com\/es\/wp-json\/wp\/v2\/posts\/744040\/revisions"}],"wp:featuredmedia":[{"embeddable":true,"href":"https:\/\/www.europesays.com\/es\/wp-json\/wp\/v2\/media\/744041"}],"wp:attachment":[{"href":"https:\/\/www.europesays.com\/es\/wp-json\/wp\/v2\/media?parent=744040"}],"wp:term":[{"taxonomy":"category","embeddable":true,"href":"https:\/\/www.europesays.com\/es\/wp-json\/wp\/v2\/categories?post=744040"},{"taxonomy":"post_tag","embeddable":true,"href":"https:\/\/www.europesays.com\/es\/wp-json\/wp\/v2\/tags?post=744040"}],"curies":[{"name":"wp","href":"https:\/\/api.w.org\/{rel}","templated":true}]}}