{"id":744050,"date":"2026-09-02T13:37:11","date_gmt":"2026-09-02T13:37:11","guid":{"rendered":"https:\/\/www.europesays.com\/es\/744050\/"},"modified":"2026-09-02T13:37:11","modified_gmt":"2026-09-02T13:37:11","slug":"ultima-hora-de-la-entrada-de-inmigrantes-a-ceuta-en-directo-el-director-de-la-policia-asegura-a-marlaska-que-el-informe-no-atribuye-a-marruecos-la-planificacion-de-la-crisis-migra","status":"publish","type":"post","link":"https:\/\/www.europesays.com\/es\/744050\/","title":{"rendered":"\u00daltima hora de la entrada de inmigrantes a Ceuta, en directo | El director de la Polic\u00eda asegura a Marlaska que el informe no \u201catribuye a Marruecos la planificaci\u00f3n\u201d de la crisis migratoria | Espa\u00f1a"},"content":{"rendered":"<p class=\"ev-title\">Vivas afirma que \u201cCeuta est\u00e1 en peligro\u201d pero \u201cest\u00e1 en pie\u201d gracias a la unidad de su pueblo<\/p>\n<p>El presidente de Ceuta, Juan Vivas, ha subrayado este mi\u00e9rcoles que esta ciudad aut\u00f3noma est\u00e1 \u201cen peligro\u201d por la entrada \u201cdeliberada y organizada\u201d de m\u00e1s de 80.000 personas los d\u00edas 30 y 31 de julio pero ha dejado claro que la ciudad sigue \u201cen pie\u201d, gracias a la \u201cfirme determinaci\u00f3n\u201d de un pueblo \u201cque no se rinde, no se vende y se defiende\u201d. Vivas ha comenzado su discurso aludiendo al \u201cataque\u201c a la \u201dintegridad territorial\u201d sufrido y ha descrito el estado de \u00e1nimo de la una ciudad como \u201ctriste, herida, indignada y con el alma en vilo, pero que sigue en pie\u201d.<\/p>\n<p>Durante el acto institucional con la imposici\u00f3n de medallas, Vivas ha terminado diciendo que la ciudad saldr\u00e1 \u201crenovada y fortalecida\u201d, ha dicho este mi\u00e9rcoles en el Teatro del Revell\u00edn. La celebraci\u00f3n ha tenido un claro enfoque reivindicativo de la ciudad y se han escuchado desde el escenario duras cr\u00edticas de los galardonados al presidente Pedro S\u00e1nchez, a quien le han reprochado \u201chaber abandonado la ciudad\u201d. Los ministros Victor Torres e Elma Saiz han sido recibidos por un grupo de vecinos con insultos y el acto ha terminado con gritos de \u201cDelegado dimisi\u00f3n\u201d.<\/p>\n<p>El presidente de la ciudad aut\u00f3noma, Juan Jes\u00fas Vivas, ha pronunciado el discurso institucional del D\u00eda de Ceuta ante representantes judiciales, de las cuatro comunidades religiosas y de la sociedad civil. \u201cNunca pens\u00e9 que un 2 de septiembre tendr\u00eda que venir a este escenario para tener que afirmar, porque es la pura realidad, que Ceuta est\u00e1 en peligro, en serio peligro\u201d, ha declarado, calific\u00e1ndolo como el momento m\u00e1s dif\u00edcil que ha vivido en sus a\u00f1os al frente de la ciudad. Vivas ha se\u00f1alado que Ceuta sufri\u00f3 los pasados 30 y 31 de julio \u201cun ataque a nuestra integridad territorial\u201d con la entrada masiva y \u201cdeliberada y organizada\u201d de cerca de 80.000 personas, que a\u00fan deja \u201cgrav\u00edsimas consecuencias\u201d y \u201cun da\u00f1o tremendo\u201d para la ciudad.<\/p>\n<p>\u201cCeuta est\u00e1 en peligro, Ceuta est\u00e1 triste, Ceuta est\u00e1 herida, Ceuta est\u00e1 indignada, Ceuta est\u00e1 con el alma en vilo, pero lo m\u00e1s importante de todo es que Ceuta est\u00e1 en pie\u201d, ha afirmado, atribuyendo esa resistencia a \u201cla firme determinaci\u00f3n de un pueblo\u201d empe\u00f1ado en que \u201cCeuta no se vende, Ceuta no se rinde, Ceuta se defiende\u201d, por encima de ideolog\u00edas, credos, culturas y or\u00edgenes, \u201cun pueblo que no cae en la provocaci\u00f3n de quienes, aprovechando la dificultad, pretenden dividirnos\u201d. El presidente ha agradecido adem\u00e1s \u201clas m\u00faltiples muestras de apoyo y solidaridad\u201d recibidas desde toda Espa\u00f1a, as\u00ed como la labor de los cuerpos y fuerzas de seguridad, militares, sanitarios y voluntarios \u201cen unas condiciones de extrema dificultad\u201d, y ha dado las gracias a los medios de comunicaci\u00f3n, locales y nacionales, por permitir que la realidad de Ceuta \u201cse comprenda, se conozca y se valore en el resto de Espa\u00f1a\u201d.<\/p>\n","protected":false},"excerpt":{"rendered":"Vivas afirma que \u201cCeuta est\u00e1 en peligro\u201d pero \u201cest\u00e1 en pie\u201d gracias a la unidad de su pueblo&hellip;\n","protected":false},"author":2,"featured_media":744051,"comment_status":"","ping_status":"","sticky":false,"template":"","format":"standard","meta":{"footnotes":""},"categories":[8],"tags":[6069,17,18,4486,25,24,13,14,11,590,895,15398,19,20,4485,10255,892,9,10,15,16,2959,956,1699,23,12,21,22],"class_list":["post-744050","post","type-post","status-publish","format-standard","has-post-thumbnail","category-espana","tag-alberto-nunez-feijoo","tag-breaking-news","tag-breakingnews","tag-ceuta","tag-es","tag-espana","tag-featured-news","tag-featurednews","tag-headlines","tag-inmigracion","tag-inmigracion-irregular","tag-inmigracion-irregular-espana","tag-latest-news","tag-latestnews","tag-marruecos","tag-melilla","tag-migracion","tag-news","tag-noticias","tag-noticias-destacadas","tag-noticiasdestacadas","tag-pedro-sanchez","tag-pp","tag-psoe","tag-spain","tag-titulares","tag-ultimas-noticias","tag-ultimasnoticias"],"share_on_mastodon":{"url":"","error":"Validation failed: Text character limit of 500 exceeded"},"_links":{"self":[{"href":"https:\/\/www.europesays.com\/es\/wp-json\/wp\/v2\/posts\/744050","targetHints":{"allow":["GET"]}}],"collection":[{"href":"https:\/\/www.europesays.com\/es\/wp-json\/wp\/v2\/posts"}],"about":[{"href":"https:\/\/www.europesays.com\/es\/wp-json\/wp\/v2\/types\/post"}],"author":[{"embeddable":true,"href":"https:\/\/www.europesays.com\/es\/wp-json\/wp\/v2\/users\/2"}],"replies":[{"embeddable":true,"href":"https:\/\/www.europesays.com\/es\/wp-json\/wp\/v2\/comments?post=744050"}],"version-history":[{"count":0,"href":"https:\/\/www.europesays.com\/es\/wp-json\/wp\/v2\/posts\/744050\/revisions"}],"wp:featuredmedia":[{"embeddable":true,"href":"https:\/\/www.europesays.com\/es\/wp-json\/wp\/v2\/media\/744051"}],"wp:attachment":[{"href":"https:\/\/www.europesays.com\/es\/wp-json\/wp\/v2\/media?parent=744050"}],"wp:term":[{"taxonomy":"category","embeddable":true,"href":"https:\/\/www.europesays.com\/es\/wp-json\/wp\/v2\/categories?post=744050"},{"taxonomy":"post_tag","embeddable":true,"href":"https:\/\/www.europesays.com\/es\/wp-json\/wp\/v2\/tags?post=744050"}],"curies":[{"name":"wp","href":"https:\/\/api.w.org\/{rel}","templated":true}]}}