{"id":744052,"date":"2026-09-02T13:38:17","date_gmt":"2026-09-02T13:38:17","guid":{"rendered":"https:\/\/www.europesays.com\/es\/744052\/"},"modified":"2026-09-02T13:38:17","modified_gmt":"2026-09-02T13:38:17","slug":"cancelada-la-sesion-de-fuegos-artificiales-prevista-para-el-6-de-septiembre-debido-a-la-declaracion-de-alerta-por-peligro-meteorologico-en-castilla-y-leon","status":"publish","type":"post","link":"https:\/\/www.europesays.com\/es\/744052\/","title":{"rendered":"Cancelada la sesi\u00f3n de fuegos artificiales prevista para el 6 de septiembre debido a la declaraci\u00f3n de alerta por peligro meteorol\u00f3gico en Castilla y Le\u00f3n"},"content":{"rendered":"<p>\tCancelada la sesi\u00f3n de fuegos artificiales prevista para el 6 de septiembre debido a la declaraci\u00f3n de alerta por peligro meteorol\u00f3gico en Castilla y Le\u00f3n | Portal Web del Ayuntamiento de Valladolid<\/p>\n<p>\t&#13;<\/p>\n<p>\t&#13;<\/p>\n<p>\t\tFecha de la noticia<\/p>\n<p>2 de septiembre de 2026<\/p>\n<p><img decoding=\"async\" class=\"side-image\" alt=\"\" src=\"https:\/\/www.europesays.com\/es\/wp-content\/uploads\/2026\/09\/1216040-jls.jpeg\"\/>Descripci\u00f3n<\/p>\n<p class=\"cmParagraph cmAlignjustify\">La sesi\u00f3n de fuegos artificiales prevista para el pr\u00f3ximo domingo, 6 de septiembre, con motivo de la Feria y Fiestas de la Virgen de San Lorenzo 2026, queda cancelada debido a la declaraci\u00f3n de alerta por peligro meteorol\u00f3gico de incendios forestales en Castilla y Le\u00f3n.<\/p>\n<p class=\"cmParagraph cmAlignjustify\">La medida viene determinada por la Resoluci\u00f3n de 1 de septiembre de 2026, del director general de Prevenci\u00f3n y Extinci\u00f3n de Incendios Forestales, publicada hoy en el Bolet\u00edn Oficial de Castilla y Le\u00f3n (<a href=\"https:\/\/bocyl.jcyl.es\/boletines\/2026\/09\/02\/pdf\/BOCYL-D-02092026-170-7.pdf\" title=\"Este enlace se abrir\u00e1 en una ventana nueva.\" target=\"_blank\" rel=\"noopener noreferrer nofollow\">https:\/\/bocyl.jcyl.es\/boletines\/2026\/09\/02\/pdf\/BOCYL-D-02092026-170-7.pdf <\/a> ), por la que se declara la situaci\u00f3n de alerta por peligro meteorol\u00f3gico de incendios en toda la Comunidad.<\/p>\n<p class=\"cmParagraph cmAlignjustify\">Entre las medidas preventivas extraordinarias establecidas en dicha resoluci\u00f3n se encuentra expresamente la prohibici\u00f3n de la introducci\u00f3n y uso de material pirot\u00e9cnico, as\u00ed como la suspensi\u00f3n de las autorizaciones para el lanzamiento de cohetes o artefactos de cualquier clase que contengan fuego.<\/p>\n<p class=\"cmParagraph cmAlignjustify\">La Junta Local de Seguridad celebrada hoy con motivo de la Feria y Fiestas de la Virgen de San Lorenzo ha abordado, entre otras cuestiones, las medidas de prevenci\u00f3n y seguridad vinculadas al desarrollo de las fiestas, traslad\u00e1ndose la cancelaci\u00f3n de la sesi\u00f3n pirot\u00e9cnica del domingo 6 de septiembre en cumplimiento de la normativa auton\u00f3mica vigente.<\/p>\n<ul class=\"cm-img-gallery-list\">\n<li>   <a target=\"_blank\" data-type=\"image\" data-title=\"jls 1\" data-gallery=\"gallery_valladolid_1256403\" data-mapping=\"galleryResources\" data-idcontent=\"1256403\" data-alias=\"valladolid\" data-description=\"jls 1\" data-size=\"1600x1066\" href=\"https:\/\/www.valladolid.es\/es\/actualidad\/noticias\/cancelada-sesion-fuegos-artificiales-prevista-6-septiembre.ficheros\/1216041-jls%201.jpeg\/g,1216041-jls%201.jpeg\" class=\"cmContentImageLink cmPhotoSwipe\" rel=\"nofollow noopener\"><img loading=\"lazy\" decoding=\"async\" src=\"https:\/\/www.europesays.com\/es\/wp-content\/uploads\/2026\/09\/1216041-jls 1.jpeg\" width=\"180\" height=\"120\" alt=\"\"\/><\/a><\/li>\n<\/ul>\n<p>            N\u00famero de diapositivas: 1<\/p>\n","protected":false},"excerpt":{"rendered":"Cancelada la sesi\u00f3n de fuegos artificiales prevista para el 6 de septiembre debido a la declaraci\u00f3n de alerta&hellip;\n","protected":false},"author":2,"featured_media":744053,"comment_status":"","ping_status":"","sticky":false,"template":"","format":"standard","meta":{"footnotes":""},"categories":[5],"tags":[4115,4109,249,1250,17,18,4107,4114,777,4110,25,24,13,14,260,11,19,20,4108,9,4112,10,15,16,4111,4116,4113,23,12,21,22,1607],"class_list":["post-744052","post","type-post","status-publish","format-standard","has-post-thumbnail","category-titulares","tag-agendas","tag-alcaldia","tag-ayudas","tag-ayuntamiento","tag-breaking-news","tag-breakingnews","tag-castilla","tag-centros","tag-ciudad","tag-corporacion","tag-es","tag-espana","tag-featured-news","tag-featurednews","tag-gente","tag-headlines","tag-latest-news","tag-latestnews","tag-leon","tag-news","tag-normativas","tag-noticias","tag-noticias-destacadas","tag-noticiasdestacadas","tag-presupuestos","tag-publicaciones","tag-servicios","tag-spain","tag-titulares","tag-ultimas-noticias","tag-ultimasnoticias","tag-valladolid"],"share_on_mastodon":{"url":"","error":""},"_links":{"self":[{"href":"https:\/\/www.europesays.com\/es\/wp-json\/wp\/v2\/posts\/744052","targetHints":{"allow":["GET"]}}],"collection":[{"href":"https:\/\/www.europesays.com\/es\/wp-json\/wp\/v2\/posts"}],"about":[{"href":"https:\/\/www.europesays.com\/es\/wp-json\/wp\/v2\/types\/post"}],"author":[{"embeddable":true,"href":"https:\/\/www.europesays.com\/es\/wp-json\/wp\/v2\/users\/2"}],"replies":[{"embeddable":true,"href":"https:\/\/www.europesays.com\/es\/wp-json\/wp\/v2\/comments?post=744052"}],"version-history":[{"count":0,"href":"https:\/\/www.europesays.com\/es\/wp-json\/wp\/v2\/posts\/744052\/revisions"}],"wp:featuredmedia":[{"embeddable":true,"href":"https:\/\/www.europesays.com\/es\/wp-json\/wp\/v2\/media\/744053"}],"wp:attachment":[{"href":"https:\/\/www.europesays.com\/es\/wp-json\/wp\/v2\/media?parent=744052"}],"wp:term":[{"taxonomy":"category","embeddable":true,"href":"https:\/\/www.europesays.com\/es\/wp-json\/wp\/v2\/categories?post=744052"},{"taxonomy":"post_tag","embeddable":true,"href":"https:\/\/www.europesays.com\/es\/wp-json\/wp\/v2\/tags?post=744052"}],"curies":[{"name":"wp","href":"https:\/\/api.w.org\/{rel}","templated":true}]}}