{"id":744058,"date":"2026-09-02T13:44:27","date_gmt":"2026-09-02T13:44:27","guid":{"rendered":"https:\/\/www.europesays.com\/es\/744058\/"},"modified":"2026-09-02T13:44:27","modified_gmt":"2026-09-02T13:44:27","slug":"tadej-pogacar-invitado-a-la-alhambra-es-ciclismo","status":"publish","type":"post","link":"https:\/\/www.europesays.com\/es\/744058\/","title":{"rendered":"Tadej Pogacar, invitado a La Alhambra &#8211; Es Ciclismo"},"content":{"rendered":"<ol>\n<li><a href=\"https:\/\/news.google.com\/rss\/articles\/CBMiakFVX3lxTFB4eDhNQ0ZyRHo0bFBJQTI2cC1yRG5fMHJNUjl2c1JFUEFWZjY2UVFtX04tcDl0Vkk3bUNwd2s4bUV6LVA5RUJTME5kdE5PakZsN2xxV055dkxNUzJRQ0tPcXVpNjZ4ZWhKR2c?oc=5\" target=\"_blank\" rel=\"nofollow noopener\">Tadej Pogacar, invitado a La Alhambra<\/a>&nbsp;&nbsp;Es Ciclismo<\/li>\n<li><a href=\"https:\/\/news.google.com\/rss\/articles\/CBMiigJBVV95cUxQSFlhdzJXaDFZOWR1bEhTQmlBODREYnBldG5pMzljcEZmRi0tSjJXcWJNanVSV0ozMnB3REhKV2JPOW9FcW9VbHNMT0FOVUZvcklLM2N6VGJEZ1VPY0ZBc3JYQTJDZ1NCanVRVUNINmw5YXZnd3RiXzRXdjNibi0wdFR0ZlRKemJQMHRIbktYWG9YRHBGd2hTMXc3N2tkQ1gyQXVta2k2MGhsa3J1bWRULXlkaDhuNHI2ZmhQYVVHT1IwYUlFZHdrRzlZN2JkczlhYW5fQ2EyUW14bWtUYloteFlQZXlOOUZWYmNsR3VCYW0zamoyOFVxMUQyZVJmT1FZMkszcTNCZlVjQdIBngJBVV95cUxONVZnLWVZYjBxalMyQmo2bzFrbzd3cUJMc29PWmYyUUs4SGRsNktLV0lHUzRhVzdpX0txNGEyelBhc09nU0ZDdjNTV3ZrRW52OEw1ckFWaWdOVWRMRVdYWXNmNFBzM2wzWm45Y1lGNG5GRWRJX0hHc21NZzAzaUgwaXZwazJyaERON2E0ei1xWXZPRjVhNnlPbTNFRmV3UzZUTFNVak9udHJvX25FRlplUmgwVzRPc2R5cTgzZXhxbEU4R3dkQjc4ZWxqNHZoQjY2c3l2elNSXzhwMGxBM3F3Y3dJWmFYNXVRU3JhNGs0Q2ZGLUp5aFJxd1FPYXVXcjNrR3k5enpUTUE5ZUZhdWU2T1l1ck5OdWxqcW52YUNR?oc=5\" target=\"_blank\" rel=\"nofollow noopener\">Enric Mas explica su decisi\u00f3n de no vestir el rojo tras la ca\u00edda de Pogacar: \u00abSent\u00eda que ese d\u00eda el maillot le pertenec\u00eda a \u00e9l\u00bb<\/a>&nbsp;&nbsp;Cadena SER<\/li>\n<li><a href=\"https:\/\/news.google.com\/rss\/articles\/CBMi7gFBVV95cUxNQmJ2YWsyS2p1Z3dpb3J5QlR3SFQ5MEJRYm1zUXVtcDZ5SG02N0RvaU1kS2p0cEtybDlYN3NsaWtVWmNaa3NJMXNnaDlZY2dqXzVqWi1jNkxiWG1SMENzUVFORlQ0RFdkaHdiakJNVUVSMjBSR281M3VYdEhQN3p5MTY4emZnelg3dXh5Vlkza0YzWTNSbHFMUjZyM280d3F6N0NxbjBvRy1WRklSSWJVYzdwenY1eDhIZF96eE11aXUxSFZQbUhuMkdHcDdZcEJ1UWZkckpWYldieTEwU3VwTEhGQk43WlFST0U0aDFn0gGCAkFVX3lxTE1UN1BNbWNNYTZiMmFRRXM1M0xxWFZ4S3doaTN3Nmd4VkpzRzh6QmhGLUZTTkhJY3JGeGR6S3o1Q052MmdQNlM2SkRBSW9YZkdWU1ZSeTRmMU9LU0hUVXBCNGJSem5uWVViemhDMzliMDlvenBJZ3llLXZVRzZ1dGd2Si1rRUt4Z1VBanY5cGUySy1VXzdpQ2k1ZktFU25LWjJMNXVrenExS1Y2QTN5TmlzamZZTzNDR2t4TlQ4WTVEOElITl9vNGpzTmJIMVZMNUh4QkZYSnpScXo3VVlmZURwZ3ZIaEdnYmt6QVZyTHBXQkNoamVIUmF6ZnVCa05yUG5aZw?oc=5\" target=\"_blank\" rel=\"nofollow noopener\">\u00ab\u00bfVosotros me hab\u00e9is preguntado si quiero ganar la Vuelta a Espa\u00f1a?\u00bb, la pregunta de Igor Ant\u00f3n en 2010<\/a>&nbsp;&nbsp;La Raz\u00f3n<\/li>\n<li><a href=\"https:\/\/news.google.com\/rss\/articles\/CBMiqAFBVV95cUxNV1JVOFEzR3NEM3lJTk93bW1FcnNlbE9rVUpMLWFJblF0bUFjTUZwTVhnXzRXbU1Gc3plWHVWem5jMUFXOGdSN0J5TldaOHZWVGwyZkx0V1BIU296UmVvUkh0Q21xMDlaSVhYLTY3YlVxN0IweUp3RzlRTTNaRzlKM3FhUDVHNkVTcHRKU1pWUW1uSmlMbHlYRnZqUVhKYUEzQXFweHJjT0k?oc=5\" target=\"_blank\" rel=\"nofollow noopener\">Actualizaci\u00f3n del parte m\u00e9dico de Pogacar tras su dura ca\u00edda en La Vuelta: permanecer\u00e1 en el hospital y necesitar\u00e1 rehabilitaci\u00f3n<\/a>&nbsp;&nbsp;El Confidencial<\/li>\n<li><a href=\"https:\/\/news.google.com\/rss\/articles\/CBMiqAFBVV95cUxNUjlaeGJxaXdoUW1XVUk0VUhIaXJUOVRpYndrcFdKb1NQX2pPWlVucW5Ib3JUYVNXNnY0YTF1Nm9mSlJLMlVvNjJYOHRKNDduU0R1RkgxQWhVdUdyX29LWFl6YXptcDBMMGxMWFI0Sk9HajQ5WEdCU1licl9KWEhZY1E1SkZ1NXdBV1ZMSk1DZV9FWF9LN054RHhIbnVfYnhpcFAzdXYxT18?oc=5\" target=\"_blank\" rel=\"nofollow noopener\">\u00bfPogacar al Mundial? Dif\u00edcil, pero no imposible, seg\u00fan los m\u00e9dicos<\/a>&nbsp;&nbsp;naiz:<\/li>\n<\/ol>\n","protected":false},"excerpt":{"rendered":"Tadej Pogacar, invitado a La Alhambra&nbsp;&nbsp;Es Ciclismo Enric Mas explica su decisi\u00f3n de no vestir el rojo tras&hellip;\n","protected":false},"author":2,"featured_media":744059,"comment_status":"","ping_status":"","sticky":false,"template":"","format":"standard","meta":{"footnotes":""},"categories":[273],"tags":[10605,35378,16470,1611,4357,313,1757,777,312,168,7821,158,551,25,3871,24,2172,24311,27045,494,16720,12050,27051,10783,549,1461,6436,22422,416,23,167,46016,548,550,1079,11833,1357,552],"class_list":["post-744058","post","type-post","status-publish","format-standard","has-post-thumbnail","category-ciclismo","tag-a","tag-alhambra","tag-andaluz","tag-ano","tag-caida","tag-ciclismo","tag-ciclista","tag-ciudad","tag-cycling","tag-deportes","tag-diputacion","tag-el","tag-emirates","tag-es","tag-esloveno","tag-espana","tag-especiales","tag-finaliza","tag-francis","tag-granada","tag-granadina","tag-grave","tag-heridas","tag-invitado","tag-pogacar","tag-presidente","tag-provincia","tag-recupere","tag-rodriguez","tag-spain","tag-sports","tag-sufridas","tag-tadej","tag-uae","tag-vez","tag-visitar","tag-vuelta","tag-xrg"],"share_on_mastodon":{"url":"https:\/\/pubeurope.com\/@es\/117201749113501644","error":""},"_links":{"self":[{"href":"https:\/\/www.europesays.com\/es\/wp-json\/wp\/v2\/posts\/744058","targetHints":{"allow":["GET"]}}],"collection":[{"href":"https:\/\/www.europesays.com\/es\/wp-json\/wp\/v2\/posts"}],"about":[{"href":"https:\/\/www.europesays.com\/es\/wp-json\/wp\/v2\/types\/post"}],"author":[{"embeddable":true,"href":"https:\/\/www.europesays.com\/es\/wp-json\/wp\/v2\/users\/2"}],"replies":[{"embeddable":true,"href":"https:\/\/www.europesays.com\/es\/wp-json\/wp\/v2\/comments?post=744058"}],"version-history":[{"count":0,"href":"https:\/\/www.europesays.com\/es\/wp-json\/wp\/v2\/posts\/744058\/revisions"}],"wp:featuredmedia":[{"embeddable":true,"href":"https:\/\/www.europesays.com\/es\/wp-json\/wp\/v2\/media\/744059"}],"wp:attachment":[{"href":"https:\/\/www.europesays.com\/es\/wp-json\/wp\/v2\/media?parent=744058"}],"wp:term":[{"taxonomy":"category","embeddable":true,"href":"https:\/\/www.europesays.com\/es\/wp-json\/wp\/v2\/categories?post=744058"},{"taxonomy":"post_tag","embeddable":true,"href":"https:\/\/www.europesays.com\/es\/wp-json\/wp\/v2\/tags?post=744058"}],"curies":[{"name":"wp","href":"https:\/\/api.w.org\/{rel}","templated":true}]}}