{"id":744082,"date":"2026-09-02T13:59:16","date_gmt":"2026-09-02T13:59:16","guid":{"rendered":"https:\/\/www.europesays.com\/es\/744082\/"},"modified":"2026-09-02T13:59:16","modified_gmt":"2026-09-02T13:59:16","slug":"von-der-leyen-y-rutte-amenazan-con-mas-presion-a-moscu","status":"publish","type":"post","link":"https:\/\/www.europesays.com\/es\/744082\/","title":{"rendered":"Von der Leyen y Rutte amenazan con \u00abm\u00e1s presi\u00f3n\u00bb a Mosc\u00fa"},"content":{"rendered":"<p>La presidenta de la <a class=\"internal-link\" href=\"https:\/\/www.dw.com\/es\/comisi\u00f3n-europea\/t-36866603\" rel=\"nofollow noopener\" target=\"_blank\">Comisi\u00f3n Europea<\/a>,\u00a0<a class=\"internal-link\" href=\"https:\/\/www.dw.com\/es\/ursula-von-der-leyen\/t-38668657\" rel=\"nofollow noopener\" target=\"_blank\">Ursula von der Leyen<\/a>, y el secretario general de la <a class=\"internal-link\" href=\"https:\/\/www.dw.com\/es\/otan\/t-17409693\" rel=\"nofollow noopener\" target=\"_blank\">OTAN<\/a>, <a class=\"internal-link\" href=\"https:\/\/www.dw.com\/es\/rutte-mark\/t-37676389\" rel=\"nofollow noopener\" target=\"_blank\">Mark Rutte<\/a>, aseguraron este mi\u00e9rcoles que la presi\u00f3n contra Rusia continuar\u00e1 e incluso \u00abaumentar\u00e1\u00bb, despu\u00e9s del\u00a0<a class=\"internal-link\" href=\"https:\/\/www.dw.com\/es\/gobierno-alem\u00e1n-rusia-quer\u00eda-atacar-leipzig-con-drones\/a-78655971\" rel=\"nofollow noopener\" target=\"_blank\">ataque h\u00edbrido con drones<\/a> en un aeropuerto de la ciudad alemana de <a class=\"internal-link\" href=\"https:\/\/www.dw.com\/es\/alemania-responsabiliza-a-rusia-de-un-intento-de-ataque-en-el-aeropuerto-de-leipzig-con-un-dron-cargado-de-explosivos\/a-78654148\" rel=\"nofollow noopener\" target=\"_blank\">Leipzig<\/a>\u00a0atribuido a <a class=\"internal-link\" href=\"https:\/\/www.dw.com\/es\/rusia\/t-17410119\" rel=\"nofollow noopener\" target=\"_blank\">Mosc\u00fa<\/a>.<\/p>\n<p>\u00ab<a class=\"internal-link\" href=\"https:\/\/www.dw.com\/es\/europa\/t-18446109\" rel=\"nofollow noopener\" target=\"_blank\">Europa<\/a> y la OTAN no solo mantendr\u00e1n la presi\u00f3n sobre Rusia, sino que la aumentar\u00e1n. Y no nos detendremos, no hasta que Rusia deje de bombardear y matar a ni\u00f1os, hombres y mujeres inocentes en Ucrania\u00bb, dijo Von der Leyen tras una reuni\u00f3n con Rutte en la sede del Ejecutivo comunitario.<\/p>\n<p>Seg\u00fan Von der Leyen, lo ocurrido en <a class=\"internal-link\" href=\"https:\/\/www.dw.com\/es\/kallas-ataque-h\u00edbrido-en-leipzig-apunta-a-terrorismo-patrocinado-por-el-estado\/a-78712373\" rel=\"nofollow noopener\" target=\"_blank\">Leipzig<\/a> \u00abmarca una nueva <a class=\"internal-link\" href=\"https:\/\/www.dw.com\/es\/merz-afirma-que-autores-de-intento-de-ataque-con-drones-en-aeropuerto-de-leipzig-pagar\u00e1n-por-ello\/a-78494380\" rel=\"nofollow noopener\" target=\"_blank\">escalada<\/a>\u00a0en suelo de la Uni\u00f3n Europea atribuible directamente a Rusia\u00bb y forma parte de una serie de incidentes que constituyen una \u00abnueva normalidad\u00bb que exige a los europeos \u00abdar un paso al frente\u00bb.<\/p>\n<p>Esos incidentes son \u00abcada vez m\u00e1s peligrosos: incursiones recurrentes en nuestro espacio a\u00e9reo, drones que paralizan nuestros aeropuertos, interferencias en nuestras infraestructuras cr\u00edticas. Los europeos nos enfrentamos a la dura realidad de que esta es la nueva normalidad. Debemos dar un paso adelante. Y eso significa estar preparados para responder a la temeridad de Rusia con mayor rapidez y eficacia\u00bb, dijo.<\/p>\n<p>En ese contexto, indic\u00f3 que hay que considerar que las infraestructuras cotidianas de la UE son \u00abobjetivos de primera l\u00ednea\u00bb y por tanto deber\u00e1n ser protegidas.<\/p>\n<p>Asimismo, la pol\u00edtica europea asegur\u00f3 que la UE apoyar\u00e1 a \u00abcualquier Estado miembro que sea objetivo de Rusia\u00bb e indic\u00f3 que Europa \u00abya cuenta con equipos de respuesta r\u00e1pida capaces de hacer frente a este tipo de ataques\u00bb tanto dentro como fuera de la UE.<\/p>\n<p>Por otro lado, Von der Leyen anunci\u00f3 que la UE ha recibido una nueva solicitud de pago a Ucrania por valor de \u00abvarios miles de millones de euros\u00bb y que cubrir\u00eda las defensas a\u00e9reas de Ucrania, incluidos los sistemas de defensa a\u00e9rea Patriot PAC-3.<\/p>\n<p><img data-format=\"MASTER_LANDSCAPE\" data-id=\"77348870\" data-url=\"https:\/\/static.dw.com\/image\/77348870_${formatId}.jpg\" data-aspect-ratio=\"16\/9\" alt=\"La presidenta de la Comisi\u00f3n Europea, Ursula von der Leyen, y una bandera de la Uni\u00f3n Europea en el fondo.\" style=\"padding-bottom: 56.25%; height: 0; max-height: 0;\"\/>La presidenta de la Comisi\u00f3n Europea, Ursula von der Leyen.Imagen: Omar Havana\/REUTERS<\/p>\n<p>Una petici\u00f3n que los Estados miembros \u00abest\u00e1n examinando\u00bb y que \u00abavanza en la direcci\u00f3n correcta\u00bb.<\/p>\n<p>Por \u00faltimo, valor\u00f3 la cooperaci\u00f3n con la OTAN y dijo que Europa \u00abdebe movilizar sus capacidades de defensa con mayor celeridad\u00bb y que hace falta \u00abun sistema de alerta m\u00e1s r\u00e1pido e integrado en toda Europa\u00bb y \u00abser capaces de interceptar las amenazas con mayor rapidez\u00bb.<\/p>\n<p>Por su parte, Mark Rutte indic\u00f3 que no solo es necesario \u00abque la industria d\u00e9 un paso al frente\u00bb, con nuevas f\u00e1bricas o l\u00edneas de producci\u00f3n adicionales, sino que adem\u00e1s hay que \u00abfacilitar la cooperaci\u00f3n entre empresas del sector\u00bb, tanto dentro de Europa como en toda la Alianza.<\/p>\n<p>Rutte dijo adem\u00e1s que \u00abRusia se ha vuelto cada vez m\u00e1s temeraria\u00bb y que se est\u00e1n viendo \u00abm\u00e1s drones y misiles penetrando en nuestro espacio a\u00e9reo a lo largo del flanco oriental, lo que aumenta el riesgo\u00bb, as\u00ed como un incremento de las actividades dirigidas directamente contra nuestro territorio, ya sean incendios provocados en f\u00e1bricas que producen equipos de defensa para Ucrania o el ataque h\u00edbrido ruso en Leipzig.<\/p>\n<p>\u00abLos peligros que plantea Rusia son evidentes, y trabajamos sin descanso para garantizar que estamos preparados para proteger a nuestra poblaci\u00f3n. Si Rusia cree que las amenazas nos dividir\u00e1n, o si piensa que nos disuadir\u00e1n de apoyar a Ucrania, se equivoca. Nuestra unidad es inquebrantable. Nuestro apoyo a Ucrania es firme\u00bb, subray\u00f3 el pol\u00edtico holand\u00e9s.<\/p>\n<p>No dejes que el algoritmo oculte las noticias. Si conf\u00edas en ese sitio para obtener informaci\u00f3n confiable, por favor dedica un momento a seleccionarnos como tu fuente preferida en Google: haz clic\u00a0\u00a0<a rel=\"noopener follow nofollow\" target=\"_blank\" class=\"external-link\" href=\"https:\/\/www.google.com\/preferences\/source?q=dw.com\" title=\"Enlace externo \u2014 aqu\u00ed\">aqu\u00ed<\/a>\u00a0y\u00a0\u00a0marca el casillero o\u00a0pulsa el bot\u00f3n de DW.com para ver siempre nuestras noticias verificadas en tus preferencias.<\/p>\n<p>CP (efe, dpa)<\/p>\n","protected":false},"excerpt":{"rendered":"La presidenta de la Comisi\u00f3n Europea,\u00a0Ursula von der Leyen, y el secretario general de la OTAN, Mark Rutte,&hellip;\n","protected":false},"author":2,"featured_media":744083,"comment_status":"","ping_status":"","sticky":false,"template":"","format":"standard","meta":{"footnotes":""},"categories":[42],"tags":[17,18,13,14,11,61,62,63,64,19,20,9,10,15,16,12,21,22,65,66,67],"class_list":["post-744082","post","type-post","status-publish","format-standard","has-post-thumbnail","category-internacional","tag-breaking-news","tag-breakingnews","tag-featured-news","tag-featurednews","tag-headlines","tag-internacional","tag-international","tag-international-news","tag-internationalnews","tag-latest-news","tag-latestnews","tag-news","tag-noticias","tag-noticias-destacadas","tag-noticiasdestacadas","tag-titulares","tag-ultimas-noticias","tag-ultimasnoticias","tag-world","tag-world-news","tag-worldnews"],"share_on_mastodon":{"url":"https:\/\/pubeurope.com\/@es\/117201807950968989","error":""},"_links":{"self":[{"href":"https:\/\/www.europesays.com\/es\/wp-json\/wp\/v2\/posts\/744082","targetHints":{"allow":["GET"]}}],"collection":[{"href":"https:\/\/www.europesays.com\/es\/wp-json\/wp\/v2\/posts"}],"about":[{"href":"https:\/\/www.europesays.com\/es\/wp-json\/wp\/v2\/types\/post"}],"author":[{"embeddable":true,"href":"https:\/\/www.europesays.com\/es\/wp-json\/wp\/v2\/users\/2"}],"replies":[{"embeddable":true,"href":"https:\/\/www.europesays.com\/es\/wp-json\/wp\/v2\/comments?post=744082"}],"version-history":[{"count":0,"href":"https:\/\/www.europesays.com\/es\/wp-json\/wp\/v2\/posts\/744082\/revisions"}],"wp:featuredmedia":[{"embeddable":true,"href":"https:\/\/www.europesays.com\/es\/wp-json\/wp\/v2\/media\/744083"}],"wp:attachment":[{"href":"https:\/\/www.europesays.com\/es\/wp-json\/wp\/v2\/media?parent=744082"}],"wp:term":[{"taxonomy":"category","embeddable":true,"href":"https:\/\/www.europesays.com\/es\/wp-json\/wp\/v2\/categories?post=744082"},{"taxonomy":"post_tag","embeddable":true,"href":"https:\/\/www.europesays.com\/es\/wp-json\/wp\/v2\/tags?post=744082"}],"curies":[{"name":"wp","href":"https:\/\/api.w.org\/{rel}","templated":true}]}}