{"id":744084,"date":"2026-09-02T14:00:21","date_gmt":"2026-09-02T14:00:21","guid":{"rendered":"https:\/\/www.europesays.com\/es\/744084\/"},"modified":"2026-09-02T14:00:21","modified_gmt":"2026-09-02T14:00:21","slug":"canal-de-isabel-ii-lanza-una-campana-para-reivindicar-el-agua-como-patrimonio-de-madrid","status":"publish","type":"post","link":"https:\/\/www.europesays.com\/es\/744084\/","title":{"rendered":"Canal de Isabel II lanza una campa\u00f1a para reivindicar el agua como patrimonio de Madrid"},"content":{"rendered":"<p>Canal de Isabel II ha puesto en marcha la campa\u00f1a <strong>\u00abEl agua de Madrid tambi\u00e9n es patrimonio\u00bb<\/strong>, una iniciativa de sensibilizaci\u00f3n con la que pretende fomentar el uso responsable del agua y destacar su valor como elemento esencial del patrimonio natural y cultural de la Comunidad de Madrid. La acci\u00f3n coincide con los datos de evoluci\u00f3n del consumo en la regi\u00f3n, donde el uso dom\u00e9stico de agua se ha reducido m\u00e1s de un <strong>12 % en los \u00faltimos veinte a\u00f1os<\/strong>, situ\u00e1ndose por debajo de la media nacional.<\/p>\n<p>\u00a0<\/p>\n<blockquote>\n<p><strong>El consumo dom\u00e9stico de agua en la Comunidad de Madrid ha descendido m\u00e1s de un 12 % en las dos \u00faltimas d\u00e9cadas y se sit\u00faa en 121,5 litros por habitante al d\u00eda.<\/strong><\/p>\n<\/blockquote>\n<p>\u00a0<\/p>\n<p>La campa\u00f1a establece un paralelismo entre el agua y algunos de los bienes patrimoniales m\u00e1s emblem\u00e1ticos de la regi\u00f3n, como el <strong>Monasterio de San Lorenzo de El Escorial<\/strong>, los <strong>cuadros de Goya<\/strong> o el <strong>castillo de Manzanares El Real<\/strong>. El objetivo es transmitir que el agua forma parte de la identidad de Madrid y que, al igual que estos elementos hist\u00f3ricos y culturales, merece ser protegida y conservada.<\/p>\n<p>A trav\u00e9s de este planteamiento, Canal de Isabel II anima a los ciudadanos a mantener h\u00e1bitos cotidianos de <strong>consumo responsable<\/strong>, como reducir el tiempo de las duchas, cerrar el grifo mientras se realiza el enjabonado, instalar economizadores o utilizar lavadoras y lavavajillas a carga completa.<\/p>\n<p>\u00a0<\/p>\n<p><strong>Menor consumo y menor extracci\u00f3n de agua<\/strong><\/p>\n<p>La empresa p\u00fablica destaca que la sociedad madrile\u00f1a mantiene una tendencia sostenida hacia un uso m\u00e1s eficiente del recurso. En la actualidad, el consumo dom\u00e9stico alcanza <strong>121,5 litros por habitante al d\u00eda<\/strong>, un valor inferior a la media nacional.<\/p>\n<p>Adem\u00e1s, durante el pasado a\u00f1o el volumen de agua extra\u00eddo de los embalses se redujo en <strong>2 hect\u00f3metros c\u00fabicos<\/strong>, equivalentes a <strong>2.000 millones de litros<\/strong>, respecto al ejercicio anterior, un dato que Canal presenta como un incentivo para continuar avanzando en una demanda sostenible del recurso.<\/p>\n<p>La campa\u00f1a se desarrollar\u00e1 durante el mes de <strong>septiembre<\/strong> en distintos soportes de comunicaci\u00f3n, entre ellos prensa, radio, televisi\u00f3n, publicidad exterior, medios digitales, canales propios y redes sociales. Tambi\u00e9n incluir\u00e1 una acci\u00f3n especial con un <strong>mupi<\/strong> que albergar\u00e1 una jarra de agua tratada como si fuera una obra de arte, acompa\u00f1ando a las exposiciones itinerantes organizadas con motivo del <strong>175 aniversario de Canal de Isabel II<\/strong>.<\/p>\n<p>\u00a0<\/p>\n<blockquote>\n<p><strong>El volumen de agua extra\u00eddo de los embalses descendi\u00f3 en 2 hect\u00f3metros c\u00fabicos, el equivalente a 2.000 millones de litros, respecto al a\u00f1o anterior.<\/strong><\/p>\n<\/blockquote>\n<p>\u00a0<\/p>\n<p><strong>Tres d\u00e9cadas de campa\u00f1as de sensibilizaci\u00f3n<\/strong><\/p>\n<p>Canal de Isabel II recuerda que lleva m\u00e1s de <strong>treinta a\u00f1os<\/strong> desarrollando campa\u00f1as de concienciaci\u00f3n sobre el ahorro de agua y la protecci\u00f3n del medio ambiente. La compa\u00f1\u00eda subraya que la eficiencia h\u00eddrica es el resultado tanto de la implicaci\u00f3n ciudadana como de las actuaciones realizadas por la empresa en la gesti\u00f3n del ciclo urbano del agua.<\/p>\n<p>Entre estas actuaciones figuran el impulso a la <strong>reutilizaci\u00f3n de agua regenerada<\/strong>, la b\u00fasqueda activa de fugas y la renovaci\u00f3n de conducciones para reducir p\u00e9rdidas. Seg\u00fan la entidad, la combinaci\u00f3n de estas inversiones y la concienciaci\u00f3n ciudadana ha permitido reducir el consumo de agua <strong>per c\u00e1pita<\/strong> en la Comunidad de Madrid en <strong>m\u00e1s de un 30 % desde la \u00faltima sequ\u00eda de 2005<\/strong>.<\/p>\n<p>\u00a0<\/p>\n","protected":false},"excerpt":{"rendered":"Canal de Isabel II ha puesto en marcha la campa\u00f1a \u00abEl agua de Madrid tambi\u00e9n es patrimonio\u00bb, una&hellip;\n","protected":false},"author":2,"featured_media":744085,"comment_status":"","ping_status":"","sticky":false,"template":"","format":"standard","meta":{"footnotes":""},"categories":[8],"tags":[517,5051,17,18,16341,15558,2308,25,24,4806,13,14,11,2893,19,20,13583,9,10,15,16,1925,16340,4286,7788,16342,23,12,21,22],"class_list":["post-744084","post","type-post","status-publish","format-standard","has-post-thumbnail","category-espana","tag-actualidad","tag-agua","tag-breaking-news","tag-breakingnews","tag-clima","tag-emisiones","tag-empresas","tag-es","tag-espana","tag-eventos","tag-featured-news","tag-featurednews","tag-headlines","tag-industria","tag-latest-news","tag-latestnews","tag-medioambiente","tag-news","tag-noticias","tag-noticias-destacadas","tag-noticiasdestacadas","tag-opinion","tag-podcasts","tag-reportajes","tag-residuos","tag-sostenibilidad","tag-spain","tag-titulares","tag-ultimas-noticias","tag-ultimasnoticias"],"share_on_mastodon":{"url":"https:\/\/pubeurope.com\/@es\/117201811835135476","error":""},"_links":{"self":[{"href":"https:\/\/www.europesays.com\/es\/wp-json\/wp\/v2\/posts\/744084","targetHints":{"allow":["GET"]}}],"collection":[{"href":"https:\/\/www.europesays.com\/es\/wp-json\/wp\/v2\/posts"}],"about":[{"href":"https:\/\/www.europesays.com\/es\/wp-json\/wp\/v2\/types\/post"}],"author":[{"embeddable":true,"href":"https:\/\/www.europesays.com\/es\/wp-json\/wp\/v2\/users\/2"}],"replies":[{"embeddable":true,"href":"https:\/\/www.europesays.com\/es\/wp-json\/wp\/v2\/comments?post=744084"}],"version-history":[{"count":0,"href":"https:\/\/www.europesays.com\/es\/wp-json\/wp\/v2\/posts\/744084\/revisions"}],"wp:featuredmedia":[{"embeddable":true,"href":"https:\/\/www.europesays.com\/es\/wp-json\/wp\/v2\/media\/744085"}],"wp:attachment":[{"href":"https:\/\/www.europesays.com\/es\/wp-json\/wp\/v2\/media?parent=744084"}],"wp:term":[{"taxonomy":"category","embeddable":true,"href":"https:\/\/www.europesays.com\/es\/wp-json\/wp\/v2\/categories?post=744084"},{"taxonomy":"post_tag","embeddable":true,"href":"https:\/\/www.europesays.com\/es\/wp-json\/wp\/v2\/tags?post=744084"}],"curies":[{"name":"wp","href":"https:\/\/api.w.org\/{rel}","templated":true}]}}