{"id":744092,"date":"2026-09-02T14:11:12","date_gmt":"2026-09-02T14:11:12","guid":{"rendered":"https:\/\/www.europesays.com\/es\/744092\/"},"modified":"2026-09-02T14:11:12","modified_gmt":"2026-09-02T14:11:12","slug":"mas-de-180-figuras-de-hollywood-apoyan-a-mark-ruffalo-tras-las-acusaciones-de-antisemitismo-de-paramount","status":"publish","type":"post","link":"https:\/\/www.europesays.com\/es\/744092\/","title":{"rendered":"M\u00e1s de 180 figuras de Hollywood apoyan a Mark Ruffalo tras las acusaciones de antisemitismo de Paramount"},"content":{"rendered":"<p class=\"ft-text\">M\u00e1s de 180 figuras de la industria, entre actores, directores y celebridades jud\u00edas, firmaron una carta en defensa del actor estadounidense Mark Ruffalo, tras las acusaciones de <strong>antisemitismo de Paramount, despu\u00e9s de que el int\u00e9rprete criticara la pol\u00e9mica fusi\u00f3n con Warner Bros. Discovery<\/strong> (WBD, en ingles).<\/p>\n<p class=\"ft-text\">\u00abCalificar a Mark Ruffalo de antisemita por cuestionar una fusi\u00f3n corporativa masiva no solo es absurdo, sino que es una forma peligrosa de silenciar la cr\u00edtica leg\u00edtima\u00bb, reza la carta, a la que ha tenido acceso este martes la revista Variety.<\/p>\n<p class=\"ft-text\">En el documento Ruffalo obtuvo el respaldo de figuras de peso de Hollywood como<strong> Joaquin Phoenix, Todd Haynes o la actriz Hannah Einbinder <\/strong>(&#8216;Hacks&#8217;), una de las voces m\u00e1s cr\u00edticas de la industria en posicionarse contra la intervenci\u00f3n de Israel sobre el territorio palestino.<\/p>\n<p class=\"ft-text\"><strong>\u00abBasta ya de instrumentalizar de forma falsa y peligrosa las acusaciones de antisemitismo contra quienes tienen el valor de se\u00f1alar lo obvio: que el ataque contra el pueblo palestino y el ataque contra nuestras libertades<\/strong> en casa est\u00e1n profundamente interconectados, y que no hay nada de antisemita en reconocer ese hecho\u00bb, agrega el escrito, seg\u00fan recoge Efe. <\/p>\n<p class=\"ft-text\">El documento tambi\u00e9n critica la transacci\u00f3n entre Paramount y WBD, que va m\u00e1s all\u00e1 de \u00abuna simple combinaci\u00f3n de dos enormes multinacionales. S\u00ed, destruir\u00e1 miles y miles de puestos de trabajo. S\u00ed, consolidar\u00e1 a\u00fan m\u00e1s el control olig\u00e1rquico de nuestros medios de comunicaci\u00f3n.<strong> S\u00ed, ahogar\u00e1 la competencia y la creatividad en la producci\u00f3n y distribuci\u00f3n de cine y televisi\u00f3n\u00bb, indicaron los firmantes.<\/strong><\/p>\n<p class=\"ft-text\">\u00abEl camino de la IA hacia WarnerMount (acr\u00f3nimo de Warner y Paramount) pasa por Gaza, y Ellison (familia propietaria del conglomerado de medios) nos ha dejado claro en repetidas ocasiones el mundo orwelliano que nos tiene reservado mientras consolida el control sobre lo que vemos y c\u00f3mo lo vemos, sabiendo que mientras miramos, \u00e9l y su corrupta camarilla siempre nos estar\u00e1n vigilando\u00bb, sentencia la carta.<\/p>\n<p class=\"ft-text\">La controversia entre Ruffalo y el conglomerado de medios comenz\u00f3 cuando el actor critic\u00f3 p\u00fablicamente la macrofusi\u00f3n propuesta entre Paramount y WBD, <strong>una operaci\u00f3n colosal valorada en unos 111.000 millones de d\u00f3lares, pero tambi\u00e9n acus\u00f3 a la familia Ellison de ser c\u00f3mplices del \u00abgenocidio\u00bb contra los palestinos.<\/strong><\/p>\n<p class=\"ft-text\">En respuesta, un portavoz de Paramount acus\u00f3 a Ruffalo de recurrir a \u00abt\u00f3picos antisemitas\u00bb con el pretexto de resolver una disputa comercial.<\/p>\n","protected":false},"excerpt":{"rendered":"M\u00e1s de 180 figuras de la industria, entre actores, directores y celebridades jud\u00edas, firmaron una carta en defensa&hellip;\n","protected":false},"author":2,"featured_media":744093,"comment_status":"","ping_status":"","sticky":false,"template":"","format":"standard","meta":{"footnotes":""},"categories":[174],"tags":[14797,3588,77404,255,146,147,25,24,367,256,10115,694,1505,21665,23],"class_list":["post-744092","post","type-post","status-publish","format-standard","has-post-thumbnail","category-famosos","tag-14797","tag-antisemitismo","tag-apoyan","tag-celebrities","tag-entertainment","tag-entretenimiento","tag-es","tag-espana","tag-familia","tag-famosos","tag-figuras","tag-gaza","tag-hollywood","tag-mark","tag-spain"],"share_on_mastodon":{"url":"https:\/\/pubeurope.com\/@es\/117201855425176008","error":""},"_links":{"self":[{"href":"https:\/\/www.europesays.com\/es\/wp-json\/wp\/v2\/posts\/744092","targetHints":{"allow":["GET"]}}],"collection":[{"href":"https:\/\/www.europesays.com\/es\/wp-json\/wp\/v2\/posts"}],"about":[{"href":"https:\/\/www.europesays.com\/es\/wp-json\/wp\/v2\/types\/post"}],"author":[{"embeddable":true,"href":"https:\/\/www.europesays.com\/es\/wp-json\/wp\/v2\/users\/2"}],"replies":[{"embeddable":true,"href":"https:\/\/www.europesays.com\/es\/wp-json\/wp\/v2\/comments?post=744092"}],"version-history":[{"count":0,"href":"https:\/\/www.europesays.com\/es\/wp-json\/wp\/v2\/posts\/744092\/revisions"}],"wp:featuredmedia":[{"embeddable":true,"href":"https:\/\/www.europesays.com\/es\/wp-json\/wp\/v2\/media\/744093"}],"wp:attachment":[{"href":"https:\/\/www.europesays.com\/es\/wp-json\/wp\/v2\/media?parent=744092"}],"wp:term":[{"taxonomy":"category","embeddable":true,"href":"https:\/\/www.europesays.com\/es\/wp-json\/wp\/v2\/categories?post=744092"},{"taxonomy":"post_tag","embeddable":true,"href":"https:\/\/www.europesays.com\/es\/wp-json\/wp\/v2\/tags?post=744092"}],"curies":[{"name":"wp","href":"https:\/\/api.w.org\/{rel}","templated":true}]}}