{"id":744110,"date":"2026-09-02T14:23:15","date_gmt":"2026-09-02T14:23:15","guid":{"rendered":"https:\/\/www.europesays.com\/es\/744110\/"},"modified":"2026-09-02T14:23:15","modified_gmt":"2026-09-02T14:23:15","slug":"erdogan-asegura-que-el-acercamiento-de-turkiye-a-la-ocs-no-supone-abandonar-a-occidente","status":"publish","type":"post","link":"https:\/\/www.europesays.com\/es\/744110\/","title":{"rendered":"Erdogan asegura que el acercamiento de T\u00fcrkiye a la OCS no supone abandonar a Occidente"},"content":{"rendered":"<p textalign=\"\" class=\"\">Los esfuerzos de T\u00fcrkiye por convertirse en miembro de la Organizaci\u00f3n de Cooperaci\u00f3n de Shangh\u00e1i (OCS) no significan dar la espalda a Occidente, afirm\u00f3 este mi\u00e9rcoles el presidente turco Recep Tayyip Erdogan.<\/p>\n<p textalign=\"justify\" class=\"\">A bordo del avi\u00f3n presidencial, durante su regreso de la Cumbre de Jefes de Estado de la OCS celebrada en Biskek, Kirguist\u00e1n, Erdogan defendi\u00f3 una pol\u00edtica exterior amplia y abierta a distintas alianzas.<\/p>\n<p textalign=\"justify\" class=\"\">\u00abNuestro objetivo es aumentar nuestro propio peso con una visi\u00f3n de 360 grados\u00bb, afirm\u00f3.<\/p>\n<p>Sobre la guerra entre Rusia y Ucrania<\/p>\n<p textalign=\"justify\" class=\"\">Sobre la guerra entre Rusia y Ucrania, Erdogan se\u00f1al\u00f3 que tanto \u00e9l como el presidente ruso, Vladimir Putin, quieren que el conflicto termine en paz lo antes posible.<\/p>\n<p textalign=\"justify\" class=\"\">Tambi\u00e9n subray\u00f3 la importancia de proteger el transporte mar\u00edtimo civil en el mar Negro y advirti\u00f3 de que los combates no deben llegar a un punto en el que pongan en peligro la seguridad de los civiles y la actividad comercial.<\/p>\n<p textalign=\"justify\" class=\"\">Erdogan alert\u00f3 adem\u00e1s de que una nueva crisis de cereales est\u00e1 volviendo a emerger, especialmente en \u00c1frica, y consider\u00f3 conveniente poner en marcha una iniciativa antes de que el problema se agrave.\u00a0<\/p>\n<p>El programa F-35 y el caza KAAN<\/p>\n<p textalign=\"left\" class=\"\">En materia de defensa, Erdogan afirm\u00f3 que T\u00fcrkiye contin\u00faa negociando su reincorporaci\u00f3n al programa de cazas F-35.<\/p>\n<p textalign=\"justify\" class=\"\">\u00abContinuamos nuestras conversaciones para la reincorporaci\u00f3n de T\u00fcrkiye al programa. Una vez que concluyan los procesos en Estados Unidos, este asunto quedar\u00e1 atr\u00e1s\u00bb, afirm\u00f3.<\/p>\n<p textalign=\"justify\" class=\"\">Al mismo tiempo, el presidente insisti\u00f3 en que Ankara seguir\u00e1 desarrollando sus propias capacidades de defensa.<\/p>\n<p textalign=\"justify\" class=\"\">\u00abNo renunciamos al KAAN ni al desarrollo de nuestros propios sistemas de defensa a\u00e9rea. Estamos aumentando las opciones de T\u00fcrkiye. Esta es la hoja de ruta de una T\u00fcrkiye fuerte\u00bb, afirm\u00f3.<\/p>\n<p><a data-link-preview=\"\" href=\"https:\/\/www.trtespanol.com\/article\/5cd860e5d68a\" target=\"_blank\" rel=\"noopener noreferrer nofollow\" dir=\"ltr\" class=\"relative flex w-full px-4 py-3 flex-col items-start gap-6 rounded bg-[#F1F1F1] border-l-0 transition-all duration-200 ease-in-out box-border mb-4 hover:bg-[#F9F9F9] hover:shadow-[0_4px_6px_-1px_rgba(0,0,0,0.1),0_-4px_6px_-1px_rgba(0,0,0,0.06),4px_0_6px_-1px_rgba(0,0,0,0.06)] focus:bg-[#F9F9F9] focus:shadow-[0_4px_6px_-1px_rgba(0,0,0,0.1),0_-4px_6px_-1px_rgba(0,0,0,0.06),4px_0_6px_-1px_rgba(0,0,0,0.06)] before:content-[&quot;&quot;] before:absolute before:left-0 before:top-0 before:bottom-0 before:w-[3px] before:rounded-l-md before:bg-[#01ABD9]\"><img decoding=\"async\" class=\"flex justify-center items-center rounded-md !w-20 !h-20 aspect-square flex-shrink-0 sm:rounded md:rounded-md lg:!w-[84px] lg:!h-[84px] lg:rounded xl:rounded-md\" src=\"https:\/\/www.europesays.com\/es\/wp-content\/uploads\/2026\/09\/06dbd2f2-fecc-403f-9458-8078e73a167f-1788246729673.jpg\"\/><\/p>\n<p>Relacionado<\/p>\n<p><\/a>El pacto de defensa de La Meca<\/p>\n<p textalign=\"justify\" class=\"\">Sobre la Alianza de Defensa de La Meca, Erdogan afirm\u00f3 que el acuerdo se cre\u00f3 para impulsar la estabilidad y la seguridad en la regi\u00f3n.<\/p>\n<p textalign=\"justify\" class=\"\">\u00abContinuaremos nuestro camino junto a nuestros hermanos, fortaleci\u00e9ndonos\u00bb, afirm\u00f3.<\/p>\n<p>Grecia y las islas desmilitarizadas<\/p>\n","protected":false},"excerpt":{"rendered":"Los esfuerzos de T\u00fcrkiye por convertirse en miembro de la Organizaci\u00f3n de Cooperaci\u00f3n de Shangh\u00e1i (OCS) no significan&hellip;\n","protected":false},"author":2,"featured_media":744111,"comment_status":"","ping_status":"","sticky":false,"template":"","format":"standard","meta":{"footnotes":""},"categories":[42],"tags":[17,18,13,14,11,61,62,63,64,19,20,9,10,15,16,12,21,22,65,66,67],"class_list":["post-744110","post","type-post","status-publish","format-standard","has-post-thumbnail","category-internacional","tag-breaking-news","tag-breakingnews","tag-featured-news","tag-featurednews","tag-headlines","tag-internacional","tag-international","tag-international-news","tag-internationalnews","tag-latest-news","tag-latestnews","tag-news","tag-noticias","tag-noticias-destacadas","tag-noticiasdestacadas","tag-titulares","tag-ultimas-noticias","tag-ultimasnoticias","tag-world","tag-world-news","tag-worldnews"],"share_on_mastodon":{"url":"https:\/\/pubeurope.com\/@es\/117201903176982118","error":""},"_links":{"self":[{"href":"https:\/\/www.europesays.com\/es\/wp-json\/wp\/v2\/posts\/744110","targetHints":{"allow":["GET"]}}],"collection":[{"href":"https:\/\/www.europesays.com\/es\/wp-json\/wp\/v2\/posts"}],"about":[{"href":"https:\/\/www.europesays.com\/es\/wp-json\/wp\/v2\/types\/post"}],"author":[{"embeddable":true,"href":"https:\/\/www.europesays.com\/es\/wp-json\/wp\/v2\/users\/2"}],"replies":[{"embeddable":true,"href":"https:\/\/www.europesays.com\/es\/wp-json\/wp\/v2\/comments?post=744110"}],"version-history":[{"count":0,"href":"https:\/\/www.europesays.com\/es\/wp-json\/wp\/v2\/posts\/744110\/revisions"}],"wp:featuredmedia":[{"embeddable":true,"href":"https:\/\/www.europesays.com\/es\/wp-json\/wp\/v2\/media\/744111"}],"wp:attachment":[{"href":"https:\/\/www.europesays.com\/es\/wp-json\/wp\/v2\/media?parent=744110"}],"wp:term":[{"taxonomy":"category","embeddable":true,"href":"https:\/\/www.europesays.com\/es\/wp-json\/wp\/v2\/categories?post=744110"},{"taxonomy":"post_tag","embeddable":true,"href":"https:\/\/www.europesays.com\/es\/wp-json\/wp\/v2\/tags?post=744110"}],"curies":[{"name":"wp","href":"https:\/\/api.w.org\/{rel}","templated":true}]}}