{"id":744122,"date":"2026-09-02T14:34:16","date_gmt":"2026-09-02T14:34:16","guid":{"rendered":"https:\/\/www.europesays.com\/es\/744122\/"},"modified":"2026-09-02T14:34:16","modified_gmt":"2026-09-02T14:34:16","slug":"chema-aragon-director-deportivo-del-racing-sobre-las-cifras-del-traspaso-de-pablo-garcia-no-es-la-cantidad-ni-mucho-menos-que-se-ha-dicho","status":"publish","type":"post","link":"https:\/\/www.europesays.com\/es\/744122\/","title":{"rendered":"Chema Arag\u00f3n, director deportivo del Racing, sobre las cifras del traspaso de Pablo Garc\u00eda: \u00abNo es la cantidad, ni mucho menos, que se ha dicho\u00bb"},"content":{"rendered":"<p style=\"\"><strong>Pablo Garc\u00eda<\/strong> se ha marchado traspasado al <strong>Racing de Santander<\/strong>. El canterano abandon\u00f3 entre l\u00e1grimas anoche la ciudad deportiva tras confirmarse que sal\u00eda definitivamente del <strong>Betis<\/strong> y ya se encuentra en Santander tras haber abandonado esta ma\u00f1ana Sevilla. Los dos clubes compartir\u00e1n  &#8230; la propiedad del delantero, pero el futbolista competir\u00e1 con el cuadro c\u00e1ntabro, con el que se ha comprometido hasta 2030. <strong>Chema Arag\u00f3n<\/strong>, director deportivo del Racing, ha valorado este mi\u00e9rcoles durante la presentaci\u00f3n de Iker Luque, c\u00f3mo ha sido la negociaci\u00f3n y se ha gestado la llegada de Pablo Garc\u00eda a El Sardinero. <\/p>\n<p class=\"v-d-p\" style=\"\">\u00abParec\u00eda que estaba hecho con el Arsenal y, entonces, entr\u00e1bamos nosotros tambi\u00e9n como cedido\u00bb, comenzaba explicando. \u00abEn el d\u00eda de ayer cambian las cosas y lo que parec\u00eda que iba ser una cesi\u00f3n se convierte en una operaci\u00f3n en propiedad compartida. <strong>No es la cantidad, ni mucho menos que se ha dicho all\u00ed<\/strong>, no voy a decir la cantidad como sab\u00e9is\u00bb, agregaba.<\/p>\n<p class=\"v-d-p\" style=\"\">Adem\u00e1s, sobre el delantero asegur\u00f3 que <strong>\u00ablo defino de siempre, desde que lo conozco como Ra\u00fal Gonz\u00e1lez Blanco\u00bb.<\/strong> \u00abTiene por encima de todo gol, ese veneno, esa intuici\u00f3n. La suele meter. Me preocupaba que la lesi\u00f3n de Andr\u00e9s (Mart\u00edn) perdi\u00e9ramos gol. Cuando nos ha aparecido la oportunidad de hacernos con el futbolista, no hemos tenido ning\u00fan tipo de duda\u00bb, a\u00f1ad\u00eda. <\/p>\n","protected":false},"excerpt":{"rendered":"Pablo Garc\u00eda se ha marchado traspasado al Racing de Santander. El canterano abandon\u00f3 entre l\u00e1grimas anoche la ciudad&hellip;\n","protected":false},"author":2,"featured_media":744123,"comment_status":"","ping_status":"","sticky":false,"template":"","format":"standard","meta":{"footnotes":""},"categories":[268],"tags":[4499,3131,86415,687,168,412,8641,411,25,24,280,282,3142,618,2707,57,281,23,167,9038],"class_list":["post-744122","post","type-post","status-publish","format-standard","has-post-thumbnail","category-futbol","tag-aragon","tag-cantidad","tag-chema","tag-cifras","tag-deportes","tag-deportivo","tag-dicho","tag-director","tag-es","tag-espana","tag-football","tag-futbol","tag-garcia","tag-pablo","tag-racing","tag-sobre","tag-soccer","tag-spain","tag-sports","tag-traspaso"],"share_on_mastodon":{"url":"https:\/\/pubeurope.com\/@es\/117201945501677468","error":""},"_links":{"self":[{"href":"https:\/\/www.europesays.com\/es\/wp-json\/wp\/v2\/posts\/744122","targetHints":{"allow":["GET"]}}],"collection":[{"href":"https:\/\/www.europesays.com\/es\/wp-json\/wp\/v2\/posts"}],"about":[{"href":"https:\/\/www.europesays.com\/es\/wp-json\/wp\/v2\/types\/post"}],"author":[{"embeddable":true,"href":"https:\/\/www.europesays.com\/es\/wp-json\/wp\/v2\/users\/2"}],"replies":[{"embeddable":true,"href":"https:\/\/www.europesays.com\/es\/wp-json\/wp\/v2\/comments?post=744122"}],"version-history":[{"count":0,"href":"https:\/\/www.europesays.com\/es\/wp-json\/wp\/v2\/posts\/744122\/revisions"}],"wp:featuredmedia":[{"embeddable":true,"href":"https:\/\/www.europesays.com\/es\/wp-json\/wp\/v2\/media\/744123"}],"wp:attachment":[{"href":"https:\/\/www.europesays.com\/es\/wp-json\/wp\/v2\/media?parent=744122"}],"wp:term":[{"taxonomy":"category","embeddable":true,"href":"https:\/\/www.europesays.com\/es\/wp-json\/wp\/v2\/categories?post=744122"},{"taxonomy":"post_tag","embeddable":true,"href":"https:\/\/www.europesays.com\/es\/wp-json\/wp\/v2\/tags?post=744122"}],"curies":[{"name":"wp","href":"https:\/\/api.w.org\/{rel}","templated":true}]}}