{"id":744124,"date":"2026-09-02T14:35:32","date_gmt":"2026-09-02T14:35:32","guid":{"rendered":"https:\/\/www.europesays.com\/es\/744124\/"},"modified":"2026-09-02T14:35:32","modified_gmt":"2026-09-02T14:35:32","slug":"mario-vaquerizo-sobre-su-fe-cristiana-soy-creyente-y-todas-las-noches-rezo-voy-a-misa-siempre-que-puedo-y-comulgar-me-hace-sentir-paz","status":"publish","type":"post","link":"https:\/\/www.europesays.com\/es\/744124\/","title":{"rendered":"Mario Vaquerizo, sobre su fe cristiana: \u00abSoy creyente y todas las noches rezo. Voy a misa siempre que puedo y comulgar me hace sentir paz\u00bb"},"content":{"rendered":"<p><img decoding=\"async\" class=\"v-ath__i\" loading=\"lazy\" src=\"https:\/\/www.europesays.com\/es\/wp-content\/uploads\/2026\/09\/autor-7520-foto-1.jpeg\" alt=\"Francisco J. Jurado\"\/><\/p>\n<p>02\/09\/2026 a las 12:40h.<\/p>\n<p class=\"v-d-p\" style=\"\">La religi\u00f3n ha dejado de ser un tab\u00fa entre las celebridades y famosos de Espa\u00f1a. Cada vez son m\u00e1s las figuras populares que se atreven a hablar de su fe y muestran su lado m\u00e1s personal y espiritual.<\/p>\n<p class=\"v-d-p\" style=\"\">Uno de ellos es el cantante Mario Vaquerizo, que nunca ha ocultado su fe cristiana, pero que volvi\u00f3 a reivindicarla a\u00fan m\u00e1s tras ver al Papa Le\u00f3n XIV durante su visita a Espa\u00f1a en junio de este a\u00f1o.<\/p>\n<p class=\"v-d-p\" style=\"\">El Pont\u00edfice pas\u00f3 seis d\u00edas en nuestro pa\u00eds, donde visit\u00f3 Madrid, Barcelona y las islas Canarias. Se trat\u00f3 de un viaje que ten\u00eda pendiente su predecesor, el Papa Francisco, y que cont\u00f3 con una enorme acogida en todos los lugares por los que se desplaz\u00f3.<\/p>\n<p>\nMario Vaquerizo, sobre su fe cristiana\n<\/p>\n<p class=\"v-d-p\" style=\"\">En una entrevista en &#8216;El Hormiguero&#8217;, el cantante habl\u00f3 del momento en el que pudo ver al Pont\u00edfice: \u00abEstoy bendecido. Lo vi de cerca y es la primera vez que me invitan como representante de la cultura. La Iglesia me reconoce como cultura y entretenimiento. Ver al Papa fue como ver a un santo. Vengo muy tocado porque sent\u00ed muy buena energ\u00eda con \u00e9l\u00bb.<\/p>\n<p class=\"v-d-p\" style=\"\">El artista tambi\u00e9n valor\u00f3 el discurso de Le\u00f3n XIV durante su visita. \u00abHay que bajar un poco el tono en los tiempos tan crispados que tenemos. Lo que queremos para uno lo queremos para los dem\u00e1s\u00bb, asegura.<\/p>\n<p class=\"v-d-p\" style=\"\">En este sentido, Mario Vaquerizo sostiene que \u00abla doctrina cristiana es la que debemos seguir todos\u00bb. \u00abFue como ver a un santo. Vine un poco tocado porque sent\u00ed muy buenas vibraciones. Me dio la mano y me mir\u00f3 a los ojos, estoy bendecido\u00bb, recalca.<\/p>\n<p class=\"v-d-p\" style=\"\">En 2024 interpret\u00f3 a una monja, sor Juanita, en la pel\u00edcula &#8216;La reina del convento&#8217;. Con motivo de la promoci\u00f3n del filme, Vaquerizo habl\u00f3 con la revista Pronto sobre su relaci\u00f3n con la fe: \u00abEs una relaci\u00f3n diaria y muy instaurada. Yo soy creyente y todas las noches rezo para pedir salud a toda la gente que quiero y conozco\u00bb.<\/p>\n<ul class=\"v-cmp-rld__u\">\n<li class=\"v-cmp-rld__l\">\n<p><a class=\"v-a-lnk\" href=\"http:\/\/www.abc.es\/sociedad\/famosos-catolicos-esconde-20260605015040-nt.html#vtm_modulosEngag=noticiasrelacionadas-cmp-uno:gente:noticia:1\" data-voc-vtm-id=\"in-text-traffic\" rel=\"nofollow noopener\" target=\"_blank\"><br \/>\n<img decoding=\"async\" loading=\"lazy\" src=\"https:\/\/www.europesays.com\/es\/wp-content\/uploads\/2026\/09\/patricia-pardo-kWeD--366x256@diario_abc.jpg\" class=\"v-a-img\" width=\"258\" height=\"180\" alt=\"Famosos y cat\u00f3licos: \u00abLa fe no se esconde\u00bb\"\/><br \/>\n                                      <\/a><\/p>\n<p>Texto: Pablo Amigo | V\u00eddeo: David del R\u00edo, Javier Nadales, Juan Bitri\u00e1n, Samuel Gonz\u00e1lez y \u00c1lvaro Rinc\u00f3n<\/p>\n<\/li>\n<\/ul>\n<p class=\"v-d-p\" style=\"\">El cantante tambi\u00e9n explica que va a misa. \u00abVoy siempre que puedo y comulgar me hace sentir paz. Tengo un lado espiritual muy desarrollado y que me salva la vida. Tengo fe cristiana y tambi\u00e9n tengo fe en el amor, en la amistad y en la familia\u00bb, concluye.<\/p>\n","protected":false},"excerpt":{"rendered":"02\/09\/2026 a las 12:40h. La religi\u00f3n ha dejado de ser un tab\u00fa entre las celebridades y famosos de&hellip;\n","protected":false},"author":2,"featured_media":744125,"comment_status":"","ping_status":"","sticky":false,"template":"","format":"standard","meta":{"footnotes":""},"categories":[174],"tags":[255,132017,132015,90600,146,147,25,24,256,656,12360,11224,11506,1685,132016,15122,369,57,23,27728],"class_list":["post-744124","post","type-post","status-publish","format-standard","has-post-thumbnail","category-famosos","tag-celebrities","tag-comulgar","tag-creyente","tag-cristiana","tag-entertainment","tag-entretenimiento","tag-es","tag-espana","tag-famosos","tag-mario","tag-misa","tag-noches","tag-paz","tag-puedo","tag-rezo","tag-sentir","tag-siempre","tag-sobre","tag-spain","tag-vaquerizo"],"share_on_mastodon":{"url":"https:\/\/pubeurope.com\/@es\/117201951123261545","error":""},"_links":{"self":[{"href":"https:\/\/www.europesays.com\/es\/wp-json\/wp\/v2\/posts\/744124","targetHints":{"allow":["GET"]}}],"collection":[{"href":"https:\/\/www.europesays.com\/es\/wp-json\/wp\/v2\/posts"}],"about":[{"href":"https:\/\/www.europesays.com\/es\/wp-json\/wp\/v2\/types\/post"}],"author":[{"embeddable":true,"href":"https:\/\/www.europesays.com\/es\/wp-json\/wp\/v2\/users\/2"}],"replies":[{"embeddable":true,"href":"https:\/\/www.europesays.com\/es\/wp-json\/wp\/v2\/comments?post=744124"}],"version-history":[{"count":0,"href":"https:\/\/www.europesays.com\/es\/wp-json\/wp\/v2\/posts\/744124\/revisions"}],"wp:featuredmedia":[{"embeddable":true,"href":"https:\/\/www.europesays.com\/es\/wp-json\/wp\/v2\/media\/744125"}],"wp:attachment":[{"href":"https:\/\/www.europesays.com\/es\/wp-json\/wp\/v2\/media?parent=744124"}],"wp:term":[{"taxonomy":"category","embeddable":true,"href":"https:\/\/www.europesays.com\/es\/wp-json\/wp\/v2\/categories?post=744124"},{"taxonomy":"post_tag","embeddable":true,"href":"https:\/\/www.europesays.com\/es\/wp-json\/wp\/v2\/tags?post=744124"}],"curies":[{"name":"wp","href":"https:\/\/api.w.org\/{rel}","templated":true}]}}