{"id":744126,"date":"2026-09-02T14:39:17","date_gmt":"2026-09-02T14:39:17","guid":{"rendered":"https:\/\/www.europesays.com\/es\/744126\/"},"modified":"2026-09-02T14:39:17","modified_gmt":"2026-09-02T14:39:17","slug":"suenos-de-libertad-avance-del-capitulo-de-hoy-miercoles-2-de-septiembre-beatriz-entrega-a-gabriel-las-comprometedoras-fotos-de-begona-y-andres","status":"publish","type":"post","link":"https:\/\/www.europesays.com\/es\/744126\/","title":{"rendered":"&#8216;Sue\u00f1os de libertad&#8217;, avance del cap\u00edtulo de hoy mi\u00e9rcoles 2 de septiembre: Beatriz entrega a Gabriel las comprometedoras fotos de Bego\u00f1a y Andr\u00e9s"},"content":{"rendered":"<p class=\"ft-text ft-helper-closenews\">Antena 3 emite este mi\u00e9rcoles 2 de septiembre, a las <strong>15:45 horas<\/strong>, el cap\u00edtulo 639 de &#8216;Sue\u00f1os de libertad&#8217;, tambi\u00e9n disponible en Disney+ y Atresplayer. Gabriel exige a Bego\u00f1a que abandone su actitud y cuide de sus hijos, pero ella confiesa a Beatriz que necesita alejarse definitivamente de Andr\u00e9s. Sin embargo, ambos vuelven a coincidir en la colonia y Valentina presencia un gesto de complicidad entre ellos.<\/p>\n<p class=\"ft-text\">Marta decide responder a la campa\u00f1a de Brossard con una estrategia publicitaria desarrollada a espaldas de Gabriel. Para salvar los perfumes De la Reina, pide ayuda a Fina y las dos consiguen aparcar temporalmente sus problemas. La cercan\u00eda durante el trabajo provoca que <strong>Marta y Fina terminen bes\u00e1ndose<\/strong>, pese a las dudas que atraviesa su relaci\u00f3n.<\/p>\n<p class=\"ft-text\">Mientras Pablo entra en quir\u00f3fano despu\u00e9s de despedirse de su familia, Mabel cuenta a Nieves que ha roto con Salva. Ambas acuerdan ocult\u00e1rselo durante su recuperaci\u00f3n. Eduardo, por su parte, descubre que Dami\u00e1n ha renunciado a despedirlo despu\u00e9s de que Roque le revelara toda la verdad sobre su v\u00ednculo familiar.<\/p>\n<p class=\"ft-text\">Gabriel comprueba personalmente que los productos Brossard han regresado a la tienda y pone a prueba a Claudia. Poco despu\u00e9s, <strong>Beatriz le entrega las fotograf\u00edas de Bego\u00f1a y Andr\u00e9s<\/strong> y le revela lo sucedido durante su encuentro. Entretanto, los planes de Tasio y Paula para alquilar un piso se complican cuando Dami\u00e1n ordena a su hijo volver a la casa familiar sin admitir una negativa.<\/p>\n<p data-close=\"closedContent\" class=\"subscribeHideForDisplay\">Suscr\u00edbete para seguir leyendo<\/p>\n","protected":false},"excerpt":{"rendered":"Antena 3 emite este mi\u00e9rcoles 2 de septiembre, a las 15:45 horas, el cap\u00edtulo 639 de &#8216;Sue\u00f1os de&hellip;\n","protected":false},"author":2,"featured_media":744127,"comment_status":"","ping_status":"","sticky":false,"template":"","format":"standard","meta":{"footnotes":""},"categories":[171],"tags":[10903,2987,4040,7377,22296,7421,10515,132018,146,36,147,25,24,1016,35871,315,5085,295,1971,23,12108,214],"class_list":["post-744126","post","type-post","status-publish","format-standard","has-post-thumbnail","category-tv","tag-10903","tag-andres","tag-antena-3","tag-avance","tag-beatriz","tag-begona","tag-capitulo","tag-comprometedoras","tag-entertainment","tag-entrega","tag-entretenimiento","tag-es","tag-espana","tag-fotos","tag-gabriel","tag-hoy","tag-libertad","tag-miercoles","tag-septiembre","tag-spain","tag-suenos","tag-tv"],"share_on_mastodon":{"url":"https:\/\/pubeurope.com\/@es\/117201965356036483","error":""},"_links":{"self":[{"href":"https:\/\/www.europesays.com\/es\/wp-json\/wp\/v2\/posts\/744126","targetHints":{"allow":["GET"]}}],"collection":[{"href":"https:\/\/www.europesays.com\/es\/wp-json\/wp\/v2\/posts"}],"about":[{"href":"https:\/\/www.europesays.com\/es\/wp-json\/wp\/v2\/types\/post"}],"author":[{"embeddable":true,"href":"https:\/\/www.europesays.com\/es\/wp-json\/wp\/v2\/users\/2"}],"replies":[{"embeddable":true,"href":"https:\/\/www.europesays.com\/es\/wp-json\/wp\/v2\/comments?post=744126"}],"version-history":[{"count":0,"href":"https:\/\/www.europesays.com\/es\/wp-json\/wp\/v2\/posts\/744126\/revisions"}],"wp:featuredmedia":[{"embeddable":true,"href":"https:\/\/www.europesays.com\/es\/wp-json\/wp\/v2\/media\/744127"}],"wp:attachment":[{"href":"https:\/\/www.europesays.com\/es\/wp-json\/wp\/v2\/media?parent=744126"}],"wp:term":[{"taxonomy":"category","embeddable":true,"href":"https:\/\/www.europesays.com\/es\/wp-json\/wp\/v2\/categories?post=744126"},{"taxonomy":"post_tag","embeddable":true,"href":"https:\/\/www.europesays.com\/es\/wp-json\/wp\/v2\/tags?post=744126"}],"curies":[{"name":"wp","href":"https:\/\/api.w.org\/{rel}","templated":true}]}}