{"id":744146,"date":"2026-09-02T14:56:48","date_gmt":"2026-09-02T14:56:48","guid":{"rendered":"https:\/\/www.europesays.com\/es\/744146\/"},"modified":"2026-09-02T14:56:48","modified_gmt":"2026-09-02T14:56:48","slug":"estos-son-los-cortes-de-trafico-en-cordoba-para-la-llegada-de-la-vuelta-a-espana-el-proximo-domingo-6-de-septiembre","status":"publish","type":"post","link":"https:\/\/www.europesays.com\/es\/744146\/","title":{"rendered":"Estos son los cortes de tr\u00e1fico en C\u00f3rdoba para la llegada de la Vuelta a Espa\u00f1a el pr\u00f3ximo domingo 6 de septiembre"},"content":{"rendered":"<p class=\"ft-text\">El <strong>Ayuntamiento de C\u00f3rdoba<\/strong> ha publicado el <strong>plan de tr\u00e1fico, seguridad y movilidad<\/strong> de cara al pr\u00f3ximo <strong>domingo 6 de septiembre<\/strong>, cuando la <a class=\"ft-link ft-link--decoration\" href=\"https:\/\/www.diariocordoba.com\/cordoba-ciudad\/2026\/09\/02\/vuelta-espana-2026-llega-cordoba-133582536.html\" rel=\"nofollow noopener\" target=\"_blank\">Vuelta Ciclista a Espa\u00f1a recorre la ciudad<\/a>, donde tiene su meta la <a class=\"ft-link ft-link--decoration\" href=\"https:\/\/www.lavuelta.es\/es\/etapa-15\" rel=\"nofollow noopener\" target=\"_blank\">15\u00aa etapa de la competici\u00f3n<\/a>.<\/p>\n<p class=\"ft-text\">Esta decimoquinta etapa <strong>parte de Palma del R\u00edo a las 11.05 horas del pr\u00f3ximo domingo<\/strong>. La <strong>caravana<\/strong>, compuesta por los veh\u00edculos de la organizaci\u00f3n, patrocinadores y medios de comunicaci\u00f3n, <a class=\"ft-link ft-link--decoration\" href=\"https:\/\/www.diariocordoba.com\/cordoba-ciudad\/2026\/09\/01\/vas-ver-vuelta-espana-2026-cordoba-mejores-lugares-horario-peloton-133565419.html\" rel=\"nofollow noopener\" target=\"_blank\">entrar\u00e1 a C\u00f3rdoba desde la Sierra por la avenida del Brillante a las 16.14 horas<\/a>. Est\u00e1 previsto que <strong>el pelot\u00f3n lo haga a partir de las 17.01 horas<\/strong>, aunque se trata de algo orientativo, puesto que el mayor o menor ritmo de los ciclistas marcar\u00e1 el horario definitivo.<\/p>\n<p class=\"ft-text\">Una vez en la ciudad, <strong>el pelot\u00f3n recorrer\u00e1 algunas de las principales avenidas<\/strong>: <strong>Brillante, Piconeros, de la Igualdad, Carlos III, de Libia, Compositor Rafael Castro, Campo de la Verdad, de C\u00e1diz<\/strong> y, tras cruzar el r\u00edo Guadalquivir por el <strong>Puente de San Rafael<\/strong>, la victoria final se decidir\u00e1 en la <strong>avenida Vallellano<\/strong>, donde se sit\u00faa la meta.<\/p>\n<p><img decoding=\"async\" src=\"https:\/\/www.europesays.com\/es\/wp-content\/uploads\/2026\/09\/faecbe82-1058-4cad-a8f9-a78a72fe1936_alta-libre-aspect-ratio_default_0.jpg\" width=\"1200\" height=\"800\" alt=\"La llegada a C\u00f3rdoba de la Vuelta a Espa\u00f1a 2024, en im\u00e1genes\" class=\"ft-helper-img-rd\" loading=\"lazy\" fetchpriority=\"auto\"\/><\/p>\n<p class=\"ft-helper-fontColor-quaternary ft-helper-fontSize-body-S ft-helper-spacer-t-xxs\">Final de la etapa de la Vuelta a Espa\u00f1a en Vallellano, C\u00f3rdoba, en el a\u00f1o 2024.  \/ A. J. Gonz\u00e1lez<\/p>\n<p>Actuaciones previas durante el s\u00e1bado y la madrugada del domingo<\/p>\n<p class=\"ft-text\">Las <strong>primeras actuaciones<\/strong> comenzar\u00e1n el <strong>s\u00e1bado 5 de septiembre<\/strong>, cuando se retirar\u00e1n los veh\u00edculos mal aparcados en <strong>Rep\u00fablica Argentina<\/strong>, <strong>Paseo de la Victoria, Tom\u00e1s de Aquino y Vistalegre<\/strong>. El s\u00e1bado, a las 20.00 horas, se cerrar\u00e1 por completo la <strong>avenida Vallellano<\/strong> por labores log\u00edsticas. Los camiones, tr\u00e1ilers y otros veh\u00edculos pesados de la Vuelta llegar\u00e1n a las 22.00-23.00 horas del s\u00e1bado y, ya en la madrugada del domingo, quedar\u00e1 cerrada Rep\u00fablica Argentina, as\u00ed como el parking ubicado all\u00ed.<\/p>\n<p><img decoding=\"async\" src=\"https:\/\/www.europesays.com\/es\/wp-content\/uploads\/2026\/09\/0d95bed7-3867-4c03-918a-99f1dd81ccc0_alta-libre-aspect-ratio_default_0_x609y140.jpg\" width=\"1200\" height=\"415\" alt=\"Recorrido de la etapa entre Palma del R\u00edo y C\u00f3rdoba, en la Vuelta a Espa\u00f1a 2026.\" class=\"ft-helper-img-rd\" loading=\"lazy\" fetchpriority=\"auto\"\/><\/p>\n<p class=\"ft-helper-fontColor-quaternary ft-helper-fontSize-body-S ft-helper-spacer-t-xxs\">Recorrido de la etapa entre Palma del R\u00edo y C\u00f3rdoba, en la Vuelta a Espa\u00f1a 2026.  \/ Web de la Vuelta a Espa\u00f1a<\/p>\n<p class=\"ft-text\">A<strong> las 07.00 horas del domingo 6 de septiembre<\/strong>, d\u00eda de la carrera ciclista, se colocar\u00e1 la infraestructura de la meta, ba\u00f1os, contenedores, servicios m\u00e9dicos y otras infraestructuras. Est\u00e1 previsto que el montaje del vallado de los \u00faltimos metros, as\u00ed como la meta, queden finalizados a las 12.00 horas, momento en el que empezar\u00e1n a llegar los autobuses de los equipos a los aparcamientos habilitados. <\/p>\n<p>Cortes de tr\u00e1fico para el paso de la Vuelta a Espa\u00f1a por C\u00f3rdoba<\/p>\n<p class=\"ft-text\">El <strong>circuito de la meta y el conjunto de avenidas<\/strong> por las que pasar\u00e1 la prueba quedar\u00e1n <strong>cerrados al tr\u00e1fico a las 14.00 horas<\/strong>, momento en el que comenzar\u00e1n los desv\u00edos y cortes de tr\u00e1fico, puesto que unas dos horas despu\u00e9s llegar\u00e1 a la ciudad la caravana. Los <strong>puntos de cortes de tr\u00e1fico<\/strong>, en los que se ubicar\u00e1 la Polic\u00eda Local, y las actuaciones concretas que se realizar\u00e1n son los siguientes:<\/p>\n<ol class=\"ft-list ft-list--numbered\">\n<li class=\"ft-list__item\">CO-3405 con Glorieta acceso a Los Morales: Impedir acceso al itinerario salida por Vereda del Pretorio hacia Sansue\u00f1a.<\/li>\n<li class=\"ft-list__item\">Avd. Del Brillante con Calle Arquitecta Eileen Gray: Impedir acceso al itinerario Impedir acceso al itinerario salida por Vereda del Pretorio hacia Sansue\u00f1a.<\/li>\n<li class=\"ft-list__item\">Avd. Del Brillante con calle Quitapesares: Impedir acceso al itinerario, calle sin salida.<\/li>\n<li class=\"ft-list__item\">Avd. Del Brillante con Profesor Castilla del Pino: Impedir acceso al itinerario salida por Vereda del Pretorio hacia Sansue\u00f1a.<\/li>\n<li class=\"ft-list__item\">Avd. Del Brillante con Glorieta de Poeta Paredes: Impedir acceso al itinerario salida por La Salle hacia la Ronda.<\/li>\n<li class=\"ft-list__item\">Avd. Del Brillante con Poeta Alonso de Bonilla: Impedir acceso al itinerario salida por La Salle hacia la Ronda.<\/li>\n<li class=\"ft-list__item\">Avd. Del Brillante con Calle el Mayoral: Impedir acceso al itinerario salida por Can\u00f3nigo \u00c1lvaro Piza\u00f1o hacia Calasancio.<\/li>\n<li class=\"ft-list__item\">Avd. Del Brillante con Pasaje Platero Heredia: Impedir acceso al itinerario salida por La Salle hacia Platero Mart\u00ednez hacia Calasancio.<\/li>\n<li class=\"ft-list__item\">Avd. Del Brillante con Acera del Duende: Impedir acceso al itinerario, calle sin salida.<\/li>\n<li class=\"ft-list__item\">Avd. Del Brillante con Mudarra: Impedir acceso al itinerario, calle sin salida.<\/li>\n<li class=\"ft-list__item\">Avd. Del Brillante con calle San Juan de Dios: Impedir acceso al itinerario.<\/li>\n<li class=\"ft-list__item\">Avd. Del Brillante con acceso hospital San Juan de Dios: Impedir acceso al itinerario.<\/li>\n<li class=\"ft-list__item\">Avd. Del Brillante con Virgen del Valle: Impedir acceso al itinerario, calle sin salida.<\/li>\n<li class=\"ft-list__item\">Avd. Del Brillante con Avd de la Arruzafa, Impedir acceso al itinerario.<\/li>\n<li class=\"ft-list__item\">Avd. Del Brillante con Avd del Calasancio, Impedir el acceso al itinerario, salida por Alcalde Guzm\u00e1n Reina hacia Cruz de Ju\u00e1rez.<\/li>\n<li class=\"ft-list__item\">Avd. Del Brillante con Cardenal Portocarrero Junto a Farmacia B58,Impedir el acceso al itinerario, salida por Alcalde Guzm\u00e1n Reina hacia Cruz de Ju\u00e1rez.<\/li>\n<li class=\"ft-list__item\">Avd. Del Brillante con Teruel, Impedir el acceso al itinerario, salida por Manuel de Falla hacia Cruz de Ju\u00e1rez.<\/li>\n<li class=\"ft-list__item\">Avd. Del Brillante con Tenor Pedro La Virgen, Impedir el acceso al itinerario, salida hacia la Ronda.<\/li>\n<li class=\"ft-list__item\">Avd. Del Brillante con Colombia, Impedir el acceso al itinerario, salida por Colombia hacia Tenor Pedro La virgen.<\/li>\n<li class=\"ft-list__item\">Avd. Del Brillante con Gran Capit\u00e1n Impedir el acceso al itinerario, salida por Beatriz Enriques y vigilar vallado previo en Do\u00f1a Berenguela.<\/li>\n<li class=\"ft-list__item\">Al- Nasir con Cruz de Ju\u00e1rez, Impedir el acceso al itinerario, desviar por Plateros.<\/li>\n<li class=\"ft-list__item\">Al-Nasir con Ciudad de Nuremberg, Impedir el acceso al itinerario, impedir acceso a Al-Nasir y a Alonso el Sabio. Desviar hacia Almog\u00e1vares y Acera Fuente de la Salud.<\/li>\n<li class=\"ft-list__item\">Avd de Am\u00e9rica con Acera de Guerrita, Impedir acceso al itinerario, desviar Avd Am\u00e9rica hacia Avd. de Guerrita encauzando por al carril lateral de Diputaci\u00f3n con New Jersey.<\/li>\n<li class=\"ft-list__item\">Avd. de los Molinos con Acera de Guerrita, Impedir acceso al itinerario, desviar Avd. de los Molinos hacia avd de Guerrita.<\/li>\n<li class=\"ft-list__item\">Alonso el Sabio con Esperanza, Impedir acceso al itinerario, desviar con el carril de Almog\u00e1vares cuando sea posible.<\/li>\n<li class=\"ft-list__item\">Avd de los Almog\u00e1vares con v\u00eda de servicio, Impedir acceso al itinerario, a la altura del N\u00ba 19 desviar por la v\u00eda de servicio y encintar lo mas cercano del itinerario.<\/li>\n<li class=\"ft-list__item\">Carlos III frente Autoescuela S\u00e9neca,Impedir acceso al itinerario desviando por la v\u00eda de servicio.<\/li>\n<li class=\"ft-list__item\">Carlos III Fernando IV, Impedir acceso al itinerario desviando por la v\u00eda de servicio vigilar colocaci\u00f3n de las vallas salida por Glorieta Sargento Miguel \u00c1ngel Ayll\u00f3n.<\/li>\n<li class=\"ft-list__item\">Carlos III con Avd del Cairo,Impedir acceso al itinerario desviando por la v\u00eda de servicio vigilar colocaci\u00f3n de las vallas salida por Glorieta Sargento Miguel \u00c1ngel Ayll\u00f3n.<\/li>\n<li class=\"ft-list__item\">Carlos III con Hernando Juan Fern\u00e1ndez,Impedir acceso al itinerario desviando por la v\u00eda de servicio vigilar colocaci\u00f3n de las vallas salida por Glorieta Sargento Miguel \u00c1ngel Ayll\u00f3n.<\/li>\n<li class=\"ft-list__item\">Carlos III con CEIP Juan de Mena,Impedir acceso al itinerario desviando por la v\u00eda de servicio vigilar colocaci\u00f3n de las vallas salida por Glorieta Sargento Miguel \u00c1ngel Ayll\u00f3n.<\/li>\n<li class=\"ft-list__item\">Avd. Libia t\u00fanel de acceso de Carlos III Impedir el acceso al t\u00fanel de acceso a Carlos III desde Avd de Libia y Parking Carrefour,<\/li>\n<li class=\"ft-list__item\">N-IV con Gta. Louviere, Impedir acceso hacia Avd. de Libia, permitiendo hacia Carlos<\/li>\n<li class=\"ft-list__item\">Avd. de Libia con Periodista Pedro \u00c1lvarez ,Impedir acceso a la v\u00eda principal, desviando por la de servicio.<\/li>\n<li class=\"ft-list__item\">Avd de Libia con Escritor Tom\u00e1s S\u00e1nchez,Impedir acceso a la v\u00eda principal, desviando por la de servicio.<\/li>\n<li class=\"ft-list__item\">Avd de Libia con Cairo,Impedir acceso a la v\u00eda principal, desviando por la de servicio.<\/li>\n<li class=\"ft-list__item\">Avd de Libia con Padres Mohedano, Impedir acceso a la v\u00eda principal, desviando por la de servicio.<\/li>\n<li class=\"ft-list__item\">Avd de Libia con Conquistador Benito de Ba\u00f1os,Impedir acceso a la v\u00eda principal, desviando por Jes\u00fas Rescatado.<\/li>\n<li class=\"ft-list__item\">Avd de Libia con Pablo Ruiz Picasso, Impedir acceso a la v\u00eda principal, desviando por Ana Claro Fuentes.<\/li>\n<li class=\"ft-list__item\">Avd de Libia con Antequera, Impedir acceso a la v\u00eda principal, desviando por la de servicio.<\/li>\n<li class=\"ft-list__item\">Avd de Libia con avd Barcelona, Invertir la semi glorieta devolviendo los veh\u00edculos hacia Avd. Barcelona.<\/li>\n<li class=\"ft-list__item\">Avd de Libia con Virgen Milagrosa, Desviar hacia Virgen Milagrosa, colocando la valla con Pasaje Granadal y la de la principal de avd. de Libia y lo que provenga del parking ZAV.<\/li>\n<li class=\"ft-list__item\">Avd de Libia con Ronda de la Manca, Utilizando las vallas de C Murcia de la avd. de Libia desviar el tr\u00e1fico hacia Ronda de la Manca.<\/li>\n<li class=\"ft-list__item\">Campo Madre de Dios con Campo de San Ant\u00f3n,Colocar el vallado de Historiados Dom\u00ednguez Ortiz y desviar hac\u00eda all\u00ed Campo de San Ant\u00f3n.<\/li>\n<li class=\"ft-list__item\">N-IV con Calle Hernando de Magallanes,Impedir acceso a la principal y colocar vallas de calle Melilla calle Ceuta y Campo Madre de Dios.<\/li>\n<li class=\"ft-list__item\">N-IV con Avd de Nuestra Se\u00f1ora de la Fuensanta,Colocar las vallas de Pelagio con pasaje Fuensanta, comprobando que no est\u00e9n los bolardos y Ntra Se\u00f1ora de la Fuensanta.<\/li>\n<li class=\"ft-list__item\">N-IV con Calle Cuesta de la Polvora,Desviar Escritor Sebasti\u00e1n Cuevas hacia Cuesta de la P\u00f3lvora.<\/li>\n<li class=\"ft-list__item\">N-IV con Ronda de los M\u00e1rtires,Desviar hacia Paseo dela Ribera saliendo por Cruz del Rastro hacia Lucano.<\/li>\n<li class=\"ft-list__item\">Calle Periodista Ricardo Rodr\u00edguez con Escritor Sebastian Cuevas,Impedir acceso a la principal desviando por la v\u00eda de servicio.<\/li>\n<li class=\"ft-list__item\">Glorieta Juan Garc\u00eda D\u00edaz Juan\u00edn,Desviar el acceso de la autov\u00eda hacia la avd de las Lonjas.<\/li>\n<li class=\"ft-list__item\">Avd de la Diputaci\u00f3n con batalla de los Piconeros, Desviar por Acera de Granada o Batalla de los Piconeros indicado salida por carretera de Castro y Avd de C\u00e1diz.<\/li>\n<li class=\"ft-list__item\">Avd de C\u00e1diz con Calle Beato de Henares, impedir acceso a avd de C\u00e1diz.<\/li>\n<li class=\"ft-list__item\">Avd de Granada con Glorieta del Palo, Desviar hacia ctra de Granada.<\/li>\n<li class=\"ft-list__item\">Avd de C\u00e1diz con Plaza de Andaluc\u00eda, Desviar avd de C\u00e1diz hacia avd Granada.<\/li>\n<li class=\"ft-list__item\">Glorieta Avd Aeropuerto con Avd Gran V\u00eda Parque,Impedir acceso hacia Vallellano desviando hacia Gran v\u00eda Parque o Aeropuerto.<\/li>\n<li class=\"ft-list__item\">Cruz de Rastro con Paseo de la Ribera: Invertir Cruz del Rastro para dar salida por Lucano a la zona de Campo de la Verdad y Ribera.<\/li>\n<li class=\"ft-list__item\">Rep Argentina con Hiroshima: Corte de la v\u00eda principal desviando por la de servicio.<\/li>\n<li class=\"ft-list__item\">CO-3402 con calle de la Fuente del Elefante.<\/li>\n<li class=\"ft-list__item\">CO-3402 con Plaza de las Casitas del Bejarano.<\/li>\n<li class=\"ft-list__item\">CO-3402 con calle Veneros del Bejarano.<\/li>\n<li class=\"ft-list__item\">CO-3402 con Camino Caballera.<\/li>\n<\/ol>\n<p>Tres sectores de tr\u00e1fico y seguridad<\/p>\n<p class=\"ft-text\">Adem\u00e1s, hay que destacar que la operativa de seguridad y tr\u00e1fico del Ayuntamiento se desplegar\u00e1 en tres zonas sectorializadas:<\/p>\n<ul class=\"ft-list ft-list--primary\" data-aida-text=\"\">\n<li class=\"ft-list__item\">La <strong>zona 1<\/strong>, con la entrada por la zona norte de la ciudad, abarca el entorno de Trassierra hasta los Llanos del Pretorio.<\/li>\n<li class=\"ft-list__item\">La <strong>zona 2<\/strong> se ubica en Piconeros, Igualdad, Carlos III y avenida de Libia.<\/li>\n<li class=\"ft-list__item\">Finalmente, la <strong>zona 3<\/strong> engloba Campo Madre de Dios, Rafael Castro, Campo de la Verdad, avenida de C\u00e1diz, Puente de San Rafael y Corregidor-Vallellano.<\/li>\n<\/ul>\n","protected":false},"excerpt":{"rendered":"El Ayuntamiento de C\u00f3rdoba ha publicado el plan de tr\u00e1fico, seguridad y movilidad de cara al pr\u00f3ximo domingo&hellip;\n","protected":false},"author":2,"featured_media":744147,"comment_status":"","ping_status":"","sticky":false,"template":"","format":"standard","meta":{"footnotes":""},"categories":[273],"tags":[6832,313,2760,12706,312,168,1053,25,24,5808,8137,1971,2877,23,167,589,1357],"class_list":["post-744146","post","type-post","status-publish","format-standard","has-post-thumbnail","category-ciclismo","tag-6832","tag-ciclismo","tag-cordoba","tag-cortes","tag-cycling","tag-deportes","tag-domingo","tag-es","tag-espana","tag-llegada","tag-movilidad","tag-septiembre","tag-son","tag-spain","tag-sports","tag-trafico","tag-vuelta"],"share_on_mastodon":{"url":"https:\/\/pubeurope.com\/@es\/117202034164600311","error":""},"_links":{"self":[{"href":"https:\/\/www.europesays.com\/es\/wp-json\/wp\/v2\/posts\/744146","targetHints":{"allow":["GET"]}}],"collection":[{"href":"https:\/\/www.europesays.com\/es\/wp-json\/wp\/v2\/posts"}],"about":[{"href":"https:\/\/www.europesays.com\/es\/wp-json\/wp\/v2\/types\/post"}],"author":[{"embeddable":true,"href":"https:\/\/www.europesays.com\/es\/wp-json\/wp\/v2\/users\/2"}],"replies":[{"embeddable":true,"href":"https:\/\/www.europesays.com\/es\/wp-json\/wp\/v2\/comments?post=744146"}],"version-history":[{"count":0,"href":"https:\/\/www.europesays.com\/es\/wp-json\/wp\/v2\/posts\/744146\/revisions"}],"wp:featuredmedia":[{"embeddable":true,"href":"https:\/\/www.europesays.com\/es\/wp-json\/wp\/v2\/media\/744147"}],"wp:attachment":[{"href":"https:\/\/www.europesays.com\/es\/wp-json\/wp\/v2\/media?parent=744146"}],"wp:term":[{"taxonomy":"category","embeddable":true,"href":"https:\/\/www.europesays.com\/es\/wp-json\/wp\/v2\/categories?post=744146"},{"taxonomy":"post_tag","embeddable":true,"href":"https:\/\/www.europesays.com\/es\/wp-json\/wp\/v2\/tags?post=744146"}],"curies":[{"name":"wp","href":"https:\/\/api.w.org\/{rel}","templated":true}]}}