{"id":744168,"date":"2026-09-02T15:12:23","date_gmt":"2026-09-02T15:12:23","guid":{"rendered":"https:\/\/www.europesays.com\/es\/744168\/"},"modified":"2026-09-02T15:12:23","modified_gmt":"2026-09-02T15:12:23","slug":"el-coche-mas-vendido-de-espana-entra-al-mercado-hibrido-por-debajo-de-los-20-000-euros","status":"publish","type":"post","link":"https:\/\/www.europesays.com\/es\/744168\/","title":{"rendered":"El coche m\u00e1s vendido de Espa\u00f1a entra al mercado h\u00edbrido por debajo de los 20.000 euros"},"content":{"rendered":"<p><strong>Dacia abre los pedidos del nuevo Sandero Hybrid 155 con tecnolog\u00eda de origen nacional, etiqueta ECO y un consumo homologado de cuatro litros a los cien. <\/strong><\/p>\n<p id=\"p-rc_255eb8b6640c21a8-33\" data-path-to-node=\"2\">El utilitario rumano da el salto definitivo a la hibridaci\u00f3n completa con el inicio de los pedidos de su <strong>versi\u00f3n h\u00edbrida convencional de 155 CV<\/strong>, situando su tarifa inicial en <strong>19.890 euros<\/strong> y apuntando al liderazgo urbano.<\/p>\n<p id=\"p-rc_255eb8b6640c21a8-34\" data-path-to-node=\"3\">La incorporaci\u00f3n de la motorizaci\u00f3n autorrecargable de 155 CV al Sandero berlina consolida la estrategia de electrificaci\u00f3n de la firma. Tras arrancar las ventas en la variante Stepway, la carrocer\u00eda convencional adopta un esquema mec\u00e1nico de producci\u00f3n nacional que combina un motor de gasolina de 1,8 litros con dos motores el\u00e9ctricos. Las primeras entregas en los concesionarios est\u00e1n previstas para el \u00faltimo trimestre del a\u00f1o, marcando una cifra de consumo de 4,2 litros cada cien kil\u00f3metros y un precio que busca democratizar este tipo de tecnolog\u00eda.<\/p>\n<p><img decoding=\"async\" src=\"https:\/\/www.europesays.com\/es\/wp-content\/uploads\/2026\/09\/Dacia-Sandero_1.jpg\" alt=\"\" loading=\"lazy\"\/><br \/>\nUn conjunto mec\u00e1nico fabricado en Espa\u00f1a para la ciudad<\/p>\n<p id=\"p-rc_255eb8b6640c21a8-35\" data-path-to-node=\"5\">El nuevo esquema de propulsi\u00f3n combina un bloque atmosf\u00e9rico de gasolina de 1,8 litros con dos motores el\u00e9ctricos acoplados a una caja de cambios autom\u00e1tica sin embrague. Esta configuraci\u00f3n entrega una potencia conjunta de 155 CV y prioriza el <strong>arranque en modo exclusivamente el\u00e9ctrico<\/strong>.<\/p>\n<p data-path-to-node=\"5\">La gesti\u00f3n energ\u00e9tica recupera electricidad en las fases de desaceleraci\u00f3n y frenada regenerativa, permitiendo completar hasta el <strong>80% de los desplazamientos urbanos sin encender el motor t\u00e9rmico<\/strong>.<\/p>\n<p><img decoding=\"async\" src=\"https:\/\/www.europesays.com\/es\/wp-content\/uploads\/2026\/09\/Dacia-Sandero-Journey-2.jpg\" alt=\"\" loading=\"lazy\"\/><br \/>\nConsumos homologados y la catalogaci\u00f3n de la DGT<\/p>\n<p id=\"p-rc_255eb8b6640c21a8-36\" data-path-to-node=\"7\">En materia de eficiencia, el Sandero berlina Hybrid 155 homologa un<strong> gasto medio de 4,2 litros cada cien kil\u00f3metros<\/strong> bajo el ciclo WLTP y unas emisiones de CO2 de 96 gramos por kil\u00f3metro.<\/p>\n<p data-path-to-node=\"7\">Estas cifras le otorgan directamente la <strong>etiqueta ECO<\/strong> otorgada por la Direcci\u00f3n General de Tr\u00e1fico, lo que garantiza el libre acceso a las <a href=\"https:\/\/www.carwow.es\/zona-bajas-emisiones\" rel=\"nofollow noopener\" target=\"_blank\">zonas de bajas emisiones<\/a> de los n\u00facleos urbanos y ventajas en el estacionamiento regulado.<\/p>\n<p><img decoding=\"async\" src=\"https:\/\/www.europesays.com\/es\/wp-content\/uploads\/2026\/09\/DaciaSandero202341.jpg\" alt=\"\" loading=\"lazy\"\/><br \/>\nUna gama estructurada sin sorpresas comerciales<\/p>\n<p id=\"p-rc_255eb8b6640c21a8-37\" data-path-to-node=\"9\">La gama del modelo contempla varias opciones mec\u00e1nicas y tres niveles de acabado denominados Essential, Expression y Journey. La opci\u00f3n de acceso TCe de 100 CV arranca en 14.490 euros para el acabado Essential y alcanza los 15.490 euros en la versi\u00f3n Expression.<\/p>\n<p data-path-to-node=\"9\">Por su parte, la variante bifuel ECO-G de 120 CV parte de 15.490 euros en el acabado de acceso y sube a 16.490 euros en la terminaci\u00f3n intermedia, mientras que con caja autom\u00e1tica EDC se sit\u00faa entre 17.090 euros y 18.090 euros. El nuevo motor h\u00edbrido de 155 CV comercializa su versi\u00f3n Expression desde <strong>19.890 euros y el tope de gama Journey desde 20.890 euros<\/strong>.<\/p>\n<p><a class=\"btn btn-action\" href=\"https:\/\/carwow.es\/renting\" target=\"_blank\" rel=\"nofollow noopener\">TOP ofertas de renting del momento<\/a><br \/>\n<img decoding=\"async\" src=\"https:\/\/www.europesays.com\/es\/wp-content\/uploads\/2026\/09\/Dacia-Sandero-Journey-4.jpg\" alt=\"\" loading=\"lazy\"\/><br \/>\nEl impacto en el segmento B frente a sus rivales<\/p>\n<p data-path-to-node=\"11\">Con esta propuesta tarifaria, el modelo busca<strong> afianzar su posici\u00f3n comercial en el mercado europeo<\/strong>, donde acumula a\u00f1os como una de las opciones preferidas por los compradores particulares.<\/p>\n<p data-path-to-node=\"11\">Al situar el precio de partida de la variante h\u00edbrida por debajo de los 20.000 euros, la marca compite cara a cara contra alternativas del segmento utilitario, ofreciendo una cifra de potencia superior a la media de la categor\u00eda sin disparar el coste final de adquisici\u00f3n.<\/p>\n<p><a class=\"btn btn-action\" href=\"https:\/\/ofertas.carwow.es\/buying\/car-discovery\/price\" target=\"_blank\" rel=\"nofollow noopener\">Haz este test y encuentra tu coche ideal<\/a><\/p>\n<p>Sigue a Carwow y no te pierdas nada<\/p>\n","protected":false},"excerpt":{"rendered":"Dacia abre los pedidos del nuevo Sandero Hybrid 155 con tecnolog\u00eda de origen nacional, etiqueta ECO y un&hellip;\n","protected":false},"author":2,"featured_media":744169,"comment_status":"","ping_status":"","sticky":false,"template":"","format":"standard","meta":{"footnotes":""},"categories":[80],"tags":[82,95,94,25,24,23],"class_list":["post-744168","post","type-post","status-publish","format-standard","has-post-thumbnail","category-economia","tag-business","tag-economia","tag-economy","tag-es","tag-espana","tag-spain"],"share_on_mastodon":{"url":"https:\/\/pubeurope.com\/@es\/117202097181805082","error":""},"_links":{"self":[{"href":"https:\/\/www.europesays.com\/es\/wp-json\/wp\/v2\/posts\/744168","targetHints":{"allow":["GET"]}}],"collection":[{"href":"https:\/\/www.europesays.com\/es\/wp-json\/wp\/v2\/posts"}],"about":[{"href":"https:\/\/www.europesays.com\/es\/wp-json\/wp\/v2\/types\/post"}],"author":[{"embeddable":true,"href":"https:\/\/www.europesays.com\/es\/wp-json\/wp\/v2\/users\/2"}],"replies":[{"embeddable":true,"href":"https:\/\/www.europesays.com\/es\/wp-json\/wp\/v2\/comments?post=744168"}],"version-history":[{"count":0,"href":"https:\/\/www.europesays.com\/es\/wp-json\/wp\/v2\/posts\/744168\/revisions"}],"wp:featuredmedia":[{"embeddable":true,"href":"https:\/\/www.europesays.com\/es\/wp-json\/wp\/v2\/media\/744169"}],"wp:attachment":[{"href":"https:\/\/www.europesays.com\/es\/wp-json\/wp\/v2\/media?parent=744168"}],"wp:term":[{"taxonomy":"category","embeddable":true,"href":"https:\/\/www.europesays.com\/es\/wp-json\/wp\/v2\/categories?post=744168"},{"taxonomy":"post_tag","embeddable":true,"href":"https:\/\/www.europesays.com\/es\/wp-json\/wp\/v2\/tags?post=744168"}],"curies":[{"name":"wp","href":"https:\/\/api.w.org\/{rel}","templated":true}]}}