{"id":744170,"date":"2026-09-02T15:13:13","date_gmt":"2026-09-02T15:13:13","guid":{"rendered":"https:\/\/www.europesays.com\/es\/744170\/"},"modified":"2026-09-02T15:13:13","modified_gmt":"2026-09-02T15:13:13","slug":"la-onu-pide-al-mundo-aceptar-que-el-calentamiento-global-superara-15-c","status":"publish","type":"post","link":"https:\/\/www.europesays.com\/es\/744170\/","title":{"rendered":"La ONU pide al mundo aceptar que el calentamiento global superar\u00e1 +1,5 \u00b0C"},"content":{"rendered":"<p>El a\u00f1o pasado, el secretario general de la ONU, Ant\u00f3nio Guterres, ya hab\u00eda admitido al igual que varios cient\u00edficos que sobrepasar la barrera de los 1,5 \u00b0C era inevitable, pero es la primera vez que una agencia de la ONU explora las formas de limitar los da\u00f1os una vez superado ese objetivo clim\u00e1tico.<\/p>\n<p>Los cient\u00edficos coinciden en que un calentamiento superior a 1,5 \u00b0C con respecto a la era preindustrial presenta graves riesgos, y cerca de 200 pa\u00edses se comprometieron en 2015 en Par\u00eds a intentar mantener el aumento de la temperatura global bajo ese umbral.<\/p>\n<p>Sin embargo, se prev\u00e9 que el planeta supere este objetivo en unos a\u00f1os. La atenci\u00f3n se centra ahora en la mejor manera de minimizar la intensidad y la duraci\u00f3n de cualquier per\u00edodo denominado de \u00absuperaci\u00f3n\u00bb de los 1,5 \u00b0C.<\/p>\n<p>En un informe muy esperado y publicado este mi\u00e9rcoles, el Programa de Naciones Unidas para el Medioambiente (PNUMA) afirma de manera inequ\u00edvoca que el objetivo no se alcanzar\u00e1 y que \u00abel desaf\u00edo ya no es evitar la superaci\u00f3n, sino gestionarla\u00bb.<\/p>\n<p>Impacto real<\/p>\n<p>Como caso concreto, cient\u00edficos y funcionarios de la regi\u00f3n del Pac\u00edfico advierten que, con este ritmo de calentamiento, las islas enfrentar\u00e1n escasez de alimentos, y que el agua potable se ver\u00e1 afectada por el aumento del nivel del mar.<\/p>\n<p>Andrew Jones, director general adjunto de la Comunidad del Pac\u00edfico alert\u00f3 que el at\u00fan migrar\u00e1 hacia el este, alej\u00e1ndose de los estados insulares donde se captura un tercio de ese pescado a nivel mundial.<\/p>\n<p>Adem\u00e1s, los pescadores costeros que alimentan a la poblaci\u00f3n isle\u00f1a perder\u00e1n el 65% de sus capturas, dijo.<\/p>\n<p>Aumentar\u00e1n las inundaciones y el agua salada invadir\u00e1 las reservas de agua potable, reduciendo la capacidad de vivir en las islas, a\u00f1adi\u00f3.<\/p>\n<p>Las islas del Pac\u00edfico buscan ayuda financiera para adaptarse al cambio clim\u00e1tico y medidas m\u00e1s estrictas por parte de los pa\u00edses desarrollados para frenar el uso de combustibles f\u00f3siles.<\/p>\n<p>\u00abVuelta a la realidad\u00bb<\/p>\n<p>\u00abEs una vuelta a la realidad. Debemos vivir con este mundo m\u00e1s c\u00e1lido (&#8230;), pero a\u00fan queda mucho por hacer para limitar el calentamiento\u00bb, dijo Richard Betts, coautor del informe y profesor de la Universidad brit\u00e1nica de Exeter, durante una conferencia de prensa el martes.<\/p>\n<p><img fetchpriority=\"low\" decoding=\"async\" src=\"https:\/\/www.europesays.com\/es\/wp-content\/uploads\/2026\/09\/40f866f0139544f6614b87c930159700a708500c.jpg\"   alt=\"Europa es el continente que se calienta con m\u00e1s rapidez\" style=\"max-height:1063px\" loading=\"lazy\" class=\"a-img \"\/><\/p>\n<p>                Europa es el continente que se calienta con m\u00e1s rapidez        \u00a9 Jonathan WALTER, Paz PIZARRO \/ AFP                                        <\/p>\n<p>El reporte \u00abse centra en las respuestas que se deben dar, en lugar de limitarse a constatar que el fen\u00f3meno est\u00e1 ocurriendo\u00bb, explic\u00f3.<\/p>\n<p>Es importante que los pol\u00edticos \u00abse den cuenta que las reglas del juego est\u00e1n cambiando\u00bb y que los enfoques actuales para combatir el cambio clim\u00e1tico ya no son adecuados, se\u00f1al\u00f3 por su parte Debra Roberts, otra de los coautores del documento.<\/p>\n<p>\u00abAhora debemos replantearnos nuestra gobernanza clim\u00e1tica para hacer frente a una trayectoria de superaci\u00f3n. Ninguno de nuestros planes est\u00e1 preparado para eso\u00bb, advirti\u00f3 la climat\u00f3loga sudafricana.<\/p>\n<p>Las conclusiones del informe han alarmado a las organizaciones activistas que se han movilizado en torno al objetivo del 1,5 \u00b0C desde que se consagr\u00f3 como la referencia m\u00e1s ambiciosa en materia clim\u00e1tica en el Acuerdo de Par\u00eds.<\/p>\n<p>\u00abUn momento desgarrador\u00bb<\/p>\n<p>\u00abEs un momento desgarrador, pero este rebasamiento no es motivo para bajar los brazos y renunciar al objetivo de 1,5 \u00b0C\u00bb, dijo Jasper Inventor, subdirector de programas de Greenpeace Internacional.<\/p>\n<p>Bill Hare, climat\u00f3logo y director del instituto de investigaci\u00f3n Climate Analytics, critic\u00f3 el informe, al considerar que corr\u00eda el riesgo de convertirse en \u00abun llamado a la apat\u00eda\u00bb en lugar de a la acci\u00f3n.<\/p>\n<p><img fetchpriority=\"low\" decoding=\"async\" src=\"https:\/\/www.europesays.com\/es\/wp-content\/uploads\/2026\/09\/716f1a08d72d5e4dd8dff0c8d7bd712002cc8c1d.jpg\"   alt=\"Temperatura de los oc\u00e9anos bate el r\u00e9cord de 2024\" style=\"max-height:1063px\" loading=\"lazy\" class=\"a-img \"\/><\/p>\n<p>                Temperatura de los oc\u00e9anos bate el r\u00e9cord de 2024        \u00a9 Jonathan WALTER, Sophie RAMIS \/ AFP                                        <\/p>\n<p>El mundo ya se ha calentado aproximadamente 1,4 \u00b0C desde el per\u00edodo 1850-1900, principalmente debido a la quema de combustibles f\u00f3siles. <\/p>\n<p>Cient\u00edficos afirman que superar los 1,5 \u00b0C podr\u00eda provocar fen\u00f3menos meteorol\u00f3gicos m\u00e1s extremos y acercar al planeta a puntos de inflexi\u00f3n como el colapso de los casquetes polares y la desaparici\u00f3n de los arrecifes de coral tropicales.<\/p>\n<p>\u00abNo habr\u00e1 un desenlace favorable si nos mantenemos por encima de 1,5 \u00b0C\u00bb, dijo el martes la directora ejecutiva del PNUMA, Inger Andersen, y destac\u00f3 que la adaptaci\u00f3n al cambio clim\u00e1tico ser\u00eda necesaria para salvar vidas y proteger la naturaleza.<\/p>\n<p>\u00abLa lucha por limitar el calentamiento a 1,5 grados es la lucha por la humanidad\u00bb, insisti\u00f3 Guterres.<\/p>\n<p>Para lograrlo, la captura de di\u00f3xido de carbono \u2014proceso que consiste en extraer el carbono del aire y almacenarlo\u2014 ser\u00eda esencial, junto con reducciones profundas y r\u00e1pidas de las emisiones, se\u00f1ala el informe.<\/p>\n<p class=\"t-copyright\">\u00a9 2026 AFP<\/p>\n","protected":false},"excerpt":{"rendered":"El a\u00f1o pasado, el secretario general de la ONU, Ant\u00f3nio Guterres, ya hab\u00eda admitido al igual que varios&hellip;\n","protected":false},"author":2,"featured_media":744171,"comment_status":"","ping_status":"","sticky":false,"template":"","format":"standard","meta":{"footnotes":""},"categories":[42],"tags":[17,18,13,14,11,61,62,63,64,19,20,9,10,15,16,12,21,22,65,66,67],"class_list":["post-744170","post","type-post","status-publish","format-standard","has-post-thumbnail","category-internacional","tag-breaking-news","tag-breakingnews","tag-featured-news","tag-featurednews","tag-headlines","tag-internacional","tag-international","tag-international-news","tag-internationalnews","tag-latest-news","tag-latestnews","tag-news","tag-noticias","tag-noticias-destacadas","tag-noticiasdestacadas","tag-titulares","tag-ultimas-noticias","tag-ultimasnoticias","tag-world","tag-world-news","tag-worldnews"],"share_on_mastodon":{"url":"https:\/\/pubeurope.com\/@es\/117202099037548237","error":""},"_links":{"self":[{"href":"https:\/\/www.europesays.com\/es\/wp-json\/wp\/v2\/posts\/744170","targetHints":{"allow":["GET"]}}],"collection":[{"href":"https:\/\/www.europesays.com\/es\/wp-json\/wp\/v2\/posts"}],"about":[{"href":"https:\/\/www.europesays.com\/es\/wp-json\/wp\/v2\/types\/post"}],"author":[{"embeddable":true,"href":"https:\/\/www.europesays.com\/es\/wp-json\/wp\/v2\/users\/2"}],"replies":[{"embeddable":true,"href":"https:\/\/www.europesays.com\/es\/wp-json\/wp\/v2\/comments?post=744170"}],"version-history":[{"count":0,"href":"https:\/\/www.europesays.com\/es\/wp-json\/wp\/v2\/posts\/744170\/revisions"}],"wp:featuredmedia":[{"embeddable":true,"href":"https:\/\/www.europesays.com\/es\/wp-json\/wp\/v2\/media\/744171"}],"wp:attachment":[{"href":"https:\/\/www.europesays.com\/es\/wp-json\/wp\/v2\/media?parent=744170"}],"wp:term":[{"taxonomy":"category","embeddable":true,"href":"https:\/\/www.europesays.com\/es\/wp-json\/wp\/v2\/categories?post=744170"},{"taxonomy":"post_tag","embeddable":true,"href":"https:\/\/www.europesays.com\/es\/wp-json\/wp\/v2\/tags?post=744170"}],"curies":[{"name":"wp","href":"https:\/\/api.w.org\/{rel}","templated":true}]}}