{"id":744172,"date":"2026-09-02T15:14:19","date_gmt":"2026-09-02T15:14:19","guid":{"rendered":"https:\/\/www.europesays.com\/es\/744172\/"},"modified":"2026-09-02T15:14:19","modified_gmt":"2026-09-02T15:14:19","slug":"la-musica-lleva-la-feria-a-las-residencias-de-daimiel-en-una-manana-marcada-por-la-tradicion-y-la-solidaridad","status":"publish","type":"post","link":"https:\/\/www.europesays.com\/es\/744172\/","title":{"rendered":"La m\u00fasica lleva la Feria a las residencias de Daimiel en una ma\u00f1ana marcada por la tradici\u00f3n y la solidaridad"},"content":{"rendered":"<p>Los fondos obtenidos permiten atender las necesidades que van surgiendo durante el a\u00f1o entre las personas y familias m\u00e1s vulnerables, especialmente mediante ayudas de alimentaci\u00f3n y otros recursos. Roncero ha animado adem\u00e1s a mantener la colaboraci\u00f3n m\u00e1s all\u00e1 de esta jornada, bien mediante donaciones o haci\u00e9ndose socio de la organizaci\u00f3n.<\/p>\n<p>Por su parte, el t\u00e9cnico de emergencias Juan Enrique Garc\u00eda Prieto ha hablado de la dificultad emocional que supone enfrentarse a situaciones de emergencia. \u201cMuchas veces sientes impotencia por no poder hacer nada\u201d, ha reconocido, reivindicando al mismo tiempo la disposici\u00f3n de los equipos de Cruz Roja para prestar ayuda cuando son requeridos.<\/p>\n<p><strong>La Virgen de las Cruces tendr\u00e1 su espacio en la capilla de la Plaza de Toros<\/strong><br \/>Otra de las estampas de esta jornada ha tenido como protagonista a la Virgen de las Cruces, cuya imagen estar\u00e1 presente en la capilla de la Plaza de Toros de Daimiel gracias a la donaci\u00f3n realizada por la Hermandad de la Virgen de las Cruces a la Pe\u00f1a Taurina.<\/p>\n<p>El acto ha contado con la presencia del presidente de la Hermandad, Manuel Vicente L\u00f3pez de la Nieta; el presidente de la Pe\u00f1a Taurina, Javier Romero; el secretario de la Pe\u00f1a, Paco C\u00f3rdoba, y el alcalde, Leopoldo Sierra.<\/p>\n<p>  <img loading=\"lazy\" decoding=\"async\" src=\"https:\/\/www.europesays.com\/es\/wp-content\/uploads\/2026\/09\/dsc_0223_2.jpg\" width=\"800\" height=\"535\" alt=\"Acto de entrega de la talla\" typeof=\"foaf:Image\" class=\"img-fluid\"\/><br \/>\nActo de entrega de la talla<\/p>\n<p>Se trata de un gesto que incorpora la presencia de la patrona de Daimiel a este espacio de la Plaza de Toros, vinculando devoci\u00f3n y tradici\u00f3n en el marco de la Feria.<\/p>\n<p><strong>Caballos y tradici\u00f3n con el D\u00eda de la Cuerda<\/strong><br \/>La programaci\u00f3n ha continuado con otra de las citas tradicionales de este 2 de septiembre: el D\u00eda de la Cuerda, organizado por la Pe\u00f1a Equina Rocinante.<\/p>\n<p>La jornada ha congregado en el recinto ferial a jinetes, amazonas y carruajes y ha incluido la tradicional carrera de cintas, con la participaci\u00f3n de alrededor de una docena de participantes.<\/p>\n<p>El acto se ha iniciado con el tradicional corte de cinta, en el que han participado el alcalde, Leopoldo Sierra; el presidente de la Pe\u00f1a Equina Rocinante, Miguel G\u00f3mez-Lim\u00f3n; la mayorala, Antonia Ruiz, y el mayoral, Manuel S\u00e1nchez.<\/p>\n<p>G\u00f3mez-Lim\u00f3n ha destacado el significado de esta jornada para los integrantes de la Pe\u00f1a, al tratarse de \u201cuno de los d\u00edas de feria que los animales salen a la feria\u201d y una oportunidad para \u201crememorar lo que antes era una feria, que normalmente era de ganado\u201d.<\/p>\n","protected":false},"excerpt":{"rendered":"Los fondos obtenidos permiten atender las necesidades que van surgiendo durante el a\u00f1o entre las personas y familias&hellip;\n","protected":false},"author":2,"featured_media":744173,"comment_status":"","ping_status":"","sticky":false,"template":"","format":"standard","meta":{"footnotes":""},"categories":[8],"tags":[17,18,14367,3010,25,24,13,14,11,19,20,446,9,10,15,16,14100,23,12,21,22],"class_list":["post-744172","post","type-post","status-publish","format-standard","has-post-thumbnail","category-espana","tag-breaking-news","tag-breakingnews","tag-caballos","tag-daimiel","tag-es","tag-espana","tag-featured-news","tag-featurednews","tag-headlines","tag-latest-news","tag-latestnews","tag-mayores","tag-news","tag-noticias","tag-noticias-destacadas","tag-noticiasdestacadas","tag-solidaridad","tag-spain","tag-titulares","tag-ultimas-noticias","tag-ultimasnoticias"],"share_on_mastodon":{"url":"https:\/\/pubeurope.com\/@es\/117202103761171270","error":""},"_links":{"self":[{"href":"https:\/\/www.europesays.com\/es\/wp-json\/wp\/v2\/posts\/744172","targetHints":{"allow":["GET"]}}],"collection":[{"href":"https:\/\/www.europesays.com\/es\/wp-json\/wp\/v2\/posts"}],"about":[{"href":"https:\/\/www.europesays.com\/es\/wp-json\/wp\/v2\/types\/post"}],"author":[{"embeddable":true,"href":"https:\/\/www.europesays.com\/es\/wp-json\/wp\/v2\/users\/2"}],"replies":[{"embeddable":true,"href":"https:\/\/www.europesays.com\/es\/wp-json\/wp\/v2\/comments?post=744172"}],"version-history":[{"count":0,"href":"https:\/\/www.europesays.com\/es\/wp-json\/wp\/v2\/posts\/744172\/revisions"}],"wp:featuredmedia":[{"embeddable":true,"href":"https:\/\/www.europesays.com\/es\/wp-json\/wp\/v2\/media\/744173"}],"wp:attachment":[{"href":"https:\/\/www.europesays.com\/es\/wp-json\/wp\/v2\/media?parent=744172"}],"wp:term":[{"taxonomy":"category","embeddable":true,"href":"https:\/\/www.europesays.com\/es\/wp-json\/wp\/v2\/categories?post=744172"},{"taxonomy":"post_tag","embeddable":true,"href":"https:\/\/www.europesays.com\/es\/wp-json\/wp\/v2\/tags?post=744172"}],"curies":[{"name":"wp","href":"https:\/\/api.w.org\/{rel}","templated":true}]}}