{"id":744182,"date":"2026-09-02T15:25:10","date_gmt":"2026-09-02T15:25:10","guid":{"rendered":"https:\/\/www.europesays.com\/es\/744182\/"},"modified":"2026-09-02T15:25:10","modified_gmt":"2026-09-02T15:25:10","slug":"ines-garcia-se-viste-de-novia-para-acompanar-a-lamine-yamal-en-la-alfombra-roja-de-los-premios-de-la-afe","status":"publish","type":"post","link":"https:\/\/www.europesays.com\/es\/744182\/","title":{"rendered":"In\u00e9s Garc\u00eda se viste de novia para acompa\u00f1ar a Lamine Yamal en la alfombra roja de los premios de la AFE"},"content":{"rendered":"<p class=\"c-paragraph\">Durante todo este verano, Lamine Yamal e In\u00e9s Garc\u00eda han estado en el punto de mira.<b> La influencer se convirti\u00f3 en una de las WAG&#8217;s m\u00e1s queridas en Instagram durante el Mundial<\/b>, apoyando a su novio en todos los partidos de la selecci\u00f3n llevando las dos versiones de la camiseta oficial en estilismos que no dejamos de copiar para los cuartos, semis y el final.<\/p>\n<p class=\"c-paragraph\">A partir de este momento, la cuenta de In\u00e9s explot\u00f3, llegando a los m\u00e1s de 4 millones de seguidores, con <b>el mundo pendiente de cada conjunto que se pon\u00eda y, sobre todo, de su estilo.<\/b> Aunque hace unos a\u00f1os apostaba por los con una est\u00e9tica Y2K muy marcada con vaqueros oversize de tiro bajo, tonos metalizados, ahora sus publicaciones con vestidos glamurosos y looks sofisticados son un im\u00e1n de likes.<\/p>\n<p class=\"c-paragraph\">Junto a Lamine, <b>se han convertido en una de las power couples favoritas de la generaci\u00f3n Z <\/b>y cada aparici\u00f3n que hacen juntos se convierte en noticia. Sin embargo, \u00faltimamente, sus nombres han estado en el centro de la pol\u00e9mica por una posible ruptura, rumores que r\u00e1pidamente quedaron descartados al celebrar juntos el cumplea\u00f1os del extremo del FC Barcelona.<\/p>\n<p>El vestido &#8216;bridal&#8217; que In\u00e9s Grac\u00eda comparte con Hailey Bieber<\/p>\n<p class=\"c-paragraph\">Ahora, durante la gala anual de entrega de los <b>Premios de la Asociaci\u00f3n de Futbolistas Espa\u00f1oles<\/b>, han demostrado que est\u00e1n mejor que nunca, posando en su primera alfombra roja juntos con constantes muestras de cari\u00f1o, mientras nos impresionaban ambos con sus looks.<\/p>\n<p class=\"c-paragraph\">Pero, como era de esperar, el estilismo que acapar\u00f3 todas las miradas fue el de In\u00e9s Garc\u00eda, que se apuntaba al bridal-core con <b>un vestido de la firma espa\u00f1ola Marta Mart\u00ed<\/b>, de dise\u00f1o sencillo, pero totalmente impactante. Destacaba por su <b>estilo minimalista creado en una seda satinada y escote palabra de honor<\/b>. Un look que completaba con pendiente de diamantes de Serti sur Vide y sandalias de tac\u00f3n de Cadadei.<\/p>\n<p class=\"c-paragraph\">El resultado es un conjunto sencillo pero efectivo, que nos recuerda mucho al <b>vestido de Saint Laurent que llev\u00f3 Hailey Bieber<\/b> en la gala de los premios Grammy del 2022. Ella, en su lugar, se decant\u00f3 por dos collares Elsa Peretti de Tiffany &amp; Co., pendientes largos a juego y un anillo.<\/p>\n<p class=\"c-paragraph\">Al igual que pas\u00f3 en su momento con Hailey, el vestido de Marta Mart\u00ed de In\u00e9s Garc\u00eda ha destacado por su elegancia y sencillez, postul\u00e1ndose como uno de los<b> vestidos tendencia para aquellas novias que quieran un estilo minimalista <\/b>para el d\u00eda de su boda<b>,<\/b> pero <b>sin perder\u00a0ese toque chic y sofisticado<\/b> que marca la diferencia.<\/p>\n","protected":false},"excerpt":{"rendered":"Durante todo este verano, Lamine Yamal e In\u00e9s Garc\u00eda han estado en el punto de mira. La influencer&hellip;\n","protected":false},"author":2,"featured_media":744183,"comment_status":"","ping_status":"","sticky":false,"template":"","format":"standard","meta":{"footnotes":""},"categories":[174],"tags":[132021,255,146,147,25,24,256,123822,8138,132020,23,132022],"class_list":["post-744182","post","type-post","status-publish","format-standard","has-post-thumbnail","category-famosos","tag-bridal-core","tag-celebrities","tag-entertainment","tag-entretenimiento","tag-es","tag-espana","tag-famosos","tag-ines-garcia","tag-lamine-yamal","tag-premios-afe","tag-spain","tag-wags"],"share_on_mastodon":{"url":"https:\/\/pubeurope.com\/@es\/117202146163343709","error":""},"_links":{"self":[{"href":"https:\/\/www.europesays.com\/es\/wp-json\/wp\/v2\/posts\/744182","targetHints":{"allow":["GET"]}}],"collection":[{"href":"https:\/\/www.europesays.com\/es\/wp-json\/wp\/v2\/posts"}],"about":[{"href":"https:\/\/www.europesays.com\/es\/wp-json\/wp\/v2\/types\/post"}],"author":[{"embeddable":true,"href":"https:\/\/www.europesays.com\/es\/wp-json\/wp\/v2\/users\/2"}],"replies":[{"embeddable":true,"href":"https:\/\/www.europesays.com\/es\/wp-json\/wp\/v2\/comments?post=744182"}],"version-history":[{"count":0,"href":"https:\/\/www.europesays.com\/es\/wp-json\/wp\/v2\/posts\/744182\/revisions"}],"wp:featuredmedia":[{"embeddable":true,"href":"https:\/\/www.europesays.com\/es\/wp-json\/wp\/v2\/media\/744183"}],"wp:attachment":[{"href":"https:\/\/www.europesays.com\/es\/wp-json\/wp\/v2\/media?parent=744182"}],"wp:term":[{"taxonomy":"category","embeddable":true,"href":"https:\/\/www.europesays.com\/es\/wp-json\/wp\/v2\/categories?post=744182"},{"taxonomy":"post_tag","embeddable":true,"href":"https:\/\/www.europesays.com\/es\/wp-json\/wp\/v2\/tags?post=744182"}],"curies":[{"name":"wp","href":"https:\/\/api.w.org\/{rel}","templated":true}]}}