{"id":744184,"date":"2026-09-02T15:29:26","date_gmt":"2026-09-02T15:29:26","guid":{"rendered":"https:\/\/www.europesays.com\/es\/744184\/"},"modified":"2026-09-02T15:29:26","modified_gmt":"2026-09-02T15:29:26","slug":"movistar-plus-estrena-creednos-la-serie-basada-en-un-hecho-real-que-pone-contra-las-cuerdas-al-sistema-judicial-britanico","status":"publish","type":"post","link":"https:\/\/www.europesays.com\/es\/744184\/","title":{"rendered":"Movistar Plus estrena &#8216;Creednos&#8217;, la serie basada en un hecho real que pone contra las cuerdas al sistema judicial brit\u00e1nico"},"content":{"rendered":"<p class=\"article-text\">\n        <a href=\"https:\/\/www.eldiario.es\/vertele\/temas\/movistar-plus\/\" data-mrf-recirculation=\"links-noticia\" class=\"link\" rel=\"nofollow noopener\" target=\"_blank\">Movistar Plus<\/a> estrena este jueves 3 de septiembre <strong>Creednos<\/strong>, una miniserie brit\u00e1nica <a href=\"https:\/\/www.eldiario.es\/vertele\/temas\/hechos-reales\/\" data-mrf-recirculation=\"links-noticia\" class=\"link\" rel=\"nofollow noopener\" target=\"_blank\">basada en hechos reales<\/a> que recupera uno de los mayores esc\u00e1ndalos judiciales del Reino Unido. La ficci\u00f3n, escrita por <strong>Jeff Pope<\/strong>, convierte en protagonistas a las mujeres que denunciaron haber sido v\u00edctimas del mismo agresor sexual y que tuvieron que librar una segunda batalla para conseguir que sus testimonios fueran tomados en serio.\n    <\/p>\n<p>    <a href=\"https:\/\/www.eldiario.es\/vertele\/series\/netflix-recupera-the-gentlemen-segunda-temporada-eleva-apuesta-criminal-guy-ritchie-vt_1_13478651.html\" data-mrf-recirculation=\"saber-mas\" data-dl-event=\"saber-mas\" rel=\"nofollow noopener\" target=\"_blank\"><\/p>\n<p class=\"know-more__title\">Netflix recupera &#8216;The Gentlemen&#8217; con una temporada 2 que eleva la apuesta criminal de Guy Ritchie<\/p>\n<p>            <img decoding=\"async\" class=\"lazy\" loading=\"lazy\" data-src=\"https:\/\/static.eldiario.es\/clip\/4572077c-532b-4a57-9f54-23cf4db519c1_16-9-aspect-ratio_default_0.jpg\" src=\"data:image\/svg+xml,%3Csvg xmlns=\" http:=\"\" viewbox=\"0 0 880 495\" alt=\"Netflix recupera 'The Gentlemen' con una temporada 2 que eleva la apuesta criminal de Guy Ritchie\"\/><\/p>\n<p>                        <\/a><\/p>\n<p class=\"article-text\">\n        La plataforma ofrecer\u00e1 la producci\u00f3n completa desde el d\u00eda de su estreno, <strong>con tres episodios disponibles para ver<\/strong>. La propuesta parte de un planteamiento especialmente inc\u00f3modo: en este caso, identificar al agresor no era necesariamente el mayor obst\u00e1culo para hacer justicia. <strong>El verdadero problema estaba en conseguir que alguien creyera a las v\u00edctimas<\/strong>. Mientras el depredador continuaba actuando durante a\u00f1os, ellas tuvieron que enfrentarse a prejuicios, errores policiales y a un sistema judicial incapaz de responder adecuadamente a sus denuncias.\n    <\/p>\n<p>    Una historia real sobre un depredador sexual<\/p>\n<p class=\"article-text\">\n        <strong>Creednos <\/strong>se inspira en el caso de <strong>John Worboys<\/strong>, un taxista londinense que fue condenado por m\u00faltiples agresiones sexuales y que se convirti\u00f3 en el centro de uno de los casos que m\u00e1s cuestionaron la actuaci\u00f3n de la polic\u00eda y de la justicia brit\u00e1nicas. La ficci\u00f3n no plantea, sin embargo, un relato convencional sobre la persecuci\u00f3n de un criminal.\n    <\/p>\n<p class=\"article-text\">\n        El propio punto de partida de la serie <strong>consiste en apartar al agresor del centro de la narraci\u00f3n para observar las consecuencias que sus actos tuvieron sobre las mujeres<\/strong> y, especialmente, el recorrido al que se vieron obligadas despu\u00e9s de denunciar. Ese planteamiento permite que la serie se acerque al terreno del <a href=\"https:\/\/www.eldiario.es\/vertele\/temas\/true-crime\/\" data-mrf-recirculation=\"links-noticia\" class=\"link\" rel=\"nofollow noopener\" target=\"_blank\"><strong>true crime<\/strong><\/a><strong> desde una perspectiva diferente<\/strong>. El suspense no depende \u00fanicamente de descubrir qui\u00e9n cometi\u00f3 los delitos, sino de comprobar hasta d\u00f3nde puede llegar la indiferencia institucional cuando las v\u00edctimas no reciben la credibilidad que necesitan. <a href=\"https:\/\/www.eldiario.es\/vertele\/temas\/movistar-plus\/\" data-mrf-recirculation=\"links-noticia\" class=\"link\" rel=\"nofollow noopener\" target=\"_blank\">Movistar Plus<\/a> resume precisamente su propuesta con una idea contundente: tambi\u00e9n fue un crimen no escucharlas.\n    <\/p>\n<p>    Cuando denunciar no es suficiente<\/p>\n<p class=\"article-text\">\n        Uno de los elementos m\u00e1s importantes de <strong>Creednos <\/strong>es la dimensi\u00f3n colectiva de la historia. Varias mujeres denuncian por separado lo que les ha ocurrido y, con el tiempo, comienzan a descubrir que sus experiencias tienen un elemento en com\u00fan: todas han sido v\u00edctimas del mismo hombre. El descubrimiento cambia la perspectiva. Lo que inicialmente parecen casos aislados empieza a revelar un patr\u00f3n y obliga a cuestionar <strong>por qu\u00e9 las autoridades no fueron capaces de conectar las denuncias antes<\/strong>.\n    <\/p>\n<p class=\"article-text\">\n        La serie reconstruye as\u00ed una lucha que va mucho m\u00e1s all\u00e1 de encontrar al responsable. Las protagonistas deben conseguir que sus testimonios sean considerados, superar los prejuicios asociados a las agresiones sexuales y enfrentarse a una maquinaria institucional que no respondi\u00f3 cuando deber\u00eda haberlo hecho. El resultado es un <strong>thriller dram\u00e1tico<\/strong> que utiliza un caso criminal para hablar tambi\u00e9n de <strong>credibilidad, impunidad y responsabilidad institucional<\/strong>. La investigaci\u00f3n policial deja de ser el \u00fanico eje de la historia y adquiere una dimensi\u00f3n m\u00e1s amplia: qu\u00e9 ocurre cuando las personas que deber\u00edan proteger a las v\u00edctimas terminan convirti\u00e9ndose en otro obst\u00e1culo para conseguir justicia.\n    <\/p>\n<p>    Aim\u00e9e-Ffion Edwards lidera el reparto<\/p>\n<p class=\"article-text\">\n        La protagonista de <strong>Creednos<\/strong> es <strong>Aim\u00e9e-Ffion Edwards<\/strong>, que interpreta a Sarah, una de las primeras mujeres que denuncia las agresiones. Su personaje termina convirti\u00e9ndose en una figura fundamental dentro de la lucha colectiva de las supervivientes. Edwards es conocida por sus trabajos en series como <strong>Slow Horses<\/strong> y <a href=\"https:\/\/www.eldiario.es\/vertele\/temas\/peaky-blinders\/\" data-mrf-recirculation=\"links-noticia\" class=\"link\" rel=\"nofollow noopener\" target=\"_blank\"><strong>Peaky Blinders<\/strong><\/a>, y encabeza un reparto que apuesta por situar las experiencias de las v\u00edctimas en primer plano.\n    <\/p>\n<p class=\"article-text\">\n        Junto a ella aparecen <strong>Aasiya Shah<\/strong>, en el papel de Laila, una joven estudiante que experimenta de primera mano el coste de no ser escuchada por las instituciones, y <strong>Miriam Petche<\/strong>, que interpreta a Carrie, personaje inspirado en una de las supervivientes que desempe\u00f1\u00f3 un papel decisivo para impedir la liberaci\u00f3n anticipada del agresor. El reparto principal se completa con <strong>Daniel Mays<\/strong>, que interpreta a John Worboys, el agresor real alrededor del que se articula el caso.\n    <\/p>\n<p>    Jeff Pope, un especialista en historias reales<\/p>\n<p class=\"article-text\">\n        El guion corre a cargo de <strong>Jeff Pope<\/strong>, uno de los nombres m\u00e1s reconocidos de la televisi\u00f3n brit\u00e1nica cuando se trata de llevar a la pantalla historias reales con una importante dimensi\u00f3n social. Pope ha participado en t\u00edtulos como <strong>Philomen, A  Confession, The Walk-In <\/strong>y <strong>Archie<\/strong><strong>,<\/strong> y en <strong>Creednos<\/strong> vuelve a trabajar sobre un caso en el que el inter\u00e9s no reside \u00fanicamente en reconstruir unos hechos, sino en analizar sus consecuencias y el comportamiento de las instituciones implicadas.\n    <\/p>\n<p>    Un caso que provoc\u00f3 dudas sobre la justicia brit\u00e1nica<\/p>\n<p class=\"article-text\">\n        La historia que inspira <strong>Creednos<\/strong> termin\u00f3 convirti\u00e9ndose en un caso especialmente controvertido en Reino Unido. Las denuncias de distintas mujeres permitieron poner en cuesti\u00f3n la actuaci\u00f3n de las autoridades y evidenciaron los problemas existentes a la hora de investigar determinados delitos sexuales. Por eso, la ficci\u00f3n no se limita a reconstruir una sucesi\u00f3n de agresiones. Tambi\u00e9n muestra c\u00f3mo la falta de coordinaci\u00f3n, los errores y los prejuicios <strong>pueden tener consecuencias directas sobre las v\u00edctimas y permitir que un agresor contin\u00fae actuando<\/strong>.\n    <\/p>\n<p>    <a href=\"https:\/\/www.eldiario.es\/vertele\/noticias\/reina-roja-fecha-regreso-loba-negra-estrena-trailer-llegara-prime-video-octubre-vt_1_13482381.html\" data-mrf-recirculation=\"saber-mas-abajo\" data-dl-event=\"saber-mas-abajo\" rel=\"nofollow noopener\" target=\"_blank\"><\/p>\n<p class=\"know-more__title\">Prime Video lanza el tr\u00e1iler y anuncia la fecha de estreno de &#8216;Loba Negra&#8217;, la temporada 2 de su serie &#8216;Reina Roja&#8217;\n<\/p>\n<p>            <img decoding=\"async\" class=\"lazy\" loading=\"lazy\" data-src=\"https:\/\/static.eldiario.es\/clip\/5303bf8f-4d3b-4621-ac63-a30c7ca5550e_16-9-aspect-ratio_default_0.jpg\" src=\"data:image\/svg+xml,%3Csvg xmlns=\" http:=\"\" viewbox=\"0 0 880 495\" alt=\"Prime Video lanza el tr\u00e1iler y anuncia la fecha de estreno de 'Loba Negra', la temporada 2 de su serie 'Reina Roja'\"\/><\/p>\n<p>                        <\/a><\/p>\n<p class=\"article-text\">\n        <strong>Creednos <\/strong>estar\u00e1 disponible <strong>al completo desde este jueves 3 de septiembre en <\/strong><a href=\"https:\/\/www.eldiario.es\/vertele\/temas\/movistar-plus\/\" data-mrf-recirculation=\"links-noticia\" class=\"link\" rel=\"nofollow noopener\" target=\"_blank\"><strong>Movistar Plus<\/strong><\/a>. La plataforma publicara sus tres episodios en su estreno, de modo que los espectadores podr\u00e1n recorrer de una vez la historia de las mujeres que decidieron unir fuerzas para reclamar justicia. Esta nueva recomendaci\u00f3n de la secci\u00f3n Un serie al d\u00eda de verTele plantea as\u00ed una historia inc\u00f3moda sobre la impunidad y sobre la dificultad de conseguir justicia cuando las propias instituciones cuestionan a quienes denuncian. La serie nos lanza una pregunta que sigue siendo plenamente vigente: <strong>\u00bfqu\u00e9 ocurre cuando las v\u00edctimas hablan y el sistema decide no escucharlas?<\/strong>\n    <\/p>\n","protected":false},"excerpt":{"rendered":"Movistar Plus estrena este jueves 3 de septiembre Creednos, una miniserie brit\u00e1nica basada en hechos reales que recupera&hellip;\n","protected":false},"author":2,"featured_media":744185,"comment_status":"","ping_status":"","sticky":false,"template":"","format":"standard","meta":{"footnotes":""},"categories":[171],"tags":[5830,132023,11536,146,147,25,24,448,7531,5012,303,7741,1150,798,7019,23,214,118621],"class_list":["post-744184","post","type-post","status-publish","format-standard","has-post-thumbnail","category-tv","tag-britanico","tag-creednos","tag-cuerdas","tag-entertainment","tag-entretenimiento","tag-es","tag-espana","tag-historia","tag-judicial","tag-llega","tag-movistar","tag-plus","tag-pone","tag-real","tag-sistema","tag-spain","tag-tv","tag-vt"],"share_on_mastodon":{"url":"https:\/\/pubeurope.com\/@es\/117202162031251650","error":""},"_links":{"self":[{"href":"https:\/\/www.europesays.com\/es\/wp-json\/wp\/v2\/posts\/744184","targetHints":{"allow":["GET"]}}],"collection":[{"href":"https:\/\/www.europesays.com\/es\/wp-json\/wp\/v2\/posts"}],"about":[{"href":"https:\/\/www.europesays.com\/es\/wp-json\/wp\/v2\/types\/post"}],"author":[{"embeddable":true,"href":"https:\/\/www.europesays.com\/es\/wp-json\/wp\/v2\/users\/2"}],"replies":[{"embeddable":true,"href":"https:\/\/www.europesays.com\/es\/wp-json\/wp\/v2\/comments?post=744184"}],"version-history":[{"count":0,"href":"https:\/\/www.europesays.com\/es\/wp-json\/wp\/v2\/posts\/744184\/revisions"}],"wp:featuredmedia":[{"embeddable":true,"href":"https:\/\/www.europesays.com\/es\/wp-json\/wp\/v2\/media\/744185"}],"wp:attachment":[{"href":"https:\/\/www.europesays.com\/es\/wp-json\/wp\/v2\/media?parent=744184"}],"wp:term":[{"taxonomy":"category","embeddable":true,"href":"https:\/\/www.europesays.com\/es\/wp-json\/wp\/v2\/categories?post=744184"},{"taxonomy":"post_tag","embeddable":true,"href":"https:\/\/www.europesays.com\/es\/wp-json\/wp\/v2\/tags?post=744184"}],"curies":[{"name":"wp","href":"https:\/\/api.w.org\/{rel}","templated":true}]}}